{"id":29931,"date":"2026-01-29T09:54:30","date_gmt":"2026-01-29T09:54:30","guid":{"rendered":"https:\/\/missionnairesmontfortains.fr\/sitevaovao\/?p=29931"},"modified":"2026-01-29T10:09:56","modified_gmt":"2026-01-29T10:09:56","slug":"priere-pour-les-vocations-fevrier-2026","status":"publish","type":"post","link":"https:\/\/missionnairesmontfortains.fr\/sitevaovao\/priere-pour-les-vocations-fevrier-2026\/","title":{"rendered":"Pri\u00e8re pour les Vocations &#8211; F\u00e9vrier 2026"},"content":{"rendered":"\t\t<div data-elementor-type=\"wp-post\" data-elementor-id=\"29931\" class=\"elementor elementor-29931\">\n\t\t\t\t<div class=\"elementor-element elementor-element-3c7dc2cd e-flex e-con-boxed e-con e-parent\" data-id=\"3c7dc2cd\" data-element_type=\"container\" data-e-type=\"container\">\n\t\t\t\t\t<div class=\"e-con-inner\">\n\t\t<div class=\"elementor-element elementor-element-42794e61 e-con-full e-flex e-con e-child\" data-id=\"42794e61\" data-element_type=\"container\" data-e-type=\"container\">\n\t\t\t\t<div class=\"elementor-element elementor-element-254fe92e e-transform elementor-widget elementor-widget-text-editor\" data-id=\"254fe92e\" data-element_type=\"widget\" data-e-type=\"widget\" data-settings=\"{&quot;_transform_translateX_effect&quot;:{&quot;unit&quot;:&quot;px&quot;,&quot;size&quot;:&quot;&quot;,&quot;sizes&quot;:[]},&quot;_transform_translateX_effect_tablet&quot;:{&quot;unit&quot;:&quot;px&quot;,&quot;size&quot;:&quot;&quot;,&quot;sizes&quot;:[]},&quot;_transform_translateX_effect_mobile&quot;:{&quot;unit&quot;:&quot;px&quot;,&quot;size&quot;:&quot;&quot;,&quot;sizes&quot;:[]},&quot;_transform_translateY_effect&quot;:{&quot;unit&quot;:&quot;px&quot;,&quot;size&quot;:&quot;&quot;,&quot;sizes&quot;:[]},&quot;_transform_translateY_effect_tablet&quot;:{&quot;unit&quot;:&quot;px&quot;,&quot;size&quot;:&quot;&quot;,&quot;sizes&quot;:[]},&quot;_transform_translateY_effect_mobile&quot;:{&quot;unit&quot;:&quot;px&quot;,&quot;size&quot;:&quot;&quot;,&quot;sizes&quot;:[]}}\" data-widget_type=\"text-editor.default\">\n\t\t\t\t<div class=\"elementor-widget-container\">\n\t\t\t\t\t\t\t\t\t<h3><span style=\"color: #117eae;\"><strong>Pri\u00e8re pour les vocations &#8211; F\u00e9vrier 2026<\/strong><\/span><\/h3><ol><li><strong> INTRODUCTION<\/strong><\/li><\/ol><p>La vocation est un don pr\u00e9cieux que Dieu s\u00e8me dans les c\u0153urs, un appel \u00e0 sortir de soi-m\u00eame pour s\u2019engager sur un chemin d\u2019amour et de service. Et toute vocation dans l\u2019\u00c9glise \u2013 qu\u2019elle soit la\u00efque, au minist\u00e8re ordonn\u00e9 ou \u00e0 la vie consacr\u00e9e \u2013 est un signe de l\u2019esp\u00e9rance que Dieu a pour le monde et pour chacun de ses enfants.<\/p><p>L\u2019\u00c9glise est vivante et f\u00e9conde lorsqu\u2019elle engendre de nouvelles vocations. Et le monde cherche, souvent inconsciemment, des t\u00e9moins d\u2019esp\u00e9rance annon\u00e7ant par leur vie que suivre le Christ est source de joie. Ne nous lassons donc pas de demander au Seigneur de nouveaux ouvriers pour sa moisson, certains qu\u2019Il continue \u00e0 appeler avec amour<\/p><ul><li><strong> CHANT D\u2019OUVERTURE\u00a0: \u00c9COUTE LA VOIX DU SEIGNEUR\u00a0<\/strong><\/li><\/ul><ol><li>\u00c9coute la voix du Seigneur,<br \/>Pr\u00eate l\u2019oreille de ton c\u0153ur.<br \/>Qui que tu sois, Ton Dieu t\u2019appelle,<br \/>qui que tu sois, Il est ton P\u00e8re.<\/li><\/ol><p><strong>REFRAIN<br \/><\/strong>TOI QUI AIMES LA VIE, O TOI QUI VEUX LE BONHEUR,<br \/>REPONDS EN FIDELE OUVRIER DE SA TR\u00c8S DOUCE VOLONTE.<br \/>REPONDS EN FIDELE OUVRIERDE L\u2019EVANGILE ET DE SA PAIX.<\/p><ol start=\"2\"><li>\u00c9coute la voix du Seigneur,<br \/>Pr\u00eate l\u2019oreille de ton c\u0153ur.<br \/>Tu entendras Que Dieu fait gr\u00e2ce,<br \/>Tu entendras, L\u2019Esprit d\u2019audace. <br \/>REF<\/li><li>\u00c9coute la voix du Seigneur,<br \/>Pr\u00eate l\u2019oreille de ton c\u0153ur.<br \/>Tu entendras, Grandir l\u2019\u00c9glise,<br \/>Tu entendras Sa paix promise. REF<\/li><\/ol><ol start=\"3\"><li><strong> PRIERE D\u2019OUVERTURE\u00a0: <\/strong><\/li><\/ol><p><strong>Seigneur,<\/strong> <strong>toi qui aimes chaque \u00eatre humain<\/strong> <strong>et qui appelles chacun par son nom,<\/strong> <strong>pose ton regard de tendresse<\/strong> <strong>sur celles et ceux qui cherchent aujourd\u2019hui<\/strong> <strong>leur vocation et leur chemin de vie.<\/strong><\/p><p><strong>Fais na\u00eetre en eux le d\u00e9sir profond<\/strong> <strong>de mieux te conna\u00eetre<\/strong> <strong>et de d\u00e9couvrir l\u2019appel que tu d\u00e9poses<\/strong> <strong>dans leur c\u0153ur.<\/strong> <strong>Accorde-leur la lumi\u00e8re de ton Esprit :<\/strong> <strong>un Esprit d\u2019amour, de confiance<\/strong> <strong>et de disponibilit\u00e9.<\/strong><\/p><p><strong>Dans leurs questions, leurs doutes<\/strong> <strong>et leurs aspirations,<\/strong> <strong>guide-les vers ce qui donnera sens<\/strong> <strong>\u00e0 leur existence.<\/strong> <strong>Aide-les \u00e0 reconna\u00eetre les talents<\/strong> <strong>que tu leur as confi\u00e9s<\/strong> <strong>et \u00e0 les mettre au service<\/strong> <strong>de leurs fr\u00e8res et s\u0153urs,<\/strong> <strong>pour que leur vie devienne un lieu<\/strong> <strong>o\u00f9 ta joie peut rayonner.<\/strong> <strong>Seigneur, accompagne-les<\/strong> <strong>sur le chemin o\u00f9 tu les attends.<\/strong><\/p><ol start=\"4\"><li><strong>&#8211; LECTURE : Texte du p\u00e8re de Montfort sur la vocation et la mission<\/strong><\/li><\/ol><p>La Sagesse ne donne pas seulement \u00e0 l&rsquo;homme ses lumi\u00e8res pour conna\u00eetre la v\u00e9rit\u00e9, mais encore une capacit\u00e9 merveilleuse pour la faire conna\u00eetre aux autres. La Sagesse a la connaissance de ce qu&rsquo;on dit, et elle communique la science de le bien dire, parce que c&rsquo;est elle qui a ouvert la bouche \u00e0 des muets et a rendu \u00e9loquents les langues des enfants. Elle d\u00e9lia la langue de Mo\u00efse, qui \u00e9tait emp\u00each\u00e9e. Elle donna ses paroles aux proph\u00e8tes pour arracher, pour d\u00e9truire, pour dissiper, pour b\u00e2tir et pour planter, quoiqu&rsquo;ils avouassent qu&rsquo;ils ne savaient d&rsquo;eux-m\u00eames pas mieux parler que des enfants. Ce fut la Sagesse qui donna aux Ap\u00f4tres la facilit\u00e9 de pr\u00eacher partout l&rsquo;\u00c9vangile et annoncer les merveilles de. Elle faisait de leur bouche un tr\u00e9sor de paroles. Comme la divine Sagesse est parole dans l&rsquo;\u00e9ternit\u00e9 et dans le temps, elle a toujours parl\u00e9, et sur sa parole tout a \u00e9t\u00e9 fait et tout a \u00e9t\u00e9 r\u00e9par\u00e9. Elle a parl\u00e9 par les proph\u00e8tes, par les Ap\u00f4tres, et elle parlera jusqu&rsquo;\u00e0 la fin des si\u00e8cles par la bouche de ceux \u00e0 qui elle se donnera. [ASE 95]<\/p><p><strong><em>Moment de silence :<\/em><\/strong><\/p><p><span style=\"font-size: 16px;\">La Mission est ouverte, Quittons tout pour la gagner, Car la perdre est une perte Qu&rsquo;on ne saurait r\u00e9parer. Profitons de ce saint temps, Car il passe, passe, passe, Profitons de ce saint temps, Car il passe vitement. (C.115)<\/span><\/p><p><span style=\"font-size: 16px;\">Voici le seul n\u00e9cessaire : Servir bien Dieu, se sauver. C&rsquo;est l\u00e0 notre unique affaire, Il y faut donc travailler. Je le veux de tout mon c\u0153ur, Gr\u00e2ce, gr\u00e2ce, gr\u00e2ce, gr\u00e2ce, Je le veux de tout mon c\u0153ur, Gr\u00e2ce \u00e0 J\u00e9sus, mon Sauveur. (C. 115)<\/span><\/p><ol start=\"5\"><li><strong> LITURGIE DE LA PAROLE<\/strong><\/li><\/ol><p><strong>Appel des premiers disciples<\/strong> (Matthieu 4, 18-22)<\/p><p>Comme il marchait le long de la mer de Galil\u00e9e, il vit deux fr\u00e8res, Simon, appel\u00e9 Pierre, et son fr\u00e8re Andr\u00e9, qui jetaient leurs filets dans la mer\u00a0; car c\u2019\u00e9taient des p\u00eacheurs.<br \/>J\u00e9sus leur dit\u00a0: \u00ab\u00a0Venez \u00e0 ma suite, et je vous ferai p\u00eacheurs d\u2019hommes.\u00a0\u00bb Aussit\u00f4t, laissant leurs filets, ils le suivirent.<\/p><p>De l\u00e0, il avan\u00e7a et il vit deux autres fr\u00e8res, Jacques, fils de Z\u00e9b\u00e9d\u00e9e, et son fr\u00e8re Jean, qui \u00e9taient dans la barque avec leur p\u00e8re, en train de r\u00e9parer leurs filets. Il les appela.<br \/>Aussit\u00f4t, laissant la barque et leur p\u00e8re, ils le suivirent.<\/p><p>J\u00e9sus parcourait toute la Galil\u00e9e\u00a0; il enseignait dans leurs synagogues, proclamait l\u2019\u00c9vangile du Royaume, gu\u00e9rissait toute maladie et toute infirmit\u00e9 dans le peuple.<\/p><p>\u00a0\u00a0\u00a0 \u2013 Acclamons la Parole de Dieu.<\/p><p><strong><em>M\u00e9ditation et pri\u00e8res :<\/em><\/strong><strong> \u00a0<\/strong><\/p><p>La Galil\u00e9e est un carrefour de peuples : commer\u00e7ants, p\u00eacheurs, paysans, juifs influenc\u00e9s par les pa\u00efens, parfois peu fid\u00e8les \u00e0 la Loi. J\u00e9sus se tourne d\u2019abord vers ceux qui semblent les plus \u00e9loign\u00e9s de Dieu, vers ces terres consid\u00e9r\u00e9es comme impures, marqu\u00e9es par le p\u00e9ch\u00e9 et les t\u00e9n\u00e8bres. Il va m\u00eame choisir ses premiers disciples parmi ces hommes simples. \u00c0 Pierre et Andr\u00e9, il dit : \u00ab Venez \u00e0 ma suite, je vous ferai p\u00eacheurs d\u2019hommes. \u00bb Il n\u2019appelle ni des savants ni des sp\u00e9cialistes de la Loi, mais des travailleurs ordinaires. Et il rend capables ceux qu\u2019il appelle.<\/p><p><strong>&#8212;-silence&#8212;-<\/strong><\/p><p><em>Seigneur J\u00e9sus, toi qui as appel\u00e9 des hommes simples au bord du lac, pose ton regard sur ceux qui cherchent aujourd\u2019hui leur vocation. Toi qui vas vers ceux qui se croient loin de Dieu, fais-leur entendre ta parole : \u201cViens \u00e0 ma suite.\u201d Donne-leur confiance, \u00e9claire leur chemin et rends-les capables de r\u00e9pondre \u00e0 ton appel. Avec Marie nous te prions\u00a0: AVE MARIA<\/em><\/p><p><strong>B<\/strong><\/p><p>La Galil\u00e9e, terre de m\u00e9lange et de fragilit\u00e9, devient le premier lieu o\u00f9 Dieu se r\u00e9v\u00e8le pleinement. Ces terres avaient connu l\u2019humiliation, la perte et le d\u00e9sespoir. C\u2019est dans cette r\u00e9alit\u00e9 douloureuse qu\u2019annon\u00e7ait d\u00e9j\u00e0 la promesse de Dieu. Ce message rejoint profond\u00e9ment nos propres exp\u00e9riences de t\u00e9n\u00e8bres : nos moments d\u2019incertitude, de peur, de lassitude ou d\u2019aridit\u00e9 spirituelle. La v\u00e9ritable lumi\u00e8re vient de Dieu. L\u00e0 o\u00f9 il y a t\u00e9n\u00e8bres aujourd\u2019hui, Dieu promet encore lumi\u00e8re, joie et libert\u00e9.<\/p><p><strong>&#8212;-silence&#8212;-<\/strong><\/p><p><em>Seigneur, toi qui fais lever la lumi\u00e8re sur les peuples qui marchent dans les t\u00e9n\u00e8bres, regarde celles et ceux qui traversent aujourd\u2019hui l\u2019incertitude, la peur ou la lassitude et qui cherchent leur vocation.<\/em><\/p><p><em>Dans leurs fragilit\u00e9s, fais briller ta promesse de joie et de libert\u00e9. L\u00e0 o\u00f9 ils voient obscurit\u00e9, fais na\u00eetre ta lumi\u00e8re. L\u00e0 o\u00f9 ils doutent, ouvre un chemin.<\/em><\/p><p><em>Que ton Esprit \u00e9claire leur discernement et leur donne la confiance de r\u00e9pondre \u00e0 l\u2019appel que tu murmures dans leur c\u0153ur. Toi qui te r\u00e9v\u00e8les au c\u0153ur m\u00eame de nos nuits, guide-les vers la vie que tu veux leur offrir<\/em>. <em>Avec Marie nous te prions\u00a0: AVE MARIA<\/em><\/p><p><strong>C<\/strong><\/p><p>Matthieu nous montre J\u00e9sus appelant ses disciples alors qu\u2019il marche au bord de la mer. L\u2019eau, le lac, la mer repr\u00e9sentent tout ce qui peut nous effrayer ou nous d\u00e9passer. J\u00e9sus appelle Pierre et Andr\u00e9 pendant qu\u2019ils p\u00eachent, sans doute le soir. Ils sont tout pr\u00e8s du rivage, non pas au large. Le Seigneur nous appelle souvent dans notre vie de tous les jours, dans des moments tr\u00e8s simples o\u00f9 nous n\u2019osons pas forc\u00e9ment aller plus loin, o\u00f9 nous restons en surface.<\/p><p><strong>&#8212;-silence&#8212;-<\/strong><\/p><p><em>Toi qui marches au bord de nos vies, regarde celles et ceux que tu appelles aujourd\u2019hui. Rejoins ceux qui h\u00e9sitent et qui ont peur d\u2019avancer. Fais-leur entendre ta voix qui murmure\u202f: \u00ab\u202fViens, suis-moi.\u202f\u00bb Donne-leur confiance et courage, et fais grandir en leur c\u0153ur le d\u00e9sir de te suivre dans la simplicit\u00e9 du quotidien. Avec Marie nous te prions\u00a0: AVE MARIA<\/em><\/p><p><strong>D<\/strong><\/p><p>J\u00e9sus appelle ensuite Jacques et Jean pendant qu\u2019ils r\u00e9parent leurs filets, sans doute en plein jour. Ce sont des hommes occup\u00e9s \u00e0 remettre en \u00e9tat ce qui s\u2019est ab\u00eem\u00e9. Cette sc\u00e8ne peut nous rappeler nos propres vies\u202f: certaines relations ou certaines situations que nous n\u2019arrivons jamais \u00e0 laisser derri\u00e8re nous et que nous tentons toujours de recoller tant bien que mal. J\u00e9sus leur demande de laisser leurs filets, comme pour dire qu\u2019il est peut-\u00eatre temps d\u2019oser quelque chose de nouveau. Ils sont invit\u00e9s \u00e0 participer \u00e0 l\u2019\u0153uvre de Dieu.<\/p><p><strong>&#8211;silence&#8212;<\/strong><\/p><p><em>Seigneur, regarde celles et ceux qui, comme Jacques et Jean, restent occup\u00e9s \u00e0 r\u00e9parer ce qui s\u2019est ab\u00eem\u00e9 dans leur vie. Au milieu de leurs h\u00e9sitations, fais entendre ton appel qui invite au neuf. Donne-leur la libert\u00e9 de laisser leurs \u00ab\u202ffilets\u202f\u00bb et le courage d\u2019oser le chemin o\u00f9 tu les attends. Qu\u2019ils d\u00e9couvrent, dans ta lumi\u00e8re, la vocation par laquelle tu les invites \u00e0 participer \u00e0 ton \u0153uvre. Avec Marie nous te prions\u00a0: AVE MARIA<\/em><\/p><p><strong>E<\/strong><\/p><p>On comprend alors que J\u00e9sus est rest\u00e9 sur la rive du soir jusqu\u2019au matin. Cela signifie que, dans la nuit de notre humanit\u00e9, il ne cesse jamais de nous appeler, de nous inviter \u00e0 changer et \u00e0 avancer. Dans cette nuit symbolique se trouvent toutes nos histoires, tous les moments o\u00f9 sa voix cherche \u00e0 nous rejoindre. C\u2019est pourquoi cet appel devient aussi un appel \u00e0 l\u2019esp\u00e9rance.<\/p><p><strong><em>&#8212;&#8212;silence&#8212;<\/em><\/strong><\/p><p><em>Seigneur J\u00e9sus, toi qui veilles sur nos nuits et ne cesses de nous appeler, regarde celles et ceux qui cherchent leur vocation. Dans l\u2019obscurit\u00e9 de leurs doutes, fais briller ta lumi\u00e8re. Que ta voix les rejoigne au c\u0153ur de leur histoire et leur ouvre un chemin d\u2019esp\u00e9rance. Donne-leur la force d\u2019avancer vers la vie nouvelle o\u00f9 tu les attends. Avec Marie nous te prions\u00a0: AVE MARIA<\/em><\/p><ol start=\"8\"><li><strong> Notre P\u00e8re<\/strong><\/li><\/ol><ol start=\"9\"><li><strong> B\u00e9n\u00e9diction finale<\/strong><\/li><\/ol><p>Que le Seigneur nous b\u00e9nisse, qu\u2019il fasse grandir en nous la confiance, et qu\u2019il envoie \u00e0 son \u00c9glise de nombreux t\u00e9moins de son amour. <strong>Au nom du P\u00e8re, du Fils et du Saint-Esprit. Amen.<\/strong><\/p><ol start=\"10\"><li><strong> Chant final<\/strong><\/li><\/ol><p>SALVE REGINA\u00a0 \u00a0 \u00a0<\/p><p><em>Communaut\u00e9 de Montfort-sur-Meu<\/em><\/p>\t\t\t\t\t\t\t\t<\/div>\n\t\t\t\t<\/div>\n\t\t\t\t<\/div>\n\t\t<div class=\"elementor-element elementor-element-78343c03 e-con-full e-flex e-con e-child\" data-id=\"78343c03\" data-element_type=\"container\" data-e-type=\"container\">\n\t\t\t\t<div class=\"elementor-element elementor-element-b238b22 elementor-widget elementor-widget-link-in-bio\" data-id=\"b238b22\" data-element_type=\"widget\" data-e-type=\"widget\" data-widget_type=\"link-in-bio.default\">\n\t\t\t\t<div class=\"elementor-widget-container\">\n\t\t\t\t\t\t\t<div class=\"e-link-in-bio e-link-in-bio\">\n\t\t\t<div class=\"e-link-in-bio__content\">\n\n\t\t\t\t\t\t<div class=\"e-link-in-bio__identity\">\n\t\t\t\t\t\t\t\t\t<div class=\"e-link-in-bio__identity-image e-link-in-bio__identity-image-profile has-style-circle\">\n\t\t\t\t\t\t\t<img fetchpriority=\"high\" decoding=\"async\" width=\"204\" height=\"300\" src=\"https:\/\/missionnairesmontfortains.fr\/sitevaovao\/wp-content\/uploads\/2025\/03\/1000027263-204x300.jpg\" class=\"e-link-in-bio__identity-image-element\" alt=\"\" srcset=\"https:\/\/missionnairesmontfortains.fr\/sitevaovao\/wp-content\/uploads\/2025\/03\/1000027263-204x300.jpg 204w, https:\/\/missionnairesmontfortains.fr\/sitevaovao\/wp-content\/uploads\/2025\/03\/1000027263.jpg 545w\" sizes=\"(max-width: 204px) 100vw, 204px\" \/>\t\t\t\t\t\t\t\t\t\t\t\t\t<\/div>\n\t\t\t\t\t\t\t<\/div>\n\t\t\t\t\t<div class=\"e-link-in-bio__bio\">\n\t\t\t\t<h2 class=\"e-link-in-bio__heading\">Se former<\/h2>\t\t\t\t<h3 class=\"e-link-in-bio__title\">\u00e0 la spiritualit\u00e9 montfortaine<\/h3>\t\t\t\t\t\t\t\t<p class=\"e-link-in-bio__description\">Tous les mois, une formation via zoom est propos\u00e9e par l&#039;Association Marie Reine des c\u0153urs<\/p>\t\t\t<\/div>\n\t\t\t\t\t<div class=\"e-link-in-bio__icons has-size-medium\">\n\t\t\t\t\t\t\t<div class=\"e-link-in-bio__icon is-size-medium\">\n\t\t\t\t\t<a href=\"https:\/\/youtube.com\/live\/THq1ihIBGwU\" target=\"_blank\" rel=\"noopener \" aria-label=\"YouTube\" class=\"e-link-in-bio__icon-link\">\n\t\t\t\t\t\t<span class=\"e-link-in-bio__icon-svg\">\n\t\t\t\t\t\t\t<svg aria-hidden=\"true\" class=\"e-font-icon-svg e-fab-youtube\" viewBox=\"0 0 576 512\" xmlns=\"http:\/\/www.w3.org\/2000\/svg\"><path d=\"M549.655 124.083c-6.281-23.65-24.787-42.276-48.284-48.597C458.781 64 288 64 288 64S117.22 64 74.629 75.486c-23.497 6.322-42.003 24.947-48.284 48.597-11.412 42.867-11.412 132.305-11.412 132.305s0 89.438 11.412 132.305c6.281 23.65 24.787 41.5 48.284 47.821C117.22 448 288 448 288 448s170.78 0 213.371-11.486c23.497-6.321 42.003-24.171 48.284-47.821 11.412-42.867 11.412-132.305 11.412-132.305s0-89.438-11.412-132.305zm-317.51 213.508V175.185l142.739 81.205-142.739 81.201z\"><\/path><\/svg>\t\t\t\t\t\t<\/span>\n\t\t\t\t\t\t\t\t\t\t\t<\/a>\n\t\t\t\t<\/div>\n\t\t\t\t\t\t\t<div class=\"e-link-in-bio__icon is-size-medium\">\n\t\t\t\t\t<a href=\"https:\/\/www.facebook.com\/events\/627719333624653\" target=\"_blank\" rel=\"noopener \" aria-label=\"Facebook\" class=\"e-link-in-bio__icon-link\">\n\t\t\t\t\t\t<span class=\"e-link-in-bio__icon-svg\">\n\t\t\t\t\t\t\t<svg aria-hidden=\"true\" class=\"e-font-icon-svg e-fab-facebook\" viewBox=\"0 0 512 512\" xmlns=\"http:\/\/www.w3.org\/2000\/svg\"><path d=\"M504 256C504 119 393 8 256 8S8 119 8 256c0 123.78 90.69 226.38 209.25 245V327.69h-63V256h63v-54.64c0-62.15 37-96.48 93.67-96.48 27.14 0 55.52 4.84 55.52 4.84v61h-31.28c-30.8 0-40.41 19.12-40.41 38.73V256h68.78l-11 71.69h-57.78V501C413.31 482.38 504 379.78 504 256z\"><\/path><\/svg>\t\t\t\t\t\t<\/span>\n\t\t\t\t\t\t\t\t\t\t\t<\/a>\n\t\t\t\t<\/div>\n\t\t\t\t\t<\/div>\n\t\t\n\t\t<div class=\"e-link-in-bio__ctas has-type-button\">\n\t\t\t\t\t\t\t<a href=\"https:\/\/us02web.zoom.us\/j\/89456156887\" target=\"_blank\" rel=\"noopener \" class=\"e-link-in-bio__cta is-type-button has-border has-corners-round\">\n\t\t\t\t\t\t\t\t\t\t<span class=\"e-link-in-bio__cta-text\">\n\t\t\t\t\t\trecevoir le lien\t\t\t\t\t<\/span>\n\t\t\t\t<\/a>\n\t\t\t\t\t<\/div>\n\t\t\n\t\t\t<\/div>\n\t\t\t<div class=\"e-link-in-bio__bg\">\n\t\t\t\t<div class=\"e-link-in-bio__bg-overlay\"><\/div>\n\t\t\t<\/div>\n\t\t<\/div>\n\t\t\t\t\t\t<\/div>\n\t\t\t\t<\/div>\n\t\t\t\t<\/div>\n\t\t\t\t\t<\/div>\n\t\t\t\t<\/div>\n\t\t<div class=\"elementor-element elementor-element-5950df35 e-flex e-con-boxed e-con e-parent\" data-id=\"5950df35\" data-element_type=\"container\" data-e-type=\"container\">\n\t\t\t\t\t<div class=\"e-con-inner\">\n\t\t\t\t<div class=\"elementor-element elementor-element-436cb4e4 elementor-widget elementor-widget-image\" data-id=\"436cb4e4\" data-element_type=\"widget\" data-e-type=\"widget\" data-widget_type=\"image.default\">\n\t\t\t\t<div class=\"elementor-widget-container\">\n\t\t\t\t\t\t\t\t\t\t\t\t\t\t\t\t<a href=\"https:\/\/missionnairesmontfortains.fr\/sitevaovao\/wp-content\/uploads\/2026\/01\/PriereVocationsFebSMM.pdf\">\n\t\t\t\t\t\t\t<img decoding=\"async\" width=\"55\" height=\"67\" src=\"https:\/\/missionnairesmontfortains.fr\/sitevaovao\/wp-content\/uploads\/2025\/10\/telechargement-e1760478313423.png\" class=\"attachment-large size-large wp-image-28346\" alt=\"\" \/>\t\t\t\t\t\t\t\t<\/a>\n\t\t\t\t\t\t\t\t\t\t\t\t\t\t\t<\/div>\n\t\t\t\t<\/div>\n\t\t\t\t\t<\/div>\n\t\t\t\t<\/div>\n\t\t<div class=\"elementor-element elementor-element-13c2a562 e-flex e-con-boxed e-con e-parent\" data-id=\"13c2a562\" data-element_type=\"container\" data-e-type=\"container\">\n\t\t\t\t\t<div class=\"e-con-inner\">\n\t\t\t\t<div class=\"elementor-element elementor-element-207d144c elementor-widget elementor-widget-contentviews_widget_list1\" data-id=\"207d144c\" data-element_type=\"widget\" data-e-type=\"widget\" data-widget_type=\"contentviews_widget_list1.default\">\n\t\t\t\t<div class=\"elementor-widget-container\">\n\t\t\t\t\t<div class='pt-cv-wrapper'> <div class=\"pt-cv-view pt-cv-blockgrid iscvblock iscvelementor list1 layout1\" id=\"pt-cv-view-207d144c\"><div data-id=\"pt-cv-page-1\" class=\"pt-cv-page\" data-cvc=\"1\"><div class=\" pt-cv-content-item pt-cv-2-col\" ><h4 class=\"pt-cv-title\"><a href=\"https:\/\/missionnairesmontfortains.fr\/sitevaovao\/priere-pour-les-vocations-mai-2026\/\" class=\"_self\" target=\"_self\" >Pri\u00e8re pour les vocations &#8211; Mai 2026<\/a><\/h4><\/div>\n<div class=\" pt-cv-content-item pt-cv-2-col\" ><h4 class=\"pt-cv-title\"><a href=\"https:\/\/missionnairesmontfortains.fr\/sitevaovao\/priere-pour-les-vocations-avril\/\" class=\"_self\" target=\"_self\" >Pri\u00e8re pour les vocations &#8211; Avril 2026<\/a><\/h4><\/div>\n<div class=\" pt-cv-content-item pt-cv-2-col\" ><h4 class=\"pt-cv-title\"><a href=\"https:\/\/missionnairesmontfortains.fr\/sitevaovao\/priere-pour-les-vocation-mars-2026\/\" class=\"_self\" target=\"_self\" >Pri\u00e8re pour les vocations &#8211; Mars 2026<\/a><\/h4><\/div>\n<div class=\" pt-cv-content-item pt-cv-2-col\" ><h4 class=\"pt-cv-title\"><a href=\"https:\/\/missionnairesmontfortains.fr\/sitevaovao\/priere-pour-les-vocations-fevrier-2026\/\" class=\"_self\" target=\"_self\" >Pri\u00e8re pour les Vocations &#8211; F\u00e9vrier 2026<\/a><\/h4><\/div>\n<div class=\" pt-cv-content-item pt-cv-2-col\" ><h4 class=\"pt-cv-title\"><a href=\"https:\/\/missionnairesmontfortains.fr\/sitevaovao\/priere-pour-les-vocations-janvier-2026\/\" class=\"_self\" target=\"_self\" >Pri\u00e8re pour les Vocations &#8211; Janvier 2026<\/a><\/h4><\/div>\n<div class=\" pt-cv-content-item pt-cv-2-col\" ><h4 class=\"pt-cv-title\"><a href=\"https:\/\/missionnairesmontfortains.fr\/sitevaovao\/priere-pour-les-vocation-decembre-2025\/\" class=\"_self\" target=\"_self\" >Pri\u00e8re pour les vocations D\u00e9cembre 2025<\/a><\/h4><\/div><\/div><\/div> <\/div> \t\t\t\t<\/div>\n\t\t\t\t<\/div>\n\t\t\t\t\t<\/div>\n\t\t\t\t<\/div>\n\t\t\t\t<section class=\"elementor-section elementor-top-section elementor-element elementor-element-83d7e39 elementor-section-boxed elementor-section-height-default elementor-section-height-default\" data-id=\"83d7e39\" data-element_type=\"section\" data-e-type=\"section\" data-settings=\"{&quot;background_background&quot;:&quot;classic&quot;,&quot;shape_divider_bottom&quot;:&quot;drops&quot;,&quot;shape_divider_top&quot;:&quot;drops&quot;,&quot;shape_divider_bottom_negative&quot;:&quot;yes&quot;}\">\n\t\t\t\t\t<div class=\"elementor-shape elementor-shape-top\" aria-hidden=\"true\" data-negative=\"false\">\n\t\t\t<svg xmlns=\"http:\/\/www.w3.org\/2000\/svg\" height=\"100%\" viewBox=\"0 0 283.5 27.8\" preserveAspectRatio=\"xMidYMax slice\">\n\t<path class=\"elementor-shape-fill\" d=\"M0 0v1.4c.6.7 1.1 1.4 1.4 2 2 3.8 2.2 6.6 1.8 10.8-.3 3.3-2.4 9.4 0 12.3 1.7 2 3.7 1.4 4.6-.9 1.4-3.8-.7-8.2-.6-12 .1-3.7 3.2-5.5 6.9-4.9 4 .6 4.8 4 4.9 7.4.1 1.8-1.1 7 0 8.5.6.8 1.6 1.2 2.4.5 1.4-1.1.1-5.4.1-6.9.1-3.7.3-8.6 4.1-10.5 5-2.5 6.2 1.6 5.4 5.6-.4 1.7-1 9.2 2.9 6.3 1.5-1.1.7-3.5.5-4.9-.4-2.4-.4-4.3 1-6.5.9-1.4 2.4-3.1 4.2-3 2.4.1 2.7 2.2 4 3.7 1.5 1.8 1.8 2.2 3 .1 1.1-1.9 1.2-2.8 3.6-3.3 1.3-.3 4.8-1.4 5.9-.5 1.5 1.1.6 2.8.4 4.3-.2 1.1-.6 4 1.8 3.4 1.7-.4-.3-4.1.6-5.6 1.3-2.2 5.8-1.4 7 .5 1.3 2.1.5 5.8.1 8.1s-1.2 5-.6 7.4c1.3 5.1 4.4.9 4.3-2.4-.1-4.4-2-8.8-.5-13 .9-2.4 4.6-6.6 7.7-4.5 2.7 1.8.5 7.8.2 10.3-.2 1.7-.8 4.6.2 6.2.9 1.4 2 1.5 2.6-.3.5-1.5-.9-4.5-1-6.1-.2-1.7-.4-3.7.2-5.4 1.8-5.6 3.5 2.4 6.3.6 1.4-.9 4.3-9.4 6.1-3.1.6 2.2-1.3 7.8.7 8.9 4.2 2.3 1.5-7.1 2.2-8 3.1-4 4.7 3.8 6.1 4.1 3.1.7 2.8-7.9 8.1-4.5 1.7 1.1 2.9 3.3 3.2 5.2.4 2.2-1 4.5-.6 6.6 1 4.3 4.4 1.5 4.4-1.7 0-2.7-3-8.3 1.4-9.1 4.4-.9 7.3 3.5 7.8 6.9.3 2-1.5 10.9 1.3 11.3 4.1.6-3.2-15.7 4.8-15.8 4.7-.1 2.8 4.1 3.9 6.6 1 2.4 2.1 1 2.3-.8.3-1.9-.9-3.2 1.3-4.3 5.9-2.9 5.9 5.4 5.5 8.5-.3 2-1.7 8.4 2 8.1 6.9-.5-2.8-16.9 4.8-18.7 4.7-1.2 6.1 3.6 6.3 7.1.1 1.7-1.2 8.1.6 9.1 3.5 2 1.9-7 2-8.4.2-4 1.2-9.6 6.4-9.8 4.7-.2 3.2 4.6 2.7 7.5-.4 2.2 1.3 8.6 3.8 4.4 1.1-1.9-.3-4.1-.3-6 0-1.7.4-3.2 1.3-4.6 1-1.6 2.9-3.5 5.1-2.9 2.5.6 2.3 4.1 4.1 4.9 1.9.8 1.6-.9 2.3-2.1 1.2-2.1 2.1-2.1 4.4-2.4 1.4-.2 3.6-1.5 4.9-.5 2.3 1.7-.7 4.4.1 6.5.6 1.5 2.1 1.7 2.8.3.7-1.4-1.1-3.4-.3-4.8 1.4-2.5 6.2-1.2 7.2 1 2.3 4.8-3.3 12-.2 16.3 3 4.1 3.9-2.8 3.8-4.8-.4-4.3-2.1-8.9 0-13.1 1.3-2.5 5.9-5.7 7.9-2.4 2 3.2-1.3 9.8-.8 13.4.5 4.4 3.5 3.3 2.7-.8-.4-1.9-2.4-10 .6-11.1 3.7-1.4 2.8 7.2 6.5.4 2.2-4.1 4.9-3.1 5.2 1.2.1 1.5-.6 3.1-.4 4.6.2 1.9 1.8 3.7 3.3 1.3 1-1.6-2.6-10.4 2.9-7.3 2.6 1.5 1.6 6.5 4.8 2.7 1.3-1.5 1.7-3.6 4-3.7 2.2-.1 4 2.3 4.8 4.1 1.3 2.9-1.5 8.4.9 10.3 4.2 3.3 3-5.5 2.7-6.9-.6-3.9 1-7.2 5.5-5 4.1 2.1 4.3 7.7 4.1 11.6 0 .8-.6 9.5 2.5 5.2 1.2-1.7-.1-7.7.1-9.6.3-2.9 1.2-5.5 4.3-6.2 4.5-1 7.7 1.5 7.4 5.8-.2 3.5-1.8 7.7-.5 11.1 1 2.7 3.6 2.8 5 .2 1.6-3.1 0-8.3-.4-11.6-.4-4.2-.2-7 1.8-10.8 0 0-.1.1-.1.2-.2.4-.3.7-.4.8v.1c-.1.2-.1.2 0 0v-.1l.4-.8c0-.1.1-.1.1-.2.2-.4.5-.8.8-1.2V0H0zM282.7 3.4z\"\/>\n<\/svg>\t\t<\/div>\n\t\t\t\t<div class=\"elementor-shape elementor-shape-bottom\" aria-hidden=\"true\" data-negative=\"true\">\n\t\t\t<svg xmlns=\"http:\/\/www.w3.org\/2000\/svg\" height=\"100%\" viewBox=\"0 0 283.5 27.8\" preserveAspectRatio=\"xMidYMax slice\">\n\t<path class=\"elementor-shape-fill\" d=\"M282.7 3.4c-2 3.8-2.2 6.6-1.8 10.8.3 3.3 2 8.5.4 11.6-1.4 2.6-4 2.5-5-.2-1.2-3.4.3-7.6.5-11.1.3-4.3-2.9-6.9-7.4-5.8-3.1.7-4.1 3.3-4.3 6.2-.2 2 1.2 8-.1 9.6-3.1 4.3-2.5-4.5-2.5-5.2.1-4-.1-9.6-4.1-11.6-4.5-2.3-6.1 1-5.5 5 .2 1.4 1.5 10.2-2.7 6.9-2.5-1.9.4-7.5-.9-10.3-.8-1.8-2.6-4.2-4.8-4.1-2.4.1-2.7 2.2-4 3.7-3.3 3.8-2.2-1.2-4.8-2.7-5.5-3.1-2 5.6-2.9 7.3-1.4 2.4-3.1.6-3.3-1.3-.1-1.5.5-3.1.4-4.6-.3-4.3-2.9-5.3-5.2-1.2-3.7 6.7-2.8-1.9-6.5-.4-3 1.1-.9 9.2-.6 11.1.7 4.1-2.2 5.2-2.7.8-.4-3.6 2.8-10.2.8-13.4-2.1-3.3-6.7-.1-7.9 2.4-2.1 4.2-.4 8.7 0 13.1.2 2-.8 8.9-3.8 4.8-3.1-4.3 2.5-11.6.2-16.3-1.1-2.2-5.8-3.5-7.2-1-.8 1.4 1 3.4.3 4.8s-2.2 1.2-2.8-.3c-.8-2.1 2.2-4.8-.1-6.5-1.3-.9-3.5.3-4.9.5-2.4-.1-3.3 0-4.5 2-.7 1.2-.4 3-2.3 2.1-1.9-.8-1.7-4.3-4.1-4.9-2.1-.6-4 1.3-5.1 2.9-.9 1.4-1.3 3-1.3 4.6 0 1.9 1.4 4.2.3 6-2.4 4.2-4.2-2.2-3.8-4.4.5-2.9 2-7.7-2.7-7.5-5.2.3-6.1 5.8-6.4 9.8-.1 1.3 1.5 10.4-2 8.4-1.8-1-.5-7.5-.6-9.1-.1-3.5-1.6-8.3-6.3-7.1-7.6 1.9 2.1 18.2-4.8 18.7-3.7.3-2.3-6.2-2-8.1.5-3.1.5-11.4-5.5-8.5-2.2 1.1-1 2.3-1.3 4.3-.2 1.8-1.3 3.2-2.3.8-1.1-2.5.8-6.7-3.9-6.6-8 .1-.7 16.4-4.8 15.8-2.8-.4-1-9.3-1.3-11.3-.6-3.5-3.5-7.8-7.8-6.9-4.4.9-1.4 6.5-1.4 9.1 0 3.1-3.4 5.9-4.4 1.7-.5-2.2.9-4.4.6-6.6-.3-1.9-1.5-4.1-3.2-5.2-5.3-3.4-4.9 5.2-8.1 4.5-1.4-.3-3-8.1-6.1-4.1-.7.9 2 10.3-2.2 8-2-1.1-.1-6.7-.7-8.9-1.8-6.2-4.7 2.3-6.1 3.1-2.9 1.7-4.6-6.2-6.3-.6-.5 1.7-.4 3.7-.2 5.4.2 1.6 1.5 4.6 1 6.1-.6 1.8-1.7 1.7-2.6.3-1-1.6-.4-4.5-.2-6.2.3-2.5 2.4-8.4-.2-10.3-3.1-2.1-6.8 2.1-7.7 4.5-1.5 4.3.3 8.7.5 13 .1 3.2-3 7.5-4.3 2.4-.6-2.4.2-5.1.6-7.4.4-2.3 1.2-6-.1-8.1-1.2-1.9-5.8-2.7-7-.5-.9 1.6 1.2 5.2-.6 5.6-2.4.6-2-2.3-1.8-3.4.3-1.5 1.1-3.2-.4-4.3-1.2-.9-4.7.3-5.9.5-2.4.5-2.5 1.4-3.6 3.3-1.2 2.1-1.4 1.7-3-.1-1.3-1.5-1.7-3.6-4-3.7-1.8-.1-3.4 1.7-4.2 3-1.4 2.2-1.3 4.1-1 6.5.2 1.4 1 3.8-.5 4.9-3.9 2.9-3.2-4.6-2.9-6.3.8-3.9-.4-8.1-5.4-5.6-3.8 1.9-4.1 6.7-4.1 10.5 0 1.6 1.2 5.8-.1 6.9-.8.7-1.8.3-2.4-.5-1.1-1.5.1-6.7 0-8.5-.1-3.5-.9-6.9-4.9-7.4-3.6-.6-6.7 1.2-6.8 4.9-.1 3.9 2 8.2.6 12-.9 2.4-2.9 2.9-4.6.9-2.4-2.8-.4-9 0-12.3.4-4.2.2-7-1.8-10.8C1.1 2.8.6 2.1 0 1.4v26.4h283.5V2.2c-.3.4-.6.8-.8 1.2z\"\/>\n<\/svg>\t\t<\/div>\n\t\t\t\t\t<div class=\"elementor-container elementor-column-gap-no\">\n\t\t\t\t\t<div class=\"elementor-column elementor-col-100 elementor-top-column elementor-element elementor-element-6b425566\" data-id=\"6b425566\" data-element_type=\"column\" data-e-type=\"column\">\n\t\t\t<div class=\"elementor-widget-wrap elementor-element-populated\">\n\t\t\t\t\t\t<div class=\"elementor-element elementor-element-281db9fb elementor-widget elementor-widget-heading\" data-id=\"281db9fb\" data-element_type=\"widget\" data-e-type=\"widget\" data-widget_type=\"heading.default\">\n\t\t\t\t<div class=\"elementor-widget-container\">\n\t\t\t\t\t<h2 class=\"elementor-heading-title elementor-size-default\">PRIEZ AVEC NOUS<\/h2>\t\t\t\t<\/div>\n\t\t\t\t<\/div>\n\t\t\t\t<div class=\"elementor-element elementor-element-1e3f64b7 elementor-widget elementor-widget-text-editor\" data-id=\"1e3f64b7\" data-element_type=\"widget\" data-e-type=\"widget\" data-widget_type=\"text-editor.default\">\n\t\t\t\t<div class=\"elementor-widget-container\">\n\t\t\t\t\t\t\t\t\t<p>Tous les mois, la famille montfortaine prie ensemble malgr\u00e9 la distance et les diff\u00e9rentes occupations<\/p>\t\t\t\t\t\t\t\t<\/div>\n\t\t\t\t<\/div>\n\t\t\t\t<section class=\"elementor-section elementor-inner-section elementor-element elementor-element-4a0f7745 elementor-section-content-middle elementor-section-boxed elementor-section-height-default elementor-section-height-default\" data-id=\"4a0f7745\" data-element_type=\"section\" data-e-type=\"section\">\n\t\t\t\t\t\t<div class=\"elementor-container elementor-column-gap-default\">\n\t\t\t\t\t<div class=\"elementor-column elementor-col-50 elementor-inner-column elementor-element elementor-element-63c8a45b\" data-id=\"63c8a45b\" data-element_type=\"column\" data-e-type=\"column\" data-settings=\"{&quot;background_background&quot;:&quot;classic&quot;}\">\n\t\t\t<div class=\"elementor-widget-wrap elementor-element-populated\">\n\t\t\t\t\t\t<div class=\"elementor-element elementor-element-2cd44f2e elementor-widget elementor-widget-image\" data-id=\"2cd44f2e\" data-element_type=\"widget\" data-e-type=\"widget\" data-widget_type=\"image.default\">\n\t\t\t\t<div class=\"elementor-widget-container\">\n\t\t\t\t\t\t\t\t\t\t\t\t\t\t\t<img decoding=\"async\" width=\"150\" height=\"150\" src=\"https:\/\/missionnairesmontfortains.fr\/sitevaovao\/wp-content\/uploads\/2025\/03\/OIP-1-150x150.jpg\" class=\"attachment-thumbnail size-thumbnail wp-image-26315\" alt=\"\" srcset=\"https:\/\/missionnairesmontfortains.fr\/sitevaovao\/wp-content\/uploads\/2025\/03\/OIP-1-150x150.jpg 150w, https:\/\/missionnairesmontfortains.fr\/sitevaovao\/wp-content\/uploads\/2025\/03\/OIP-1-300x300.jpg 300w, https:\/\/missionnairesmontfortains.fr\/sitevaovao\/wp-content\/uploads\/2025\/03\/OIP-1.jpg 474w\" sizes=\"(max-width: 150px) 100vw, 150px\" \/>\t\t\t\t\t\t\t\t\t\t\t\t\t\t\t<\/div>\n\t\t\t\t<\/div>\n\t\t\t\t<div class=\"elementor-element elementor-element-3af30508 elementor-widget elementor-widget-heading\" data-id=\"3af30508\" data-element_type=\"widget\" data-e-type=\"widget\" data-widget_type=\"heading.default\">\n\t\t\t\t<div class=\"elementor-widget-container\">\n\t\t\t\t\t<h4 class=\"elementor-heading-title elementor-size-default\">Rosarium<\/h4>\t\t\t\t<\/div>\n\t\t\t\t<\/div>\n\t\t\t\t\t<\/div>\n\t\t<\/div>\n\t\t\t\t<div class=\"elementor-column elementor-col-50 elementor-inner-column elementor-element elementor-element-1f473cff\" data-id=\"1f473cff\" data-element_type=\"column\" data-e-type=\"column\">\n\t\t\t<div class=\"elementor-widget-wrap elementor-element-populated\">\n\t\t\t\t\t\t<div class=\"elementor-element elementor-element-1eb59353 elementor-widget elementor-widget-heading\" data-id=\"1eb59353\" data-element_type=\"widget\" data-e-type=\"widget\" data-widget_type=\"heading.default\">\n\t\t\t\t<div class=\"elementor-widget-container\">\n\t\t\t\t\t<h3 class=\"elementor-heading-title elementor-size-medium\">Tous les premiers lundi du mois, priez le Rosaire avec tous les montfortains de l'Europe (EurHope) via zoom.<\/h3>\t\t\t\t<\/div>\n\t\t\t\t<\/div>\n\t\t\t\t<div class=\"elementor-element elementor-element-637e778c elementor-align-center elementor-widget elementor-widget-button\" data-id=\"637e778c\" data-element_type=\"widget\" data-e-type=\"widget\" data-widget_type=\"button.default\">\n\t\t\t\t<div class=\"elementor-widget-container\">\n\t\t\t\t\t\t\t\t\t<div class=\"elementor-button-wrapper\">\n\t\t\t\t\t<a class=\"elementor-button elementor-button-link elementor-size-sm\" href=\"#\">\n\t\t\t\t\t\t<span class=\"elementor-button-content-wrapper\">\n\t\t\t\t\t\t\t\t\t<span class=\"elementor-button-text\">Cliquez ici pour participer<\/span>\n\t\t\t\t\t<\/span>\n\t\t\t\t\t<\/a>\n\t\t\t\t<\/div>\n\t\t\t\t\t\t\t\t<\/div>\n\t\t\t\t<\/div>\n\t\t\t\t\t<\/div>\n\t\t<\/div>\n\t\t\t\t\t<\/div>\n\t\t<\/section>\n\t\t\t\t\t<\/div>\n\t\t<\/div>\n\t\t\t\t\t<\/div>\n\t\t<\/section>\n\t\t\t\t<\/div>\n\t\t","protected":false},"excerpt":{"rendered":"<p>Pri\u00e8re pour les vocations &#8211; F\u00e9vrier 2026 INTRODUCTION La vocation est un don pr\u00e9cieux que Dieu s\u00e8me dans les c\u0153urs, un appel \u00e0 sortir de soi-m\u00eame pour s\u2019engager sur un chemin d\u2019amour et de service. Et toute vocation dans l\u2019\u00c9glise \u2013 qu\u2019elle soit la\u00efque, au minist\u00e8re ordonn\u00e9 ou \u00e0 la vie consacr\u00e9e \u2013 est un [&hellip;]<\/p>\n","protected":false},"author":3,"featured_media":0,"comment_status":"closed","ping_status":"closed","sticky":true,"template":"","format":"standard","meta":{"content-type":"","_uag_custom_page_level_css":"","site-sidebar-layout":"default","site-content-layout":"","ast-site-content-layout":"default","site-content-style":"default","site-sidebar-style":"default","ast-global-header-display":"","ast-banner-title-visibility":"","ast-main-header-display":"","ast-hfb-above-header-display":"","ast-hfb-below-header-display":"","ast-hfb-mobile-header-display":"","site-post-title":"","ast-breadcrumbs-content":"","ast-featured-img":"","footer-sml-layout":"","theme-transparent-header-meta":"","adv-header-id-meta":"","stick-header-meta":"","header-above-stick-meta":"","header-main-stick-meta":"","header-below-stick-meta":"","astra-migrate-meta-layouts":"set","ast-page-background-enabled":"default","ast-page-background-meta":{"desktop":{"background-color":"","background-image":"","background-repeat":"repeat","background-position":"center center","background-size":"auto","background-attachment":"scroll","background-type":"","background-media":"","overlay-type":"","overlay-color":"","overlay-opacity":"","overlay-gradient":""},"tablet":{"background-color":"","background-image":"","background-repeat":"repeat","background-position":"center center","background-size":"auto","background-attachment":"scroll","background-type":"","background-media":"","overlay-type":"","overlay-color":"","overlay-opacity":"","overlay-gradient":""},"mobile":{"background-color":"","background-image":"","background-repeat":"repeat","background-position":"center center","background-size":"auto","background-attachment":"scroll","background-type":"","background-media":"","overlay-type":"","overlay-color":"","overlay-opacity":"","overlay-gradient":""}},"ast-content-background-meta":{"desktop":{"background-color":"var(--ast-global-color-5)","background-image":"","background-repeat":"repeat","background-position":"center center","background-size":"auto","background-attachment":"scroll","background-type":"","background-media":"","overlay-type":"","overlay-color":"","overlay-opacity":"","overlay-gradient":""},"tablet":{"background-color":"var(--ast-global-color-5)","background-image":"","background-repeat":"repeat","background-position":"center center","background-size":"auto","background-attachment":"scroll","background-type":"","background-media":"","overlay-type":"","overlay-color":"","overlay-opacity":"","overlay-gradient":""},"mobile":{"background-color":"var(--ast-global-color-5)","background-image":"","background-repeat":"repeat","background-position":"center center","background-size":"auto","background-attachment":"scroll","background-type":"","background-media":"","overlay-type":"","overlay-color":"","overlay-opacity":"","overlay-gradient":""}},"footnotes":""},"categories":[45],"tags":[],"class_list":["post-29931","post","type-post","status-publish","format-standard","hentry","category-priere-pour-la-vocation"],"uagb_featured_image_src":{"full":false,"thumbnail":false,"medium":false,"medium_large":false,"large":false,"1536x1536":false,"2048x2048":false},"uagb_author_info":{"display_name":"Daniel Busnel","author_link":""},"uagb_comment_info":0,"uagb_excerpt":"Pri\u00e8re pour les vocations &#8211; F\u00e9vrier 2026 INTRODUCTION La vocation est un don pr\u00e9cieux que Dieu s\u00e8me dans les c\u0153urs, un appel \u00e0 sortir de soi-m\u00eame pour s\u2019engager sur un chemin d\u2019amour et de service. Et toute vocation dans l\u2019\u00c9glise \u2013 qu\u2019elle soit la\u00efque, au minist\u00e8re ordonn\u00e9 ou \u00e0 la vie consacr\u00e9e \u2013 est un\u2026","_links":{"self":[{"href":"https:\/\/missionnairesmontfortains.fr\/sitevaovao\/wp-json\/wp\/v2\/posts\/29931","targetHints":{"allow":["GET"]}}],"collection":[{"href":"https:\/\/missionnairesmontfortains.fr\/sitevaovao\/wp-json\/wp\/v2\/posts"}],"about":[{"href":"https:\/\/missionnairesmontfortains.fr\/sitevaovao\/wp-json\/wp\/v2\/types\/post"}],"author":[{"embeddable":true,"href":"https:\/\/missionnairesmontfortains.fr\/sitevaovao\/wp-json\/wp\/v2\/users\/3"}],"replies":[{"embeddable":true,"href":"https:\/\/missionnairesmontfortains.fr\/sitevaovao\/wp-json\/wp\/v2\/comments?post=29931"}],"version-history":[{"count":4,"href":"https:\/\/missionnairesmontfortains.fr\/sitevaovao\/wp-json\/wp\/v2\/posts\/29931\/revisions"}],"predecessor-version":[{"id":29936,"href":"https:\/\/missionnairesmontfortains.fr\/sitevaovao\/wp-json\/wp\/v2\/posts\/29931\/revisions\/29936"}],"wp:attachment":[{"href":"https:\/\/missionnairesmontfortains.fr\/sitevaovao\/wp-json\/wp\/v2\/media?parent=29931"}],"wp:term":[{"taxonomy":"category","embeddable":true,"href":"https:\/\/missionnairesmontfortains.fr\/sitevaovao\/wp-json\/wp\/v2\/categories?post=29931"},{"taxonomy":"post_tag","embeddable":true,"href":"https:\/\/missionnairesmontfortains.fr\/sitevaovao\/wp-json\/wp\/v2\/tags?post=29931"}],"curies":[{"name":"wp","href":"https:\/\/api.w.org\/{rel}","templated":true}]}}