{"id":29877,"date":"2026-01-10T09:55:14","date_gmt":"2026-01-10T09:55:14","guid":{"rendered":"https:\/\/missionnairesmontfortains.fr\/sitevaovao\/?p=29877"},"modified":"2026-01-10T10:09:08","modified_gmt":"2026-01-10T10:09:08","slug":"bapteme-du-seigneur","status":"publish","type":"post","link":"https:\/\/missionnairesmontfortains.fr\/sitevaovao\/bapteme-du-seigneur\/","title":{"rendered":"Bapt\u00eame du Seigneur"},"content":{"rendered":"\t\t<div data-elementor-type=\"wp-post\" data-elementor-id=\"29877\" class=\"elementor elementor-29877\">\n\t\t\t\t\t\t<section class=\"elementor-section elementor-top-section elementor-element elementor-element-76a89c10 elementor-section-content-top elementor-section-full_width elementor-section-height-default elementor-section-height-default\" data-id=\"76a89c10\" data-element_type=\"section\" data-e-type=\"section\" data-settings=\"{&quot;background_background&quot;:&quot;gradient&quot;}\">\n\t\t\t\t\t\t\t<div class=\"elementor-background-overlay\"><\/div>\n\t\t\t\t\t\t\t<div class=\"elementor-container elementor-column-gap-no\">\n\t\t\t\t\t<div class=\"elementor-column elementor-col-100 elementor-top-column elementor-element elementor-element-6891ce50\" data-id=\"6891ce50\" data-element_type=\"column\" data-e-type=\"column\">\n\t\t\t<div class=\"elementor-widget-wrap elementor-element-populated\">\n\t\t\t\t\t\t<div class=\"elementor-element elementor-element-4dfeb3ef elementor-widget elementor-widget-heading\" data-id=\"4dfeb3ef\" data-element_type=\"widget\" data-e-type=\"widget\" data-widget_type=\"heading.default\">\n\t\t\t\t<div class=\"elementor-widget-container\">\n\t\t\t\t\t<h2 class=\"elementor-heading-title elementor-size-default\">11 Janvier 2026<\/h2>\t\t\t\t<\/div>\n\t\t\t\t<\/div>\n\t\t\t\t<div class=\"elementor-element elementor-element-43c6c9d4 elementor-widget elementor-widget-text-editor\" data-id=\"43c6c9d4\" data-element_type=\"widget\" data-e-type=\"widget\" data-widget_type=\"text-editor.default\">\n\t\t\t\t<div class=\"elementor-widget-container\">\n\t\t\t\t\t\t\t\t\t<p><strong>A<\/strong><\/p><p><strong>(Is 42,\u00a01-4.6-7\u00a0; Ac 10,\u00a034-38\u00a0; Mt 3,\u00a013-17)<\/strong><\/p><p>Fr\u00e8res\u00a0et\u00a0s\u0153urs, la f\u00eate du Bapt\u00eame du Seigneur marque la fin du temps de No\u00ebl et l\u2019entr\u00e9e de J\u00e9sus dans son minist\u00e8re public. Aujourd\u2019hui, J\u00e9sus quitte le silence de Nazareth pour se rendre au Jourdain. Il ne vient pas pour \u00eatre purifi\u00e9, car il est sans p\u00e9ch\u00e9, mais pour sanctifier, sauver et racheter le monde.<\/p><p>Jean le Baptiste est d\u00e9concert\u00e9 et n\u2019a pas compris qu\u2019en descendant dans l\u2019eau, J\u00e9sus accepte de porter le poids de notre condition humaine pour accomplir le dessein d\u2019amour du P\u00e8re. Dieu ne sauve pas \u00e0 distance, il entre dans notre histoire. J\u00e9sus d\u00e9clare\u00a0: <em>\u00ab Il convient que nous accomplissions ainsi toute justice (Mt 3,15) \u00bb.<\/em><\/p><p>Dieu ne tourne pas le dos, Il se solidarise avec les p\u00e9cheurs en leur ouvrant le chemin du salut. Le Jourdain devient ainsi le lieu ultime de la r\u00e9v\u00e9lation de notre r\u00e9demption. Ce que J\u00e9sus est de toute \u00e9ternit\u00e9 est manifest\u00e9 publiquement : il est le Fils bien-aim\u00e9, envoy\u00e9 pour lib\u00e9rer et sauver. Les cieux s\u2019ouvrent et l\u2019Esprit descend sur Lui comme une colombe et la voix du P\u00e8re se fait entendre : <em>\u00ab Celui-ci est mon Fils bien-aim\u00e9, en qui je trouve ma joie (Mt 3,17) \u00bb.<\/em><\/p><p>Dans la 1<sup>\u00e8re<\/sup> lecture le proph\u00e8te Isa\u00efe Le d\u00e9crivait comme le Serviteur de Dieu : doux, fid\u00e8le, porteur de justice, lumi\u00e8re pour les nations. Le bapt\u00eame n\u2019est donc pas seulement un commencement pour J\u00e9sus, mais, le don de Lui-m\u00eame pour sauver l\u2019humanit\u00e9. C\u2019est pr\u00e9cis\u00e9ment cette mission que J\u00e9sus inaugure au Jourdain. Il ne vient pas s\u2019imposer par la force, mais pour relever, gu\u00e9rir, ouvrir les yeux et lib\u00e9rer les captifs.<\/p><p>Cette f\u00eate nous renvoie aussi \u00e0 notre propre bapt\u00eame. Nous avons \u00e9t\u00e9 plong\u00e9s dans l\u2019eau et marqu\u00e9s de l\u2019Esprit. <em>\u00ab\u00a0<\/em><strong><em>Car ceux qui rena\u00eetront de l\u2019eau et de l\u2019Esprit deviendront des fils adoptifs (Jn 3,5)\u00a0\u00bb<\/em><\/strong><em>.<\/em> \u00catre baptis\u00e9 ce n\u2019est pas seulement appartenir \u00e0 l\u2019\u00c9glise, c\u2019est vivre chaque jour comme fils et filles de Dieu, habit\u00e9s par l\u2019Esprit, envoy\u00e9s pour t\u00e9moigner. Par notre bapt\u00eame, nous recevons le m\u00eame Esprit que J\u00e9sus, cet Esprit qui fait de nous des enfants de Dieu.<\/p><p>Fr\u00e8res et s\u0153urs, en contemplant J\u00e9sus au Jourdain, demandons la gr\u00e2ce de red\u00e9couvrir la beaut\u00e9 et la responsabilit\u00e9 de notre bapt\u00eame afin de vivre selon l\u2019Esprit re\u00e7u et de marcher chaque jour derri\u00e8re le Christ, Serviteur humble et Sauveur de tous. Amen.\u00a0<\/p><p><em>Jean Didereau DUGER, smm<\/em><\/p>\t\t\t\t\t\t\t\t<\/div>\n\t\t\t\t<\/div>\n\t\t\t\t\t<\/div>\n\t\t<\/div>\n\t\t\t\t\t<\/div>\n\t\t<\/section>\n\t\t<div class=\"elementor-element elementor-element-1ab973ad e-flex e-con-boxed e-con e-parent\" data-id=\"1ab973ad\" data-element_type=\"container\" data-e-type=\"container\">\n\t\t\t\t\t<div class=\"e-con-inner\">\n\t\t\t\t<div class=\"elementor-element elementor-element-7c66040 elementor-widget elementor-widget-image\" data-id=\"7c66040\" data-element_type=\"widget\" data-e-type=\"widget\" data-widget_type=\"image.default\">\n\t\t\t\t<div class=\"elementor-widget-container\">\n\t\t\t\t\t\t\t\t\t\t\t\t\t\t\t\t<a href=\"https:\/\/missionnairesmontfortains.fr\/sitevaovao\/wp-content\/uploads\/2026\/01\/PartagEvangile11Janvier26JD.pdf\">\n\t\t\t\t\t\t\t<img decoding=\"async\" width=\"55\" height=\"67\" src=\"https:\/\/missionnairesmontfortains.fr\/sitevaovao\/wp-content\/uploads\/2025\/10\/telechargement-e1760478313423.png\" class=\"attachment-large size-large wp-image-28346\" alt=\"\" \/>\t\t\t\t\t\t\t\t<\/a>\n\t\t\t\t\t\t\t\t\t\t\t\t\t\t\t<\/div>\n\t\t\t\t<\/div>\n\t\t\t\t\t<\/div>\n\t\t\t\t<\/div>\n\t\t<div class=\"elementor-element elementor-element-647bba04 e-con-full e-flex e-con e-parent\" data-id=\"647bba04\" data-element_type=\"container\" data-e-type=\"container\">\n\t\t\t\t<div class=\"elementor-element elementor-element-26643a08 elementor-widget elementor-widget-contentviews_widget_grid1\" data-id=\"26643a08\" data-element_type=\"widget\" data-e-type=\"widget\" data-widget_type=\"contentviews_widget_grid1.default\">\n\t\t\t\t<div class=\"elementor-widget-container\">\n\t\t\t\t\t<div class='pt-cv-wrapper'> <div class=\"pt-cv-view pt-cv-blockgrid iscvblock iscvelementor grid1 layout1\" id=\"pt-cv-view-26643a08\"><div data-id=\"pt-cv-page-1\" class=\"pt-cv-page\" data-cvc=\"3\"><div class=\" pt-cv-content-item pt-cv-1-col\" ><div class=\"pt-cv-thumb-wrapper  \"><a href=\"https:\/\/missionnairesmontfortains.fr\/sitevaovao\/iv-dimanche-de-paques-a-26-avril-2026\/\" class=\"_self pt-cv-href-thumbnail pt-cv-thumb-default\" target=\"_self\" ><img fetchpriority=\"high\" decoding=\"async\" width=\"425\" height=\"340\" src=\"https:\/\/missionnairesmontfortains.fr\/sitevaovao\/wp-content\/uploads\/2026\/04\/IVDimPaquesA02.jpg\" class=\"pt-cv-thumbnail\" alt=\"\" \/><\/a><\/div>\n<h4 class=\"pt-cv-title\"><a href=\"https:\/\/missionnairesmontfortains.fr\/sitevaovao\/iv-dimanche-de-paques-a-26-avril-2026\/\" class=\"_self\" target=\"_self\" >IV Dimanche de P\u00e2ques &#8211; A &#8211; 26 avril 2026<\/a><\/h4>\n<div class=\"pt-cv-content\">26 avril 2026 \u00a0- A -\u00a0Ac 2, 14a.36-41 - Ps 22 (23) - 1 P 2, 20b-25 - Jn 10, ...<\/div>\n<div class=\"pt-cv-rmwrap\"><a href=\"https:\/\/missionnairesmontfortains.fr\/sitevaovao\/iv-dimanche-de-paques-a-26-avril-2026\/\" class=\"_self pt-cv-readmore btn btn-success\" target=\"_self\" >Lire La Suite\u2026<\/a><\/div><\/div>\n<div class=\" pt-cv-content-item pt-cv-1-col\" ><div class=\"pt-cv-thumb-wrapper  \"><a href=\"https:\/\/missionnairesmontfortains.fr\/sitevaovao\/iii-dimanche-de-paques-a-19-avril-2026\/\" class=\"_self pt-cv-href-thumbnail pt-cv-thumb-default\" target=\"_self\" ><img decoding=\"async\" width=\"425\" height=\"340\" src=\"https:\/\/missionnairesmontfortains.fr\/sitevaovao\/wp-content\/uploads\/2026\/04\/SauronsNous01.jpg\" class=\"pt-cv-thumbnail\" alt=\"\" \/><\/a><\/div>\n<h4 class=\"pt-cv-title\"><a href=\"https:\/\/missionnairesmontfortains.fr\/sitevaovao\/iii-dimanche-de-paques-a-19-avril-2026\/\" class=\"_self\" target=\"_self\" >III dimanche de P\u00e2ques &#8211; A &#8211; 19 avril 2026<\/a><\/h4>\n<div class=\"pt-cv-content\">- 19 avril 2026 - \u00a0A -\u00a0\u00a0- Ac 2, 14.22b-33 - Ps 15 (16) - 1 P 1, 17-21 - ...<\/div>\n<div class=\"pt-cv-rmwrap\"><a href=\"https:\/\/missionnairesmontfortains.fr\/sitevaovao\/iii-dimanche-de-paques-a-19-avril-2026\/\" class=\"_self pt-cv-readmore btn btn-success\" target=\"_self\" >Lire La Suite\u2026<\/a><\/div><\/div>\n<div class=\" pt-cv-content-item pt-cv-1-col\" ><div class=\"pt-cv-thumb-wrapper  \"><a href=\"https:\/\/missionnairesmontfortains.fr\/sitevaovao\/ii-dimanche-de-paques-a-12-avril-2026\/\" class=\"_self pt-cv-href-thumbnail pt-cv-thumb-default\" target=\"_self\" ><img loading=\"lazy\" decoding=\"async\" width=\"425\" height=\"340\" src=\"https:\/\/missionnairesmontfortains.fr\/sitevaovao\/wp-content\/uploads\/2026\/04\/IIDimPaquesA04.jpg\" class=\"pt-cv-thumbnail\" alt=\"\" \/><\/a><\/div>\n<h4 class=\"pt-cv-title\"><a href=\"https:\/\/missionnairesmontfortains.fr\/sitevaovao\/ii-dimanche-de-paques-a-12-avril-2026\/\" class=\"_self\" target=\"_self\" >II dimanche de P\u00e2ques &#8211; A &#8211; 12 avril 2026<\/a><\/h4>\n<div class=\"pt-cv-content\">12 avril 2026 - \u00a0A -\u00a0 Ac 2, 42-47 ; Ps 117 (118) ; 1 P 1, 3-9 ; Jn ...<\/div>\n<div class=\"pt-cv-rmwrap\"><a href=\"https:\/\/missionnairesmontfortains.fr\/sitevaovao\/ii-dimanche-de-paques-a-12-avril-2026\/\" class=\"_self pt-cv-readmore btn btn-success\" target=\"_self\" >Lire La Suite\u2026<\/a><\/div><\/div>\n<div class=\" pt-cv-content-item pt-cv-1-col\" ><div class=\"pt-cv-thumb-wrapper  \"><a href=\"https:\/\/missionnairesmontfortains.fr\/sitevaovao\/la-resurrection-du-seigneur-5-avril-2026\/\" class=\"_self pt-cv-href-thumbnail pt-cv-thumb-default\" target=\"_self\" ><img loading=\"lazy\" decoding=\"async\" width=\"1024\" height=\"614\" src=\"https:\/\/missionnairesmontfortains.fr\/sitevaovao\/wp-content\/uploads\/2026\/04\/DimPaquesA03ES-1024x614.jpg\" class=\"pt-cv-thumbnail\" alt=\"\" \/><\/a><\/div>\n<h4 class=\"pt-cv-title\"><a href=\"https:\/\/missionnairesmontfortains.fr\/sitevaovao\/la-resurrection-du-seigneur-5-avril-2026\/\" class=\"_self\" target=\"_self\" >La r\u00e9surrection du Seigneur &#8211; 5 avril 2026<\/a><\/h4>\n<div class=\"pt-cv-content\">- 5 avril 2026 - Ann\u00e9e A - Ac 10, 34a.37-43 - Ps 117 (118) - Col 3, 1-4 - ...<\/div>\n<div class=\"pt-cv-rmwrap\"><a href=\"https:\/\/missionnairesmontfortains.fr\/sitevaovao\/la-resurrection-du-seigneur-5-avril-2026\/\" class=\"_self pt-cv-readmore btn btn-success\" target=\"_self\" >Lire La Suite\u2026<\/a><\/div><\/div>\n<div class=\" pt-cv-content-item pt-cv-1-col\" ><div class=\"pt-cv-thumb-wrapper  \"><a href=\"https:\/\/missionnairesmontfortains.fr\/sitevaovao\/dimanche-des-rameaux-29-mars-2026\/\" class=\"_self pt-cv-href-thumbnail pt-cv-thumb-default\" target=\"_self\" ><img loading=\"lazy\" decoding=\"async\" width=\"425\" height=\"340\" src=\"https:\/\/missionnairesmontfortains.fr\/sitevaovao\/wp-content\/uploads\/2026\/03\/DimRameauxA03FR.jpg\" class=\"pt-cv-thumbnail\" alt=\"\" \/><\/a><\/div>\n<h4 class=\"pt-cv-title\"><a href=\"https:\/\/missionnairesmontfortains.fr\/sitevaovao\/dimanche-des-rameaux-29-mars-2026\/\" class=\"_self\" target=\"_self\" >Dimanche des Rameaux &#8211; 29 Mars 2026<\/a><\/h4>\n<div class=\"pt-cv-content\">29 mars 2026 Ann\u00e9e A\u00a0Mt 21, 1-11;\u00a0 Is 50, 4- ;\u00a0 Ps 21 (22): Ph 2, 6-11; Mt 26, 14 ...<\/div>\n<div class=\"pt-cv-rmwrap\"><a href=\"https:\/\/missionnairesmontfortains.fr\/sitevaovao\/dimanche-des-rameaux-29-mars-2026\/\" class=\"_self pt-cv-readmore btn btn-success\" target=\"_self\" >Lire La Suite\u2026<\/a><\/div><\/div>\n<div class=\" pt-cv-content-item pt-cv-1-col\" ><div class=\"pt-cv-thumb-wrapper  \"><a href=\"https:\/\/missionnairesmontfortains.fr\/sitevaovao\/5eme-dimanche-de-careme-a\/\" class=\"_self pt-cv-href-thumbnail pt-cv-thumb-default\" target=\"_self\" ><img loading=\"lazy\" decoding=\"async\" width=\"584\" height=\"253\" src=\"https:\/\/missionnairesmontfortains.fr\/sitevaovao\/wp-content\/uploads\/2026\/03\/5DimCarA05.jpg\" class=\"pt-cv-thumbnail\" alt=\"\" \/><\/a><\/div>\n<h4 class=\"pt-cv-title\"><a href=\"https:\/\/missionnairesmontfortains.fr\/sitevaovao\/5eme-dimanche-de-careme-a\/\" class=\"_self\" target=\"_self\" >5\u00e8me dimanche de Car\u00eame &#8211; A<\/a><\/h4>\n<div class=\"pt-cv-content\">22 mars 2026 \u00a0- A -\u00a0Ez 37,\u00a012-14\u00a0; Ps 129 (130)\u00a0;\u00a0 Rm 8,\u00a08-11\u00a0; Jn 11,\u00a01-45Si vous avez bien lu les deux ...<\/div>\n<div class=\"pt-cv-rmwrap\"><a href=\"https:\/\/missionnairesmontfortains.fr\/sitevaovao\/5eme-dimanche-de-careme-a\/\" class=\"_self pt-cv-readmore btn btn-success\" target=\"_self\" >Lire La Suite\u2026<\/a><\/div><\/div><\/div><\/div> <\/div> \t\t\t\t<\/div>\n\t\t\t\t<\/div>\n\t\t\t\t<\/div>\n\t\t\t\t<section class=\"elementor-section elementor-top-section elementor-element elementor-element-2d612c9f elementor-section-content-middle elementor-section-full_width elementor-section-height-default elementor-section-height-default\" data-id=\"2d612c9f\" data-element_type=\"section\" data-e-type=\"section\">\n\t\t\t\t\t\t<div class=\"elementor-container elementor-column-gap-no\">\n\t\t\t\t\t<div class=\"elementor-column elementor-col-20 elementor-top-column elementor-element elementor-element-26b1c0fa elementor-invisible\" data-id=\"26b1c0fa\" data-element_type=\"column\" data-e-type=\"column\" data-settings=\"{&quot;background_background&quot;:&quot;classic&quot;,&quot;animation&quot;:&quot;slideInDown&quot;}\">\n\t\t\t<div class=\"elementor-widget-wrap elementor-element-populated\">\n\t\t\t\t\t<div class=\"elementor-background-overlay\"><\/div>\n\t\t\t\t\t\t<div class=\"elementor-element elementor-element-607568af elementor-widget elementor-widget-spacer\" data-id=\"607568af\" data-element_type=\"widget\" data-e-type=\"widget\" data-widget_type=\"spacer.default\">\n\t\t\t\t<div class=\"elementor-widget-container\">\n\t\t\t\t\t\t\t<div class=\"elementor-spacer\">\n\t\t\t<div class=\"elementor-spacer-inner\"><\/div>\n\t\t<\/div>\n\t\t\t\t\t\t<\/div>\n\t\t\t\t<\/div>\n\t\t\t\t\t<\/div>\n\t\t<\/div>\n\t\t\t\t<div class=\"elementor-column elementor-col-20 elementor-top-column elementor-element elementor-element-4de95b09 elementor-invisible\" data-id=\"4de95b09\" data-element_type=\"column\" data-e-type=\"column\" data-settings=\"{&quot;background_background&quot;:&quot;classic&quot;,&quot;animation&quot;:&quot;slideInUp&quot;}\">\n\t\t\t<div class=\"elementor-widget-wrap elementor-element-populated\">\n\t\t\t\t\t\t<div class=\"elementor-element elementor-element-72b330bf elementor-widget elementor-widget-spacer\" data-id=\"72b330bf\" data-element_type=\"widget\" data-e-type=\"widget\" data-widget_type=\"spacer.default\">\n\t\t\t\t<div class=\"elementor-widget-container\">\n\t\t\t\t\t\t\t<div class=\"elementor-spacer\">\n\t\t\t<div class=\"elementor-spacer-inner\"><\/div>\n\t\t<\/div>\n\t\t\t\t\t\t<\/div>\n\t\t\t\t<\/div>\n\t\t\t\t\t<\/div>\n\t\t<\/div>\n\t\t\t\t<div class=\"elementor-column elementor-col-20 elementor-top-column elementor-element elementor-element-6e6d8b23 elementor-invisible\" data-id=\"6e6d8b23\" data-element_type=\"column\" data-e-type=\"column\" data-settings=\"{&quot;background_background&quot;:&quot;classic&quot;,&quot;animation&quot;:&quot;bounceInDown&quot;}\">\n\t\t\t<div class=\"elementor-widget-wrap elementor-element-populated\">\n\t\t\t\t\t\t<div class=\"elementor-element elementor-element-7f130ff5 elementor-widget elementor-widget-spacer\" data-id=\"7f130ff5\" data-element_type=\"widget\" data-e-type=\"widget\" data-widget_type=\"spacer.default\">\n\t\t\t\t<div class=\"elementor-widget-container\">\n\t\t\t\t\t\t\t<div class=\"elementor-spacer\">\n\t\t\t<div class=\"elementor-spacer-inner\"><\/div>\n\t\t<\/div>\n\t\t\t\t\t\t<\/div>\n\t\t\t\t<\/div>\n\t\t\t\t\t<\/div>\n\t\t<\/div>\n\t\t\t\t<div class=\"elementor-column elementor-col-20 elementor-top-column elementor-element elementor-element-31c28d71 elementor-invisible\" data-id=\"31c28d71\" data-element_type=\"column\" data-e-type=\"column\" data-settings=\"{&quot;background_background&quot;:&quot;classic&quot;,&quot;animation&quot;:&quot;bounceInUp&quot;}\">\n\t\t\t<div class=\"elementor-widget-wrap elementor-element-populated\">\n\t\t\t\t\t\t<div class=\"elementor-element elementor-element-7f10b831 elementor-widget elementor-widget-spacer\" data-id=\"7f10b831\" data-element_type=\"widget\" data-e-type=\"widget\" data-widget_type=\"spacer.default\">\n\t\t\t\t<div class=\"elementor-widget-container\">\n\t\t\t\t\t\t\t<div class=\"elementor-spacer\">\n\t\t\t<div class=\"elementor-spacer-inner\"><\/div>\n\t\t<\/div>\n\t\t\t\t\t\t<\/div>\n\t\t\t\t<\/div>\n\t\t\t\t\t<\/div>\n\t\t<\/div>\n\t\t\t\t<div class=\"elementor-column elementor-col-20 elementor-top-column elementor-element elementor-element-35ffa80c\" data-id=\"35ffa80c\" data-element_type=\"column\" data-e-type=\"column\">\n\t\t\t<div class=\"elementor-widget-wrap elementor-element-populated\">\n\t\t\t\t\t\t<div class=\"elementor-element elementor-element-48d07324 elementor-widget elementor-widget-heading\" data-id=\"48d07324\" data-element_type=\"widget\" data-e-type=\"widget\" data-widget_type=\"heading.default\">\n\t\t\t\t<div class=\"elementor-widget-container\">\n\t\t\t\t\t<h5 class=\"elementor-heading-title elementor-size-default\"><a href=\"https:\/\/missionnairesmontfortains.fr\/sitevaovao\/4-communautes\/?preview_id=28670&#038;preview_nonce=f6c8496c9b&#038;preview=true\">EN MISSION SUR LES HAUTS-LIEUX MONTFORTAINS<\/a><\/h5>\t\t\t\t<\/div>\n\t\t\t\t<\/div>\n\t\t\t\t<div class=\"elementor-element elementor-element-7727cfe1 elementor-widget elementor-widget-image-box\" data-id=\"7727cfe1\" data-element_type=\"widget\" data-e-type=\"widget\" data-settings=\"{&quot;_animation&quot;:&quot;none&quot;}\" data-widget_type=\"image-box.default\">\n\t\t\t\t<div class=\"elementor-widget-container\">\n\t\t\t\t\t<div class=\"elementor-image-box-wrapper\"><div class=\"elementor-image-box-content\"><h2 class=\"elementor-image-box-title\"><a href=\"https:\/\/missionnairesmontfortains.fr\/sitevaovao\/4-communautes\/?preview_id=28670&#038;preview_nonce=f6c8496c9b&#038;preview=true\">\"Oser prendre des risques pour Dieu et pour l'Humanit\u00e9\"<\/a><\/h2><p class=\"elementor-image-box-description\">En France, les Missionnaires Montfortains sont sur 4 lieux: \nSaint-Laurent-sur-s\u00e8vre, le Calvaire de Pontch\u00e2teau, Montfort-sur-Meur et Notre-Dame du Marillais.<\/p><\/div><\/div>\t\t\t\t<\/div>\n\t\t\t\t<\/div>\n\t\t\t\t<div class=\"elementor-element elementor-element-62da08bc elementor-align-center elementor-tablet-align-center elementor-mobile-align-center elementor-widget elementor-widget-button\" data-id=\"62da08bc\" data-element_type=\"widget\" data-e-type=\"widget\" data-widget_type=\"button.default\">\n\t\t\t\t<div class=\"elementor-widget-container\">\n\t\t\t\t\t\t\t\t\t<div class=\"elementor-button-wrapper\">\n\t\t\t\t\t<a class=\"elementor-button elementor-button-link elementor-size-md\" href=\"https:\/\/missionnairesmontfortains.fr\/sitevaovao\/4-communautes\/?preview_id=28670&#038;preview_nonce=f6c8496c9b&#038;preview=true\">\n\t\t\t\t\t\t<span class=\"elementor-button-content-wrapper\">\n\t\t\t\t\t\t\t\t\t<span class=\"elementor-button-text\">D\u00e9couvrir nos communaut\u00e9s<\/span>\n\t\t\t\t\t<\/span>\n\t\t\t\t\t<\/a>\n\t\t\t\t<\/div>\n\t\t\t\t\t\t\t\t<\/div>\n\t\t\t\t<\/div>\n\t\t\t\t\t<\/div>\n\t\t<\/div>\n\t\t\t\t\t<\/div>\n\t\t<\/section>\n\t\t<div class=\"elementor-element elementor-element-77cb0d63 e-flex e-con-boxed e-con e-parent\" data-id=\"77cb0d63\" data-element_type=\"container\" data-e-type=\"container\">\n\t\t\t\t\t<div class=\"e-con-inner\">\n\t\t\t\t<div class=\"elementor-element elementor-element-116a13dd elementor-widget elementor-widget-image\" data-id=\"116a13dd\" data-element_type=\"widget\" data-e-type=\"widget\" data-widget_type=\"image.default\">\n\t\t\t\t<div class=\"elementor-widget-container\">\n\t\t\t\t\t\t\t\t\t\t\t\t\t\t\t<img loading=\"lazy\" decoding=\"async\" width=\"768\" height=\"1086\" src=\"https:\/\/missionnairesmontfortains.fr\/sitevaovao\/wp-content\/uploads\/2025\/10\/Affiche-Concert-Voix-de-Montfort-Clisson-768x1086.png\" class=\"attachment-medium_large size-medium_large wp-image-28825\" alt=\"\" srcset=\"https:\/\/missionnairesmontfortains.fr\/sitevaovao\/wp-content\/uploads\/2025\/10\/Affiche-Concert-Voix-de-Montfort-Clisson-768x1086.png 768w, https:\/\/missionnairesmontfortains.fr\/sitevaovao\/wp-content\/uploads\/2025\/10\/Affiche-Concert-Voix-de-Montfort-Clisson-212x300.png 212w, https:\/\/missionnairesmontfortains.fr\/sitevaovao\/wp-content\/uploads\/2025\/10\/Affiche-Concert-Voix-de-Montfort-Clisson-724x1024.png 724w, https:\/\/missionnairesmontfortains.fr\/sitevaovao\/wp-content\/uploads\/2025\/10\/Affiche-Concert-Voix-de-Montfort-Clisson-1086x1536.png 1086w, https:\/\/missionnairesmontfortains.fr\/sitevaovao\/wp-content\/uploads\/2025\/10\/Affiche-Concert-Voix-de-Montfort-Clisson-1448x2048.png 1448w, https:\/\/missionnairesmontfortains.fr\/sitevaovao\/wp-content\/uploads\/2025\/10\/Affiche-Concert-Voix-de-Montfort-Clisson.png 1587w\" sizes=\"(max-width: 768px) 100vw, 768px\" \/>\t\t\t\t\t\t\t\t\t\t\t\t\t\t\t<\/div>\n\t\t\t\t<\/div>\n\t\t\t\t\t<\/div>\n\t\t\t\t<\/div>\n\t\t<div class=\"elementor-element elementor-element-580797df e-flex e-con-boxed e-con e-parent\" data-id=\"580797df\" data-element_type=\"container\" data-e-type=\"container\">\n\t\t\t\t\t<div class=\"e-con-inner\">\n\t\t<div class=\"elementor-element elementor-element-6446462a e-con-full e-flex e-con e-child\" data-id=\"6446462a\" data-element_type=\"container\" data-e-type=\"container\">\n\t\t\t\t<div class=\"elementor-element elementor-element-5b99a2a3 elementor-widget elementor-widget-heading\" data-id=\"5b99a2a3\" data-element_type=\"widget\" data-e-type=\"widget\" data-widget_type=\"heading.default\">\n\t\t\t\t<div class=\"elementor-widget-container\">\n\t\t\t\t\t<h1 class=\"elementor-heading-title elementor-size-default\">Restez inform\u00e9(e)<\/h1>\t\t\t\t<\/div>\n\t\t\t\t<\/div>\n\t\t\t\t<div class=\"elementor-element elementor-element-30d4a9c0 elementor-align-center elementor-widget elementor-widget-button\" data-id=\"30d4a9c0\" data-element_type=\"widget\" data-e-type=\"widget\" data-widget_type=\"button.default\">\n\t\t\t\t<div class=\"elementor-widget-container\">\n\t\t\t\t\t\t\t\t\t<div class=\"elementor-button-wrapper\">\n\t\t\t\t\t<a class=\"elementor-button elementor-button-link elementor-size-sm elementor-animation-grow\" href=\"#\">\n\t\t\t\t\t\t<span class=\"elementor-button-content-wrapper\">\n\t\t\t\t\t\t<span class=\"elementor-button-icon\">\n\t\t\t\t<svg aria-hidden=\"true\" class=\"e-font-icon-svg e-far-envelope\" viewBox=\"0 0 512 512\" xmlns=\"http:\/\/www.w3.org\/2000\/svg\"><path d=\"M464 64H48C21.49 64 0 85.49 0 112v288c0 26.51 21.49 48 48 48h416c26.51 0 48-21.49 48-48V112c0-26.51-21.49-48-48-48zm0 48v40.805c-22.422 18.259-58.168 46.651-134.587 106.49-16.841 13.247-50.201 45.072-73.413 44.701-23.208.375-56.579-31.459-73.413-44.701C106.18 199.465 70.425 171.067 48 152.805V112h416zM48 400V214.398c22.914 18.251 55.409 43.862 104.938 82.646 21.857 17.205 60.134 55.186 103.062 54.955 42.717.231 80.509-37.199 103.053-54.947 49.528-38.783 82.032-64.401 104.947-82.653V400H48z\"><\/path><\/svg>\t\t\t<\/span>\n\t\t\t\t\t\t\t\t\t<span class=\"elementor-button-text\">S'inscrire<\/span>\n\t\t\t\t\t<\/span>\n\t\t\t\t\t<\/a>\n\t\t\t\t<\/div>\n\t\t\t\t\t\t\t\t<\/div>\n\t\t\t\t<\/div>\n\t\t\t\t<div class=\"elementor-element elementor-element-71c01fe4 elementor-widget__width-inherit elementor-widget-mobile__width-inherit elementor-widget elementor-widget-text-editor\" data-id=\"71c01fe4\" data-element_type=\"widget\" data-e-type=\"widget\" data-widget_type=\"text-editor.default\">\n\t\t\t\t<div class=\"elementor-widget-container\">\n\t\t\t\t\t\t\t\t\t<p style=\"text-align: center;\">Abonnez-vous \u00e0 notre newsletter pour recevoir les derni\u00e8res m\u00e9ditations de la Parole de Dieu, les pri\u00e8res et des nouvelles<\/p><p style=\"text-align: center;\">\ud83d\ude4f <strong>Ne manquez rien de l&rsquo;audace des fils de Montfort<\/strong><\/p>\t\t\t\t\t\t\t\t<\/div>\n\t\t\t\t<\/div>\n\t\t\t\t<\/div>\n\t\t\t\t\t<\/div>\n\t\t\t\t<\/div>\n\t\t\t\t<\/div>\n\t\t","protected":false},"excerpt":{"rendered":"<p>11 Janvier 2026 A (Is 42,\u00a01-4.6-7\u00a0; Ac 10,\u00a034-38\u00a0; Mt 3,\u00a013-17) Fr\u00e8res\u00a0et\u00a0s\u0153urs, la f\u00eate du Bapt\u00eame du Seigneur marque la fin du temps de No\u00ebl et l\u2019entr\u00e9e de J\u00e9sus dans son minist\u00e8re public. Aujourd\u2019hui, J\u00e9sus quitte le silence de Nazareth pour se rendre au Jourdain. Il ne vient pas pour \u00eatre purifi\u00e9, car il est sans [&hellip;]<\/p>\n","protected":false},"author":3,"featured_media":29875,"comment_status":"closed","ping_status":"closed","sticky":true,"template":"","format":"standard","meta":{"content-type":"","_uag_custom_page_level_css":"","site-sidebar-layout":"default","site-content-layout":"","ast-site-content-layout":"default","site-content-style":"default","site-sidebar-style":"default","ast-global-header-display":"","ast-banner-title-visibility":"","ast-main-header-display":"","ast-hfb-above-header-display":"","ast-hfb-below-header-display":"","ast-hfb-mobile-header-display":"","site-post-title":"disabled","ast-breadcrumbs-content":"","ast-featured-img":"","footer-sml-layout":"","theme-transparent-header-meta":"","adv-header-id-meta":"","stick-header-meta":"","header-above-stick-meta":"","header-main-stick-meta":"","header-below-stick-meta":"","astra-migrate-meta-layouts":"set","ast-page-background-enabled":"default","ast-page-background-meta":{"desktop":{"background-color":"","background-image":"","background-repeat":"repeat","background-position":"center center","background-size":"auto","background-attachment":"scroll","background-type":"","background-media":"","overlay-type":"","overlay-color":"","overlay-opacity":"","overlay-gradient":""},"tablet":{"background-color":"","background-image":"","background-repeat":"repeat","background-position":"center center","background-size":"auto","background-attachment":"scroll","background-type":"","background-media":"","overlay-type":"","overlay-color":"","overlay-opacity":"","overlay-gradient":""},"mobile":{"background-color":"","background-image":"","background-repeat":"repeat","background-position":"center center","background-size":"auto","background-attachment":"scroll","background-type":"","background-media":"","overlay-type":"","overlay-color":"","overlay-opacity":"","overlay-gradient":""}},"ast-content-background-meta":{"desktop":{"background-color":"var(--ast-global-color-5)","background-image":"","background-repeat":"repeat","background-position":"center center","background-size":"auto","background-attachment":"scroll","background-type":"","background-media":"","overlay-type":"","overlay-color":"","overlay-opacity":"","overlay-gradient":""},"tablet":{"background-color":"var(--ast-global-color-5)","background-image":"","background-repeat":"repeat","background-position":"center center","background-size":"auto","background-attachment":"scroll","background-type":"","background-media":"","overlay-type":"","overlay-color":"","overlay-opacity":"","overlay-gradient":""},"mobile":{"background-color":"var(--ast-global-color-5)","background-image":"","background-repeat":"repeat","background-position":"center center","background-size":"auto","background-attachment":"scroll","background-type":"","background-media":"","overlay-type":"","overlay-color":"","overlay-opacity":"","overlay-gradient":""}},"footnotes":""},"categories":[44],"tags":[],"class_list":["post-29877","post","type-post","status-publish","format-standard","has-post-thumbnail","hentry","category-relais-devangile"],"uagb_featured_image_src":{"full":["https:\/\/missionnairesmontfortains.fr\/sitevaovao\/wp-content\/uploads\/2026\/01\/BaptemeSeigneur02rec.jpg",1407,1030,false],"thumbnail":["https:\/\/missionnairesmontfortains.fr\/sitevaovao\/wp-content\/uploads\/2026\/01\/BaptemeSeigneur02rec-150x150.jpg",150,150,true],"medium":["https:\/\/missionnairesmontfortains.fr\/sitevaovao\/wp-content\/uploads\/2026\/01\/BaptemeSeigneur02rec-300x220.jpg",300,220,true],"medium_large":["https:\/\/missionnairesmontfortains.fr\/sitevaovao\/wp-content\/uploads\/2026\/01\/BaptemeSeigneur02rec-768x562.jpg",768,562,true],"large":["https:\/\/missionnairesmontfortains.fr\/sitevaovao\/wp-content\/uploads\/2026\/01\/BaptemeSeigneur02rec-1024x750.jpg",1024,750,true],"1536x1536":["https:\/\/missionnairesmontfortains.fr\/sitevaovao\/wp-content\/uploads\/2026\/01\/BaptemeSeigneur02rec.jpg",1407,1030,false],"2048x2048":["https:\/\/missionnairesmontfortains.fr\/sitevaovao\/wp-content\/uploads\/2026\/01\/BaptemeSeigneur02rec.jpg",1407,1030,false]},"uagb_author_info":{"display_name":"Daniel Busnel","author_link":""},"uagb_comment_info":0,"uagb_excerpt":"11 Janvier 2026 A (Is 42,\u00a01-4.6-7\u00a0; Ac 10,\u00a034-38\u00a0; Mt 3,\u00a013-17) Fr\u00e8res\u00a0et\u00a0s\u0153urs, la f\u00eate du Bapt\u00eame du Seigneur marque la fin du temps de No\u00ebl et l\u2019entr\u00e9e de J\u00e9sus dans son minist\u00e8re public. Aujourd\u2019hui, J\u00e9sus quitte le silence de Nazareth pour se rendre au Jourdain. Il ne vient pas pour \u00eatre purifi\u00e9, car il est sans\u2026","_links":{"self":[{"href":"https:\/\/missionnairesmontfortains.fr\/sitevaovao\/wp-json\/wp\/v2\/posts\/29877","targetHints":{"allow":["GET"]}}],"collection":[{"href":"https:\/\/missionnairesmontfortains.fr\/sitevaovao\/wp-json\/wp\/v2\/posts"}],"about":[{"href":"https:\/\/missionnairesmontfortains.fr\/sitevaovao\/wp-json\/wp\/v2\/types\/post"}],"author":[{"embeddable":true,"href":"https:\/\/missionnairesmontfortains.fr\/sitevaovao\/wp-json\/wp\/v2\/users\/3"}],"replies":[{"embeddable":true,"href":"https:\/\/missionnairesmontfortains.fr\/sitevaovao\/wp-json\/wp\/v2\/comments?post=29877"}],"version-history":[{"count":7,"href":"https:\/\/missionnairesmontfortains.fr\/sitevaovao\/wp-json\/wp\/v2\/posts\/29877\/revisions"}],"predecessor-version":[{"id":29886,"href":"https:\/\/missionnairesmontfortains.fr\/sitevaovao\/wp-json\/wp\/v2\/posts\/29877\/revisions\/29886"}],"wp:featuredmedia":[{"embeddable":true,"href":"https:\/\/missionnairesmontfortains.fr\/sitevaovao\/wp-json\/wp\/v2\/media\/29875"}],"wp:attachment":[{"href":"https:\/\/missionnairesmontfortains.fr\/sitevaovao\/wp-json\/wp\/v2\/media?parent=29877"}],"wp:term":[{"taxonomy":"category","embeddable":true,"href":"https:\/\/missionnairesmontfortains.fr\/sitevaovao\/wp-json\/wp\/v2\/categories?post=29877"},{"taxonomy":"post_tag","embeddable":true,"href":"https:\/\/missionnairesmontfortains.fr\/sitevaovao\/wp-json\/wp\/v2\/tags?post=29877"}],"curies":[{"name":"wp","href":"https:\/\/api.w.org\/{rel}","templated":true}]}}