{"id":29843,"date":"2025-12-26T10:53:21","date_gmt":"2025-12-26T10:53:21","guid":{"rendered":"https:\/\/missionnairesmontfortains.fr\/sitevaovao\/?p=29843"},"modified":"2026-01-10T10:11:34","modified_gmt":"2026-01-10T10:11:34","slug":"priere-pour-les-vocations-janvier-2026","status":"publish","type":"post","link":"https:\/\/missionnairesmontfortains.fr\/sitevaovao\/priere-pour-les-vocations-janvier-2026\/","title":{"rendered":"Pri\u00e8re pour les Vocations &#8211; Janvier 2026"},"content":{"rendered":"\t\t<div data-elementor-type=\"wp-post\" data-elementor-id=\"29843\" class=\"elementor elementor-29843\">\n\t\t\t\t<div class=\"elementor-element elementor-element-6dfa5920 e-con-full e-flex e-con e-parent\" data-id=\"6dfa5920\" data-element_type=\"container\" data-e-type=\"container\">\n\t\t<div class=\"elementor-element elementor-element-9da5ea5 e-con-full e-flex e-con e-child\" data-id=\"9da5ea5\" data-element_type=\"container\" data-e-type=\"container\">\n\t\t\t\t<div class=\"elementor-element elementor-element-4368447 e-transform elementor-widget elementor-widget-text-editor\" data-id=\"4368447\" data-element_type=\"widget\" data-e-type=\"widget\" data-settings=\"{&quot;_transform_translateX_effect&quot;:{&quot;unit&quot;:&quot;px&quot;,&quot;size&quot;:&quot;&quot;,&quot;sizes&quot;:[]},&quot;_transform_translateX_effect_tablet&quot;:{&quot;unit&quot;:&quot;px&quot;,&quot;size&quot;:&quot;&quot;,&quot;sizes&quot;:[]},&quot;_transform_translateX_effect_mobile&quot;:{&quot;unit&quot;:&quot;px&quot;,&quot;size&quot;:&quot;&quot;,&quot;sizes&quot;:[]},&quot;_transform_translateY_effect&quot;:{&quot;unit&quot;:&quot;px&quot;,&quot;size&quot;:&quot;&quot;,&quot;sizes&quot;:[]},&quot;_transform_translateY_effect_tablet&quot;:{&quot;unit&quot;:&quot;px&quot;,&quot;size&quot;:&quot;&quot;,&quot;sizes&quot;:[]},&quot;_transform_translateY_effect_mobile&quot;:{&quot;unit&quot;:&quot;px&quot;,&quot;size&quot;:&quot;&quot;,&quot;sizes&quot;:[]}}\" data-widget_type=\"text-editor.default\">\n\t\t\t\t<div class=\"elementor-widget-container\">\n\t\t\t\t\t\t\t\t\t<h3><strong>PRI\u00c8RE POUR LES VOCATIONS &#8211; Janvier\u00a02026<\/strong><\/h3>\n<p>En ce d\u00e9but d\u2019une nouvelle ann\u00e9e, reprenons dans notre pri\u00e8re les th\u00e8mes pour lesquels nous avons formul\u00e9 des v\u0153ux\u00a0: Sant\u00e9, Bonheur, Paix, Cadre de vie.<\/p>\n<p>Demandons \u00e0 Dieu, par l\u2019intercession de la Vierge Marie, que se r\u00e9alisent en nous et autour de nous les merveilles que J\u00e9sus est venu nous annoncer.<\/p>\n<p><strong><u>Chant<\/u><\/strong><strong>\u00a0: <\/strong><strong>Je veux chanter ton amour, Seigneur<\/strong><\/p>\n<p><b>Je veux chanter ton amour, Seigneur,\u00a0\u00a0<br \/>chaque instant de ma vie<br \/>Danser pour toi en chantant ma joie et glorifier ton nom.<\/b>\u00a0\u00a0\u00a0\u00a0\u00a0\u00a0\u00a0\u00a0\u00a0\u00a0\u00a0\u00a0\u00a0 \u00a0\u00a0\u00a0\u00a0\u00a0\u00a0<\/p>\n<ul>\n<li>Ton amour pour nous est plus fort que tout, et tu veux nous donner la vie. Nous embraser par ton Esprit.\u00a0 Gloire \u00e0 Toi\u00a0!<\/li>\n<li>Car tu es fid\u00e8le, tu es toujours l\u00e0, tout pr\u00e8s de tous ceux qui te cherchent. \u00a0Tu r\u00e9ponds \u00e0 ceux qui t\u2019appellent. Gloire \u00e0 Toi\u00a0!<\/li>\n<\/ul>\n<p><strong>\u0081<\/strong><strong> \u2013 <u>SANT\u00c9<\/u> : <\/strong>Nous connaissons autour de nous de nombreuses personnes qui souffrentdans leur corps (de la maladie, du handicap, de la pauvret\u00e9, de la faim \u2026),<br \/>dans leur c\u0153ur (de la solitude, de l\u2019ins\u00e9curit\u00e9, de la d\u00e9pression\u2026).<\/p>\n<ul>\n<li>J\u00e9sus et les malades<\/li>\n<\/ul>\n<p>(Marc 6)\u00a0: \u00ab\u00a0Des gens apportaient des malades sur des brancards, et dans tous les endroits o\u00f9 il se rendait, dans les villages, les villes ou les campagnes, on d\u00e9posait les infirmes sur les places. Ils le suppliaient de leur laisser toucher ne serait-ce que la frange de son manteau. Et tous ceux qui la touchaient \u00e9taient sauv\u00e9s.\u00a0\u00bb<\/p>\n<p><em>Ce qui est certain, c\u2019est que J\u00e9sus a aim\u00e9 les malades et en a \u00e9t\u00e9 aim\u00e9. Il ne se prive pas de les soigner, de les soulager. Toute mis\u00e8re le trouve sensible et pr\u00eat \u00e0 agir.<\/em><\/p>\n<ul>\n<li>Montfort s\u2019est pr\u00e9occup\u00e9 des pauvres et des malades\u00a0: \u00e0 Paris, Poitiers, Dinan, \u00ab\u00a0Ouvrez \u00e0 J\u00e9sus-Christ\u00a0\u00bb. Quand il se faisait inviter, il amenait \u05f2ses amis\u00a0\u05f2.<\/li>\n<li>Chez nous, nous manquons de m\u00e9decins, de soignants, d\u2019accompagnants\u2026<\/li>\n<\/ul>\n<p>\u00a0\u00ab\u00a0Seigneur, suscite des vocations de soignants pour soulager, pour procurer toute l\u2019attention \u00e0 ceux qui ont tant besoin, pour vivre et t\u00e9moigner de ton Amour,\u00a0\u00bb<\/p>\n<p><strong>3 R\u00e9jouis-toi r\u00e9cit\u00e9s ou chant\u00e9s<\/strong><\/p>\n<p><strong><u>Chant<\/u><\/strong><strong>\u00a0:<\/strong><strong> \u00a0<\/strong><strong>A l\u2019image de ton Amour<\/strong><\/p>\n<p>Seigneur J\u00e9sus tu nous as dit :<br \/>\u00ab Je vous laisse un commandement nouveau : <br \/>Mes amis, aimez-vous les uns les autres. <br \/>Ecoutez mes paroles et vous vivrez \u00bb<\/p>\n<p><strong>Fais-nous semer ton \u00c9vangile, \u00a0\u00a0\u00a0\u00a0\u00a0\u00a0\u00a0\u00a0\u00a0\u00a0\u00a0\u00a0\u00a0\u00a0\u00a0\u00a0 \u00a0\u00a0\u00a0\u00a0\u00a0\u00a0\u00a0\u00a0\u00a0\u00a0Fais de nous des artisans d\u2019unit\u00e9 \u00a0<\/strong><br \/><strong>Fais de nous des t\u00e9moins de ton pardon\u00a0 \u00a0 \u00a0 \u00a0 \u00e0 l\u2019image de ton amour.<\/strong><\/p>\n<p><strong>\u0082<\/strong><strong> \u2013<u> BONHEUR <\/u>: <\/strong><\/p>\n<ul>\n<li>\u00ab Heureux les pauvres de c\u0153ur\u2026 Heureux les doux\u2026 Heureux ceux qui ont faim et soif de la justice\u2026 Heureux les mis\u00e9ricordieux\u2026 Heureux les c\u0153urs purs\u2026 Heureux les artisans de paix\u2026 Soyez dans l\u2019all\u00e9gresse car votre r\u00e9compense sera grande dans les cieux. \u00bb (Matthieu 5)<\/li>\n<\/ul>\n<p><em>Le bonheur annonc\u00e9 par J\u00e9sus passe par ces d\u00e9marches d\u2019amour, de compr\u00e9hension, de pardon.<\/em><\/p>\n<ul>\n<li>Dans les familles, les groupes, les associations\u2026 combien de gestes de d\u00e9licatesse, d\u2019attention \u00e0 l\u2019autre, d\u2019encouragement, d\u2019entraide qui m\u00e9riteraient d\u2019\u00eatre cit\u00e9s en exemple.<\/li>\n<li>Rendons gr\u00e2ce pour tous ceux qui rayonnent la joie, l\u2019optimisme et qui agissent pour apporter du bonheur autour d\u2019eux\u00a0<\/li>\n<\/ul>\n<p><strong>\u00a03<\/strong> <strong>R\u00e9jouis-toi<\/strong> <strong>r\u00e9cit\u00e9s ou chant\u00e9s<\/strong><\/p>\n<p><strong><u>Refrain<\/u><\/strong><strong>\u00a0: <\/strong><strong>Regarde l\u2019\u00e9toile, invoque Marie<\/strong>,\u00a0\u00a0\u00a0 \u00a0\u00a0\u00a0\u00a0\u00a0\u00a0\u00a0 \u00a0<\/p>\n<p>Si tu la suis, tu ne crains rien ! <br \/>Regarde l\u2019\u00e9toile, invoque Marie,<br \/>Elle te conduit sur le chemin\u00a0!<\/p>\n<p><strong>\u0083<\/strong><strong> \u2013<u> PAIX <\/u><\/strong><\/p>\n<ul>\n<li>\u00ab La paix soit avec vous \u00bb. \u00ab Je vous donne ma paix, je vous laisse ma paix \u00bb.\u00a0 \u00ab Tu aimeras ton prochain comme toi-m\u00eame<br \/>\u00ab Aimez-vous les uns les autres comme je vous ai aim\u00e9s \u00bb.<br \/>\u00ab Si ton fr\u00e8re a quelque chose contre toi, va te r\u00e9concilier \u00bb. \u00a0\u00a0\u00a0\u00a0<\/li>\n<\/ul>\n<p><em>Autant de paroles dont notre monde a besoin en ces \u00a0temps troubl\u00e9s par de nombreux conflits.<\/em><\/p>\n<ol>\n<li>Montfort nous invite \u00e0 rechercher la divine Sagesse (ASE 73) \u00ab\u00a0On ne peut rien d\u00e9sirer de plus que la Sagesse. Ainsi, quelques dons de Dieu, quelques tr\u00e9sors c\u00e9lestes que vous d\u00e9siriez, si vous ne d\u00e9sirez pas la Sagesse, vous d\u00e9sirez quelque chose de moins qu\u2019elle.\u00a0\u00bb<\/li>\n<li>Prions pour que tous, nous soyons des artisans de paix, Pour qu\u2019\u00e0 l\u2019\u00e9chelle mondiale s\u2019apaisent les conflits et que la paix, la justice, le respect des personnes soient vraiment une \u00a0priorit\u00e9 pour les chefs d\u2019\u00e9tats. \u00a0<\/li>\n<\/ol>\n<p><strong>3 R\u00e9jouis-toi r\u00e9cit\u00e9s ou chant\u00e9s<\/strong><\/p>\n<p><strong><u>Chant\u00a0<\/u><\/strong><strong>: <\/strong><strong>\u00a0<\/strong><strong>Aimons-nous les uns les autres, comme Dieu nous a aim\u00e9s\u00a0\u00bb<\/strong><\/p>\n<ul>\n<li>Parce qu\u2019il est bon, il nous a aim\u00e9s. C\u2019est lui le pardon, il nous a aim\u00e9s.<\/li>\n<li>D\u2019un amour vivant, il nous a aim\u00e9s. Comme ses enfants, il nous a aim\u00e9s.<\/li>\n<\/ul>\n<p><strong>\u0084<\/strong><strong> \u2013<u> LA BEAUT\u00c9 DE NOTRE ENVIRONNEMENT <\/u><\/strong><\/p>\n<ul>\n<li>Souvent dans l\u2019\u00c9vangile, J\u00e9sus parle de la nature\u00a0: Le moissonneur, le laboureur, les oiseaux du ciel et les b\u00eates des champs, la vigne, l\u2019olivier\u2026 C\u2019est pour louer la beaut\u00e9 de la Cr\u00e9ation\u2026<\/li>\n<\/ul>\n<ul>\n<li>Montfort\u00a0: \u00ab\u00a0La Sagesse a \u00e9tendu les cieux. Elle a plac\u00e9 le soleil, la lune et les \u00e9toiles et les plan\u00e8tes avec ordre\u2026\u00a0\u00bb ASE 32<\/li>\n<li>\u00ab\u00a0Mon Dieu, tu es grand, tu es beau\u2026 Dieu pr\u00e9sent en toute cr\u00e9ation\u00a0\u00bb<\/li>\n<li>\u00ab\u00a0Lou\u00e9 sois-tu Mon Seigneur \u2026\u00a0\u00bb chantait Fran\u00e7ois d\u2019Assise.<\/li>\n<\/ul>\n<p>Dans ce beau cantique, il nous rappelait que notre maison commune est aussi comme une s\u0153ur, avec laquelle nous partageons l\u2019existence, et comme une m\u00e8re, belle, qui nous accueille \u00e0 bras ouverts : \u00ab Lou\u00e9 sois-tu, mon Seigneur, pour s\u0153ur notre m\u00e8re la terre, qui nous soutient et nous gouverne, et produit divers fruits avec les fleurs color\u00e9es et l\u2019herbe \u00bb.<strong> (Laudato Si\u2019 1)<\/strong><\/p>\n<ol>\n<li>Prions pour que tous les habitants de cette terre l\u2019aiment, la respectent, l\u2019embellissent, la fassent fructifier harmonieusement.<\/li>\n<\/ol>\n<p><strong>3 R\u00e9jouis-toi r\u00e9cit\u00e9s ou chant\u00e9s<\/strong><\/p>\n<p><strong>Chercher avec toi, Marie<\/strong><\/p>\n<p>Chercher avec toi dans nos vies, le Don de Dieu Vierge Marie. <br \/>Par toi accueillir aujourd\u2019hui, le don de Dieu, Vierge Marie.<\/p>\n<p>1 &#8211; Puisque tu chantes avec nous, Magnificat, Vierge Marie,<br \/>Permets la P\u00e2que sur nos pas, nous ferons tout ce qu\u2019il dira.<\/p>\n<p>2 &#8211; Puisque tu demeures avec nous, pour l\u2019Ang\u00e9lus, Vierge Marie, <br \/>Guide nos pas dans l\u2019inconnu, car tu es celle qui a cru.<\/p>\n<p><strong>Pri\u00e8re <\/strong><\/p>\n<p>Seigneur,\u00a0 Toi qui appelles chacun par son nom, ouvre nos c\u0153urs \u00e0 ta voix douce et forte.<br \/>Fais na\u00eetre dans ton \u00c9glise des c\u0153urs ardents,<br \/>pr\u00eats \u00e0 te suivre sur les chemins du service et de l\u2019amour.<\/p>\n<p>Donne \u00e0 nos jeunes la lumi\u00e8re pour discerner, le courage pour r\u00e9pondre,<br \/>et la joie de se donner sans r\u00e9serve.<\/p>\n<p>Soutiens ceux qui ont d\u00e9j\u00e0 dit \u00ab oui \u00bb \u00e0 ton appel :<br \/>les pr\u00eatres, les religieux, les missionnaires,<br \/>et tous ceux qui, dans le silence, offrent leur vie pour ton Royaume.<\/p>\n<p>Que ton Esprit Saint souffle sur nos communaut\u00e9s,<br \/>pour que germent et grandissent les vocations dont le monde a tant besoin.<br \/>Amen.<\/p>\n<p><em>\u00a0\u00a0\u00a0\u00a0\u00a0 Communaut\u00e9 des Fr\u00e8res de Saint-Gabriel &#8211; Machecoul<\/em><\/p>\t\t\t\t\t\t\t\t<\/div>\n\t\t\t\t<\/div>\n\t\t\t\t<\/div>\n\t\t<div class=\"elementor-element elementor-element-42917dd9 e-con-full e-flex e-con e-child\" data-id=\"42917dd9\" data-element_type=\"container\" data-e-type=\"container\">\n\t\t\t\t<div class=\"elementor-element elementor-element-5cd81ff6 elementor-widget elementor-widget-link-in-bio\" data-id=\"5cd81ff6\" data-element_type=\"widget\" data-e-type=\"widget\" data-widget_type=\"link-in-bio.default\">\n\t\t\t\t<div class=\"elementor-widget-container\">\n\t\t\t\t\t\t\t<div class=\"e-link-in-bio e-link-in-bio\">\n\t\t\t<div class=\"e-link-in-bio__content\">\n\n\t\t\t\t\t\t<div class=\"e-link-in-bio__identity\">\n\t\t\t\t\t\t\t\t\t<div class=\"e-link-in-bio__identity-image e-link-in-bio__identity-image-profile has-style-circle\">\n\t\t\t\t\t\t\t<img fetchpriority=\"high\" decoding=\"async\" width=\"204\" height=\"300\" src=\"https:\/\/missionnairesmontfortains.fr\/sitevaovao\/wp-content\/uploads\/2025\/03\/1000027263-204x300.jpg\" class=\"e-link-in-bio__identity-image-element\" alt=\"\" srcset=\"https:\/\/missionnairesmontfortains.fr\/sitevaovao\/wp-content\/uploads\/2025\/03\/1000027263-204x300.jpg 204w, https:\/\/missionnairesmontfortains.fr\/sitevaovao\/wp-content\/uploads\/2025\/03\/1000027263.jpg 545w\" sizes=\"(max-width: 204px) 100vw, 204px\" \/>\t\t\t\t\t\t\t\t\t\t\t\t\t<\/div>\n\t\t\t\t\t\t\t<\/div>\n\t\t\t\t\t<div class=\"e-link-in-bio__bio\">\n\t\t\t\t<h2 class=\"e-link-in-bio__heading\">Se former<\/h2>\t\t\t\t<h3 class=\"e-link-in-bio__title\">\u00e0 la spiritualit\u00e9 montfortaine<\/h3>\t\t\t\t\t\t\t\t<p class=\"e-link-in-bio__description\">Tous les mois, une formation via zoom est propos\u00e9e par l&#039;Association Marie Reine des c\u0153urs<\/p>\t\t\t<\/div>\n\t\t\t\t\t<div class=\"e-link-in-bio__icons has-size-medium\">\n\t\t\t\t\t\t\t<div class=\"e-link-in-bio__icon is-size-medium\">\n\t\t\t\t\t<a href=\"https:\/\/youtube.com\/live\/THq1ihIBGwU\" target=\"_blank\" rel=\"noopener \" aria-label=\"YouTube\" class=\"e-link-in-bio__icon-link\">\n\t\t\t\t\t\t<span class=\"e-link-in-bio__icon-svg\">\n\t\t\t\t\t\t\t<svg aria-hidden=\"true\" class=\"e-font-icon-svg e-fab-youtube\" viewBox=\"0 0 576 512\" xmlns=\"http:\/\/www.w3.org\/2000\/svg\"><path d=\"M549.655 124.083c-6.281-23.65-24.787-42.276-48.284-48.597C458.781 64 288 64 288 64S117.22 64 74.629 75.486c-23.497 6.322-42.003 24.947-48.284 48.597-11.412 42.867-11.412 132.305-11.412 132.305s0 89.438 11.412 132.305c6.281 23.65 24.787 41.5 48.284 47.821C117.22 448 288 448 288 448s170.78 0 213.371-11.486c23.497-6.321 42.003-24.171 48.284-47.821 11.412-42.867 11.412-132.305 11.412-132.305s0-89.438-11.412-132.305zm-317.51 213.508V175.185l142.739 81.205-142.739 81.201z\"><\/path><\/svg>\t\t\t\t\t\t<\/span>\n\t\t\t\t\t\t\t\t\t\t\t<\/a>\n\t\t\t\t<\/div>\n\t\t\t\t\t\t\t<div class=\"e-link-in-bio__icon is-size-medium\">\n\t\t\t\t\t<a href=\"https:\/\/www.facebook.com\/events\/627719333624653\" target=\"_blank\" rel=\"noopener \" aria-label=\"Facebook\" class=\"e-link-in-bio__icon-link\">\n\t\t\t\t\t\t<span class=\"e-link-in-bio__icon-svg\">\n\t\t\t\t\t\t\t<svg aria-hidden=\"true\" class=\"e-font-icon-svg e-fab-facebook\" viewBox=\"0 0 512 512\" xmlns=\"http:\/\/www.w3.org\/2000\/svg\"><path d=\"M504 256C504 119 393 8 256 8S8 119 8 256c0 123.78 90.69 226.38 209.25 245V327.69h-63V256h63v-54.64c0-62.15 37-96.48 93.67-96.48 27.14 0 55.52 4.84 55.52 4.84v61h-31.28c-30.8 0-40.41 19.12-40.41 38.73V256h68.78l-11 71.69h-57.78V501C413.31 482.38 504 379.78 504 256z\"><\/path><\/svg>\t\t\t\t\t\t<\/span>\n\t\t\t\t\t\t\t\t\t\t\t<\/a>\n\t\t\t\t<\/div>\n\t\t\t\t\t<\/div>\n\t\t\n\t\t<div class=\"e-link-in-bio__ctas has-type-button\">\n\t\t\t\t\t\t\t<a href=\"https:\/\/us02web.zoom.us\/j\/89456156887\" target=\"_blank\" rel=\"noopener \" class=\"e-link-in-bio__cta is-type-button has-border has-corners-round\">\n\t\t\t\t\t\t\t\t\t\t<span class=\"e-link-in-bio__cta-text\">\n\t\t\t\t\t\trecevoir le lien\t\t\t\t\t<\/span>\n\t\t\t\t<\/a>\n\t\t\t\t\t<\/div>\n\t\t\n\t\t\t<\/div>\n\t\t\t<div class=\"e-link-in-bio__bg\">\n\t\t\t\t<div class=\"e-link-in-bio__bg-overlay\"><\/div>\n\t\t\t<\/div>\n\t\t<\/div>\n\t\t\t\t\t\t<\/div>\n\t\t\t\t<\/div>\n\t\t\t\t<\/div>\n\t\t\t\t<\/div>\n\t\t<div class=\"elementor-element elementor-element-1beeefbf e-flex e-con-boxed e-con e-parent\" data-id=\"1beeefbf\" data-element_type=\"container\" data-e-type=\"container\">\n\t\t\t\t\t<div class=\"e-con-inner\">\n\t\t\t\t<div class=\"elementor-element elementor-element-48c2ddae elementor-widget elementor-widget-image\" data-id=\"48c2ddae\" data-element_type=\"widget\" data-e-type=\"widget\" data-widget_type=\"image.default\">\n\t\t\t\t<div class=\"elementor-widget-container\">\n\t\t\t\t\t\t\t\t\t\t\t\t\t\t\t\t<a href=\"https:\/\/missionnairesmontfortains.fr\/sitevaovao\/wp-content\/uploads\/2025\/12\/PriereVocationsJanvier-fsg-2026.pdf\">\n\t\t\t\t\t\t\t<img decoding=\"async\" width=\"55\" height=\"67\" src=\"https:\/\/missionnairesmontfortains.fr\/sitevaovao\/wp-content\/uploads\/2025\/10\/telechargement-e1760478313423.png\" class=\"attachment-large size-large wp-image-28346\" alt=\"\" \/>\t\t\t\t\t\t\t\t<\/a>\n\t\t\t\t\t\t\t\t\t\t\t\t\t\t\t<\/div>\n\t\t\t\t<\/div>\n\t\t\t\t\t<\/div>\n\t\t\t\t<\/div>\n\t\t<div class=\"elementor-element elementor-element-53c19128 e-flex e-con-boxed e-con e-parent\" data-id=\"53c19128\" data-element_type=\"container\" data-e-type=\"container\">\n\t\t\t\t\t<div class=\"e-con-inner\">\n\t\t\t\t<div class=\"elementor-element elementor-element-598319d6 elementor-widget elementor-widget-contentviews_widget_list1\" data-id=\"598319d6\" data-element_type=\"widget\" data-e-type=\"widget\" data-widget_type=\"contentviews_widget_list1.default\">\n\t\t\t\t<div class=\"elementor-widget-container\">\n\t\t\t\t\t<div class='pt-cv-wrapper'> <div class=\"pt-cv-view pt-cv-blockgrid iscvblock iscvelementor list1 layout1\" id=\"pt-cv-view-598319d6\"><div data-id=\"pt-cv-page-1\" class=\"pt-cv-page\" data-cvc=\"1\"><div class=\" pt-cv-content-item pt-cv-2-col\" ><h4 class=\"pt-cv-title\"><a href=\"https:\/\/missionnairesmontfortains.fr\/sitevaovao\/priere-pour-les-vocations-mai-2026\/\" class=\"_self\" target=\"_self\" >Pri\u00e8re pour les vocations &#8211; Mai 2026<\/a><\/h4><\/div>\n<div class=\" pt-cv-content-item pt-cv-2-col\" ><h4 class=\"pt-cv-title\"><a href=\"https:\/\/missionnairesmontfortains.fr\/sitevaovao\/priere-pour-les-vocations-avril\/\" class=\"_self\" target=\"_self\" >Pri\u00e8re pour les vocations &#8211; Avril 2026<\/a><\/h4><\/div>\n<div class=\" pt-cv-content-item pt-cv-2-col\" ><h4 class=\"pt-cv-title\"><a href=\"https:\/\/missionnairesmontfortains.fr\/sitevaovao\/priere-pour-les-vocation-mars-2026\/\" class=\"_self\" target=\"_self\" >Pri\u00e8re pour les vocations &#8211; Mars 2026<\/a><\/h4><\/div>\n<div class=\" pt-cv-content-item pt-cv-2-col\" ><h4 class=\"pt-cv-title\"><a href=\"https:\/\/missionnairesmontfortains.fr\/sitevaovao\/priere-pour-les-vocations-fevrier-2026\/\" class=\"_self\" target=\"_self\" >Pri\u00e8re pour les Vocations &#8211; F\u00e9vrier 2026<\/a><\/h4><\/div>\n<div class=\" pt-cv-content-item pt-cv-2-col\" ><h4 class=\"pt-cv-title\"><a href=\"https:\/\/missionnairesmontfortains.fr\/sitevaovao\/priere-pour-les-vocations-janvier-2026\/\" class=\"_self\" target=\"_self\" >Pri\u00e8re pour les Vocations &#8211; Janvier 2026<\/a><\/h4><\/div>\n<div class=\" pt-cv-content-item pt-cv-2-col\" ><h4 class=\"pt-cv-title\"><a href=\"https:\/\/missionnairesmontfortains.fr\/sitevaovao\/priere-pour-les-vocation-decembre-2025\/\" class=\"_self\" target=\"_self\" >Pri\u00e8re pour les vocations D\u00e9cembre 2025<\/a><\/h4><\/div><\/div><\/div> <\/div> \t\t\t\t<\/div>\n\t\t\t\t<\/div>\n\t\t\t\t\t<\/div>\n\t\t\t\t<\/div>\n\t\t\t\t<section class=\"elementor-section elementor-top-section elementor-element elementor-element-2493f060 elementor-section-boxed elementor-section-height-default elementor-section-height-default\" data-id=\"2493f060\" data-element_type=\"section\" data-e-type=\"section\" data-settings=\"{&quot;background_background&quot;:&quot;classic&quot;,&quot;shape_divider_bottom&quot;:&quot;drops&quot;,&quot;shape_divider_top&quot;:&quot;drops&quot;,&quot;shape_divider_bottom_negative&quot;:&quot;yes&quot;}\">\n\t\t\t\t\t<div class=\"elementor-shape elementor-shape-top\" aria-hidden=\"true\" data-negative=\"false\">\n\t\t\t<svg xmlns=\"http:\/\/www.w3.org\/2000\/svg\" height=\"100%\" viewBox=\"0 0 283.5 27.8\" preserveAspectRatio=\"xMidYMax slice\">\n\t<path class=\"elementor-shape-fill\" d=\"M0 0v1.4c.6.7 1.1 1.4 1.4 2 2 3.8 2.2 6.6 1.8 10.8-.3 3.3-2.4 9.4 0 12.3 1.7 2 3.7 1.4 4.6-.9 1.4-3.8-.7-8.2-.6-12 .1-3.7 3.2-5.5 6.9-4.9 4 .6 4.8 4 4.9 7.4.1 1.8-1.1 7 0 8.5.6.8 1.6 1.2 2.4.5 1.4-1.1.1-5.4.1-6.9.1-3.7.3-8.6 4.1-10.5 5-2.5 6.2 1.6 5.4 5.6-.4 1.7-1 9.2 2.9 6.3 1.5-1.1.7-3.5.5-4.9-.4-2.4-.4-4.3 1-6.5.9-1.4 2.4-3.1 4.2-3 2.4.1 2.7 2.2 4 3.7 1.5 1.8 1.8 2.2 3 .1 1.1-1.9 1.2-2.8 3.6-3.3 1.3-.3 4.8-1.4 5.9-.5 1.5 1.1.6 2.8.4 4.3-.2 1.1-.6 4 1.8 3.4 1.7-.4-.3-4.1.6-5.6 1.3-2.2 5.8-1.4 7 .5 1.3 2.1.5 5.8.1 8.1s-1.2 5-.6 7.4c1.3 5.1 4.4.9 4.3-2.4-.1-4.4-2-8.8-.5-13 .9-2.4 4.6-6.6 7.7-4.5 2.7 1.8.5 7.8.2 10.3-.2 1.7-.8 4.6.2 6.2.9 1.4 2 1.5 2.6-.3.5-1.5-.9-4.5-1-6.1-.2-1.7-.4-3.7.2-5.4 1.8-5.6 3.5 2.4 6.3.6 1.4-.9 4.3-9.4 6.1-3.1.6 2.2-1.3 7.8.7 8.9 4.2 2.3 1.5-7.1 2.2-8 3.1-4 4.7 3.8 6.1 4.1 3.1.7 2.8-7.9 8.1-4.5 1.7 1.1 2.9 3.3 3.2 5.2.4 2.2-1 4.5-.6 6.6 1 4.3 4.4 1.5 4.4-1.7 0-2.7-3-8.3 1.4-9.1 4.4-.9 7.3 3.5 7.8 6.9.3 2-1.5 10.9 1.3 11.3 4.1.6-3.2-15.7 4.8-15.8 4.7-.1 2.8 4.1 3.9 6.6 1 2.4 2.1 1 2.3-.8.3-1.9-.9-3.2 1.3-4.3 5.9-2.9 5.9 5.4 5.5 8.5-.3 2-1.7 8.4 2 8.1 6.9-.5-2.8-16.9 4.8-18.7 4.7-1.2 6.1 3.6 6.3 7.1.1 1.7-1.2 8.1.6 9.1 3.5 2 1.9-7 2-8.4.2-4 1.2-9.6 6.4-9.8 4.7-.2 3.2 4.6 2.7 7.5-.4 2.2 1.3 8.6 3.8 4.4 1.1-1.9-.3-4.1-.3-6 0-1.7.4-3.2 1.3-4.6 1-1.6 2.9-3.5 5.1-2.9 2.5.6 2.3 4.1 4.1 4.9 1.9.8 1.6-.9 2.3-2.1 1.2-2.1 2.1-2.1 4.4-2.4 1.4-.2 3.6-1.5 4.9-.5 2.3 1.7-.7 4.4.1 6.5.6 1.5 2.1 1.7 2.8.3.7-1.4-1.1-3.4-.3-4.8 1.4-2.5 6.2-1.2 7.2 1 2.3 4.8-3.3 12-.2 16.3 3 4.1 3.9-2.8 3.8-4.8-.4-4.3-2.1-8.9 0-13.1 1.3-2.5 5.9-5.7 7.9-2.4 2 3.2-1.3 9.8-.8 13.4.5 4.4 3.5 3.3 2.7-.8-.4-1.9-2.4-10 .6-11.1 3.7-1.4 2.8 7.2 6.5.4 2.2-4.1 4.9-3.1 5.2 1.2.1 1.5-.6 3.1-.4 4.6.2 1.9 1.8 3.7 3.3 1.3 1-1.6-2.6-10.4 2.9-7.3 2.6 1.5 1.6 6.5 4.8 2.7 1.3-1.5 1.7-3.6 4-3.7 2.2-.1 4 2.3 4.8 4.1 1.3 2.9-1.5 8.4.9 10.3 4.2 3.3 3-5.5 2.7-6.9-.6-3.9 1-7.2 5.5-5 4.1 2.1 4.3 7.7 4.1 11.6 0 .8-.6 9.5 2.5 5.2 1.2-1.7-.1-7.7.1-9.6.3-2.9 1.2-5.5 4.3-6.2 4.5-1 7.7 1.5 7.4 5.8-.2 3.5-1.8 7.7-.5 11.1 1 2.7 3.6 2.8 5 .2 1.6-3.1 0-8.3-.4-11.6-.4-4.2-.2-7 1.8-10.8 0 0-.1.1-.1.2-.2.4-.3.7-.4.8v.1c-.1.2-.1.2 0 0v-.1l.4-.8c0-.1.1-.1.1-.2.2-.4.5-.8.8-1.2V0H0zM282.7 3.4z\"\/>\n<\/svg>\t\t<\/div>\n\t\t\t\t<div class=\"elementor-shape elementor-shape-bottom\" aria-hidden=\"true\" data-negative=\"true\">\n\t\t\t<svg xmlns=\"http:\/\/www.w3.org\/2000\/svg\" height=\"100%\" viewBox=\"0 0 283.5 27.8\" preserveAspectRatio=\"xMidYMax slice\">\n\t<path class=\"elementor-shape-fill\" d=\"M282.7 3.4c-2 3.8-2.2 6.6-1.8 10.8.3 3.3 2 8.5.4 11.6-1.4 2.6-4 2.5-5-.2-1.2-3.4.3-7.6.5-11.1.3-4.3-2.9-6.9-7.4-5.8-3.1.7-4.1 3.3-4.3 6.2-.2 2 1.2 8-.1 9.6-3.1 4.3-2.5-4.5-2.5-5.2.1-4-.1-9.6-4.1-11.6-4.5-2.3-6.1 1-5.5 5 .2 1.4 1.5 10.2-2.7 6.9-2.5-1.9.4-7.5-.9-10.3-.8-1.8-2.6-4.2-4.8-4.1-2.4.1-2.7 2.2-4 3.7-3.3 3.8-2.2-1.2-4.8-2.7-5.5-3.1-2 5.6-2.9 7.3-1.4 2.4-3.1.6-3.3-1.3-.1-1.5.5-3.1.4-4.6-.3-4.3-2.9-5.3-5.2-1.2-3.7 6.7-2.8-1.9-6.5-.4-3 1.1-.9 9.2-.6 11.1.7 4.1-2.2 5.2-2.7.8-.4-3.6 2.8-10.2.8-13.4-2.1-3.3-6.7-.1-7.9 2.4-2.1 4.2-.4 8.7 0 13.1.2 2-.8 8.9-3.8 4.8-3.1-4.3 2.5-11.6.2-16.3-1.1-2.2-5.8-3.5-7.2-1-.8 1.4 1 3.4.3 4.8s-2.2 1.2-2.8-.3c-.8-2.1 2.2-4.8-.1-6.5-1.3-.9-3.5.3-4.9.5-2.4-.1-3.3 0-4.5 2-.7 1.2-.4 3-2.3 2.1-1.9-.8-1.7-4.3-4.1-4.9-2.1-.6-4 1.3-5.1 2.9-.9 1.4-1.3 3-1.3 4.6 0 1.9 1.4 4.2.3 6-2.4 4.2-4.2-2.2-3.8-4.4.5-2.9 2-7.7-2.7-7.5-5.2.3-6.1 5.8-6.4 9.8-.1 1.3 1.5 10.4-2 8.4-1.8-1-.5-7.5-.6-9.1-.1-3.5-1.6-8.3-6.3-7.1-7.6 1.9 2.1 18.2-4.8 18.7-3.7.3-2.3-6.2-2-8.1.5-3.1.5-11.4-5.5-8.5-2.2 1.1-1 2.3-1.3 4.3-.2 1.8-1.3 3.2-2.3.8-1.1-2.5.8-6.7-3.9-6.6-8 .1-.7 16.4-4.8 15.8-2.8-.4-1-9.3-1.3-11.3-.6-3.5-3.5-7.8-7.8-6.9-4.4.9-1.4 6.5-1.4 9.1 0 3.1-3.4 5.9-4.4 1.7-.5-2.2.9-4.4.6-6.6-.3-1.9-1.5-4.1-3.2-5.2-5.3-3.4-4.9 5.2-8.1 4.5-1.4-.3-3-8.1-6.1-4.1-.7.9 2 10.3-2.2 8-2-1.1-.1-6.7-.7-8.9-1.8-6.2-4.7 2.3-6.1 3.1-2.9 1.7-4.6-6.2-6.3-.6-.5 1.7-.4 3.7-.2 5.4.2 1.6 1.5 4.6 1 6.1-.6 1.8-1.7 1.7-2.6.3-1-1.6-.4-4.5-.2-6.2.3-2.5 2.4-8.4-.2-10.3-3.1-2.1-6.8 2.1-7.7 4.5-1.5 4.3.3 8.7.5 13 .1 3.2-3 7.5-4.3 2.4-.6-2.4.2-5.1.6-7.4.4-2.3 1.2-6-.1-8.1-1.2-1.9-5.8-2.7-7-.5-.9 1.6 1.2 5.2-.6 5.6-2.4.6-2-2.3-1.8-3.4.3-1.5 1.1-3.2-.4-4.3-1.2-.9-4.7.3-5.9.5-2.4.5-2.5 1.4-3.6 3.3-1.2 2.1-1.4 1.7-3-.1-1.3-1.5-1.7-3.6-4-3.7-1.8-.1-3.4 1.7-4.2 3-1.4 2.2-1.3 4.1-1 6.5.2 1.4 1 3.8-.5 4.9-3.9 2.9-3.2-4.6-2.9-6.3.8-3.9-.4-8.1-5.4-5.6-3.8 1.9-4.1 6.7-4.1 10.5 0 1.6 1.2 5.8-.1 6.9-.8.7-1.8.3-2.4-.5-1.1-1.5.1-6.7 0-8.5-.1-3.5-.9-6.9-4.9-7.4-3.6-.6-6.7 1.2-6.8 4.9-.1 3.9 2 8.2.6 12-.9 2.4-2.9 2.9-4.6.9-2.4-2.8-.4-9 0-12.3.4-4.2.2-7-1.8-10.8C1.1 2.8.6 2.1 0 1.4v26.4h283.5V2.2c-.3.4-.6.8-.8 1.2z\"\/>\n<\/svg>\t\t<\/div>\n\t\t\t\t\t<div class=\"elementor-container elementor-column-gap-no\">\n\t\t\t\t\t<div class=\"elementor-column elementor-col-100 elementor-top-column elementor-element elementor-element-174645a6\" data-id=\"174645a6\" data-element_type=\"column\" data-e-type=\"column\">\n\t\t\t<div class=\"elementor-widget-wrap elementor-element-populated\">\n\t\t\t\t\t\t<div class=\"elementor-element elementor-element-16d4c0a5 elementor-widget elementor-widget-heading\" data-id=\"16d4c0a5\" data-element_type=\"widget\" data-e-type=\"widget\" data-widget_type=\"heading.default\">\n\t\t\t\t<div class=\"elementor-widget-container\">\n\t\t\t\t\t<h2 class=\"elementor-heading-title elementor-size-default\">PRIEZ AVEC NOUS<\/h2>\t\t\t\t<\/div>\n\t\t\t\t<\/div>\n\t\t\t\t<div class=\"elementor-element elementor-element-52acdbb2 elementor-widget elementor-widget-text-editor\" data-id=\"52acdbb2\" data-element_type=\"widget\" data-e-type=\"widget\" data-widget_type=\"text-editor.default\">\n\t\t\t\t<div class=\"elementor-widget-container\">\n\t\t\t\t\t\t\t\t\t<p>Tous les mois, la famille montfortaine prie ensemble malgr\u00e9 la distance et les diff\u00e9rentes occupations<\/p>\t\t\t\t\t\t\t\t<\/div>\n\t\t\t\t<\/div>\n\t\t\t\t<section class=\"elementor-section elementor-inner-section elementor-element elementor-element-63cffbb9 elementor-section-content-middle elementor-section-boxed elementor-section-height-default elementor-section-height-default\" data-id=\"63cffbb9\" data-element_type=\"section\" data-e-type=\"section\">\n\t\t\t\t\t\t<div class=\"elementor-container elementor-column-gap-default\">\n\t\t\t\t\t<div class=\"elementor-column elementor-col-50 elementor-inner-column elementor-element elementor-element-25815e43\" data-id=\"25815e43\" data-element_type=\"column\" data-e-type=\"column\" data-settings=\"{&quot;background_background&quot;:&quot;classic&quot;}\">\n\t\t\t<div class=\"elementor-widget-wrap elementor-element-populated\">\n\t\t\t\t\t\t<div class=\"elementor-element elementor-element-72d8c5b5 elementor-widget elementor-widget-image\" data-id=\"72d8c5b5\" data-element_type=\"widget\" data-e-type=\"widget\" data-widget_type=\"image.default\">\n\t\t\t\t<div class=\"elementor-widget-container\">\n\t\t\t\t\t\t\t\t\t\t\t\t\t\t\t<img decoding=\"async\" width=\"150\" height=\"150\" src=\"https:\/\/missionnairesmontfortains.fr\/sitevaovao\/wp-content\/uploads\/2025\/03\/OIP-1-150x150.jpg\" class=\"attachment-thumbnail size-thumbnail wp-image-26315\" alt=\"\" srcset=\"https:\/\/missionnairesmontfortains.fr\/sitevaovao\/wp-content\/uploads\/2025\/03\/OIP-1-150x150.jpg 150w, https:\/\/missionnairesmontfortains.fr\/sitevaovao\/wp-content\/uploads\/2025\/03\/OIP-1-300x300.jpg 300w, https:\/\/missionnairesmontfortains.fr\/sitevaovao\/wp-content\/uploads\/2025\/03\/OIP-1.jpg 474w\" sizes=\"(max-width: 150px) 100vw, 150px\" \/>\t\t\t\t\t\t\t\t\t\t\t\t\t\t\t<\/div>\n\t\t\t\t<\/div>\n\t\t\t\t<div class=\"elementor-element elementor-element-2e0e3831 elementor-widget elementor-widget-heading\" data-id=\"2e0e3831\" data-element_type=\"widget\" data-e-type=\"widget\" data-widget_type=\"heading.default\">\n\t\t\t\t<div class=\"elementor-widget-container\">\n\t\t\t\t\t<h4 class=\"elementor-heading-title elementor-size-default\">Rosarium<\/h4>\t\t\t\t<\/div>\n\t\t\t\t<\/div>\n\t\t\t\t\t<\/div>\n\t\t<\/div>\n\t\t\t\t<div class=\"elementor-column elementor-col-50 elementor-inner-column elementor-element elementor-element-3d44a10f\" data-id=\"3d44a10f\" data-element_type=\"column\" data-e-type=\"column\">\n\t\t\t<div class=\"elementor-widget-wrap elementor-element-populated\">\n\t\t\t\t\t\t<div class=\"elementor-element elementor-element-4c331c1c elementor-widget elementor-widget-heading\" data-id=\"4c331c1c\" data-element_type=\"widget\" data-e-type=\"widget\" data-widget_type=\"heading.default\">\n\t\t\t\t<div class=\"elementor-widget-container\">\n\t\t\t\t\t<h3 class=\"elementor-heading-title elementor-size-medium\">Tous les premiers lundi du mois, priez le Rosaire avec tous les montfortains de l'Europe (EurHope) via zoom.<\/h3>\t\t\t\t<\/div>\n\t\t\t\t<\/div>\n\t\t\t\t<div class=\"elementor-element elementor-element-6d708b50 elementor-align-center elementor-widget elementor-widget-button\" data-id=\"6d708b50\" data-element_type=\"widget\" data-e-type=\"widget\" data-widget_type=\"button.default\">\n\t\t\t\t<div class=\"elementor-widget-container\">\n\t\t\t\t\t\t\t\t\t<div class=\"elementor-button-wrapper\">\n\t\t\t\t\t<a class=\"elementor-button elementor-button-link elementor-size-sm\" href=\"#\">\n\t\t\t\t\t\t<span class=\"elementor-button-content-wrapper\">\n\t\t\t\t\t\t\t\t\t<span class=\"elementor-button-text\">Cliquez ici pour participer<\/span>\n\t\t\t\t\t<\/span>\n\t\t\t\t\t<\/a>\n\t\t\t\t<\/div>\n\t\t\t\t\t\t\t\t<\/div>\n\t\t\t\t<\/div>\n\t\t\t\t\t<\/div>\n\t\t<\/div>\n\t\t\t\t\t<\/div>\n\t\t<\/section>\n\t\t\t\t\t<\/div>\n\t\t<\/div>\n\t\t\t\t\t<\/div>\n\t\t<\/section>\n\t\t\t\t<\/div>\n\t\t","protected":false},"excerpt":{"rendered":"<p>PRI\u00c8RE POUR LES VOCATIONS &#8211; Janvier\u00a02026 En ce d\u00e9but d\u2019une nouvelle ann\u00e9e, reprenons dans notre pri\u00e8re les th\u00e8mes pour lesquels nous avons formul\u00e9 des v\u0153ux\u00a0: Sant\u00e9, Bonheur, Paix, Cadre de vie. Demandons \u00e0 Dieu, par l\u2019intercession de la Vierge Marie, que se r\u00e9alisent en nous et autour de nous les merveilles que J\u00e9sus est venu [&hellip;]<\/p>\n","protected":false},"author":3,"featured_media":0,"comment_status":"closed","ping_status":"closed","sticky":true,"template":"","format":"standard","meta":{"content-type":"","_uag_custom_page_level_css":"","site-sidebar-layout":"default","site-content-layout":"","ast-site-content-layout":"default","site-content-style":"default","site-sidebar-style":"default","ast-global-header-display":"","ast-banner-title-visibility":"","ast-main-header-display":"","ast-hfb-above-header-display":"","ast-hfb-below-header-display":"","ast-hfb-mobile-header-display":"","site-post-title":"","ast-breadcrumbs-content":"","ast-featured-img":"","footer-sml-layout":"","theme-transparent-header-meta":"","adv-header-id-meta":"","stick-header-meta":"","header-above-stick-meta":"","header-main-stick-meta":"","header-below-stick-meta":"","astra-migrate-meta-layouts":"set","ast-page-background-enabled":"default","ast-page-background-meta":{"desktop":{"background-color":"","background-image":"","background-repeat":"repeat","background-position":"center center","background-size":"auto","background-attachment":"scroll","background-type":"","background-media":"","overlay-type":"","overlay-color":"","overlay-opacity":"","overlay-gradient":""},"tablet":{"background-color":"","background-image":"","background-repeat":"repeat","background-position":"center center","background-size":"auto","background-attachment":"scroll","background-type":"","background-media":"","overlay-type":"","overlay-color":"","overlay-opacity":"","overlay-gradient":""},"mobile":{"background-color":"","background-image":"","background-repeat":"repeat","background-position":"center center","background-size":"auto","background-attachment":"scroll","background-type":"","background-media":"","overlay-type":"","overlay-color":"","overlay-opacity":"","overlay-gradient":""}},"ast-content-background-meta":{"desktop":{"background-color":"var(--ast-global-color-5)","background-image":"","background-repeat":"repeat","background-position":"center center","background-size":"auto","background-attachment":"scroll","background-type":"","background-media":"","overlay-type":"","overlay-color":"","overlay-opacity":"","overlay-gradient":""},"tablet":{"background-color":"var(--ast-global-color-5)","background-image":"","background-repeat":"repeat","background-position":"center center","background-size":"auto","background-attachment":"scroll","background-type":"","background-media":"","overlay-type":"","overlay-color":"","overlay-opacity":"","overlay-gradient":""},"mobile":{"background-color":"var(--ast-global-color-5)","background-image":"","background-repeat":"repeat","background-position":"center center","background-size":"auto","background-attachment":"scroll","background-type":"","background-media":"","overlay-type":"","overlay-color":"","overlay-opacity":"","overlay-gradient":""}},"footnotes":""},"categories":[45],"tags":[],"class_list":["post-29843","post","type-post","status-publish","format-standard","hentry","category-priere-pour-la-vocation"],"uagb_featured_image_src":{"full":false,"thumbnail":false,"medium":false,"medium_large":false,"large":false,"1536x1536":false,"2048x2048":false},"uagb_author_info":{"display_name":"Daniel Busnel","author_link":""},"uagb_comment_info":0,"uagb_excerpt":"PRI\u00c8RE POUR LES VOCATIONS &#8211; Janvier\u00a02026 En ce d\u00e9but d\u2019une nouvelle ann\u00e9e, reprenons dans notre pri\u00e8re les th\u00e8mes pour lesquels nous avons formul\u00e9 des v\u0153ux\u00a0: Sant\u00e9, Bonheur, Paix, Cadre de vie. Demandons \u00e0 Dieu, par l\u2019intercession de la Vierge Marie, que se r\u00e9alisent en nous et autour de nous les merveilles que J\u00e9sus est venu\u2026","_links":{"self":[{"href":"https:\/\/missionnairesmontfortains.fr\/sitevaovao\/wp-json\/wp\/v2\/posts\/29843","targetHints":{"allow":["GET"]}}],"collection":[{"href":"https:\/\/missionnairesmontfortains.fr\/sitevaovao\/wp-json\/wp\/v2\/posts"}],"about":[{"href":"https:\/\/missionnairesmontfortains.fr\/sitevaovao\/wp-json\/wp\/v2\/types\/post"}],"author":[{"embeddable":true,"href":"https:\/\/missionnairesmontfortains.fr\/sitevaovao\/wp-json\/wp\/v2\/users\/3"}],"replies":[{"embeddable":true,"href":"https:\/\/missionnairesmontfortains.fr\/sitevaovao\/wp-json\/wp\/v2\/comments?post=29843"}],"version-history":[{"count":18,"href":"https:\/\/missionnairesmontfortains.fr\/sitevaovao\/wp-json\/wp\/v2\/posts\/29843\/revisions"}],"predecessor-version":[{"id":29888,"href":"https:\/\/missionnairesmontfortains.fr\/sitevaovao\/wp-json\/wp\/v2\/posts\/29843\/revisions\/29888"}],"wp:attachment":[{"href":"https:\/\/missionnairesmontfortains.fr\/sitevaovao\/wp-json\/wp\/v2\/media?parent=29843"}],"wp:term":[{"taxonomy":"category","embeddable":true,"href":"https:\/\/missionnairesmontfortains.fr\/sitevaovao\/wp-json\/wp\/v2\/categories?post=29843"},{"taxonomy":"post_tag","embeddable":true,"href":"https:\/\/missionnairesmontfortains.fr\/sitevaovao\/wp-json\/wp\/v2\/tags?post=29843"}],"curies":[{"name":"wp","href":"https:\/\/api.w.org\/{rel}","templated":true}]}}