{"id":29819,"date":"2025-12-26T10:24:05","date_gmt":"2025-12-26T10:24:05","guid":{"rendered":"https:\/\/missionnairesmontfortains.fr\/sitevaovao\/?p=29819"},"modified":"2025-12-26T10:29:05","modified_gmt":"2025-12-26T10:29:05","slug":"la-sainte-famille-a","status":"publish","type":"post","link":"https:\/\/missionnairesmontfortains.fr\/sitevaovao\/la-sainte-famille-a\/","title":{"rendered":"La Sainte Famille &#8211; A"},"content":{"rendered":"\t\t<div data-elementor-type=\"wp-post\" data-elementor-id=\"29819\" class=\"elementor elementor-29819\">\n\t\t\t\t\t\t<section class=\"elementor-section elementor-top-section elementor-element elementor-element-3ef88a13 elementor-section-content-top elementor-section-full_width elementor-section-height-default elementor-section-height-default\" data-id=\"3ef88a13\" data-element_type=\"section\" data-e-type=\"section\" data-settings=\"{&quot;background_background&quot;:&quot;gradient&quot;}\">\n\t\t\t\t\t\t\t<div class=\"elementor-background-overlay\"><\/div>\n\t\t\t\t\t\t\t<div class=\"elementor-container elementor-column-gap-no\">\n\t\t\t\t\t<div class=\"elementor-column elementor-col-100 elementor-top-column elementor-element elementor-element-1b47c12e\" data-id=\"1b47c12e\" data-element_type=\"column\" data-e-type=\"column\">\n\t\t\t<div class=\"elementor-widget-wrap elementor-element-populated\">\n\t\t\t\t\t\t<div class=\"elementor-element elementor-element-1d982975 elementor-widget elementor-widget-heading\" data-id=\"1d982975\" data-element_type=\"widget\" data-e-type=\"widget\" data-widget_type=\"heading.default\">\n\t\t\t\t<div class=\"elementor-widget-container\">\n\t\t\t\t\t<h2 class=\"elementor-heading-title elementor-size-default\">28 d\u00e9cembre 2025 - Dimanche de la Sainte Famille<\/h2>\t\t\t\t<\/div>\n\t\t\t\t<\/div>\n\t\t\t\t<div class=\"elementor-element elementor-element-5e13af17 elementor-widget elementor-widget-text-editor\" data-id=\"5e13af17\" data-element_type=\"widget\" data-e-type=\"widget\" data-widget_type=\"text-editor.default\">\n\t\t\t\t<div class=\"elementor-widget-container\">\n\t\t\t\t\t\t\t\t\t<p><strong>A<\/strong><\/p><p>Si 3,\u00a02-6.12-14\u00a0; Col 3,\u00a012-21\u00a0; Mt 2,\u00a013-15.19-23<\/p><p>Contentons-nous aujourd\u2019hui de ce que la Parole de Dieu nous distille pour nous parler de la famille et des relations qui doivent \u00eatre les n\u00f4tres afin que le Royaume de Dieu soit manifest\u00e9 dans notre maison commune de la cr\u00e9ation toute enti\u00e8re.<\/p><p><u>C\u2019est d\u2019abord Sira le sage<\/u> qui donne des points de rep\u00e8re que nous aimerions universels\u00a0:<\/p><p>\u00ab\u00a0<strong><em>Le Seigneur glorifie le p\u00e8re dans ses enfants, il renforce l\u2019autorit\u00e9 de la m\u00e8re sur ses fils<\/em><\/strong><em>. <\/em><\/p><p><strong><em>Celui qui honore son p\u00e8re<\/em><\/strong><em> obtient le pardon de ses p\u00e9ch\u00e9s\u00a0; il aura de la joie dans ses enfants et au jour de sa pri\u00e8re il sera exauc\u00e9. \u00a0<strong>Celui qui glorifie sa m\u00e8re<\/strong> est comme celui qui amasse un tr\u00e9sor\u00a0et celui qui ob\u00e9it au Seigneur donne du r\u00e9confort \u00e0 sa m\u00e8re. Mon fils, <strong>soutiens ton p\u00e8re dans sa vieillesse<\/strong>, <strong>ne le chagrine pas<\/strong> pendant sa vie. M\u00eame si son esprit l\u2019abandonne, sois indulgent, <strong>ne le m\u00e9prise pas<\/strong>, toi qui es en pleine force. Car ta mis\u00e9ricorde envers ton p\u00e8re ne sera pas oubli\u00e9e et elle rel\u00e8vera ta maison si elle est ruin\u00e9e par le p\u00e9ch\u00e9.\u00a0<\/em>\u00bb<\/p><p><u>C\u2019est ensuite St Paul qui s\u2019adressant aux Colossiens, nous parle encore aujourd\u2019hui\u00a0:<\/u><\/p><p>Fr\u00e8res, puisque vous avez \u00e9t\u00e9 choisis par Dieu, que vous \u00eates sanctifi\u00e9s, aim\u00e9s par lui, rev\u00eatez-vous de tendresse et de compassion, de bont\u00e9, d\u2019humilit\u00e9, de douceur<\/p><p>\u00a0et de patience. Supportez-vous les uns les autres, et pardonnez-vous mutuellement si vous avez des reproches \u00e0 vous faire. Par-dessus tout cela, ayez l\u2019amour, qui est le lien le plus parfait. Instruisez-vous et reprenez-vous les uns les autres en toute sagesse\u00a0; Et que, dans vos c\u0153urs, r\u00e8gne la paix du Christ \u00e0 laquelle vous avez \u00e9t\u00e9 appel\u00e9s, vous qui formez un seul corps. Tout ce que vous dites, tout ce que vous faites, que ce soit toujours au nom du Seigneur J\u00e9sus.<\/p><p>Vous les femmes, soyez soumises \u00e0 votre mari. Vous les hommes, aimez votre femme, ne soyez pas d\u00e9sagr\u00e9ables avec elle.\u00a0 Vous les enfants, ob\u00e9issez en toute chose \u00e0 vos parents\u00a0; cela est beau dans le Seigneur. Vous les parents, n\u2019exasp\u00e9rez pas vos enfants\u00a0; vous risqueriez de les d\u00e9courager.<\/p><p><u>C\u2019est enfin St Matthieu qui, en nous contant la fuite en \u00c9gypte, nous montre l\u2019interd\u00e9pendance et le r\u00f4le de chacun des membres de la famille. <\/u><\/p><p><strong>Joseph est le p\u00e8re protecteur<\/strong>, l\u2019homme juste et droit qui est pris dans un myst\u00e8re et qui re\u00e7oit des messages qui le d\u00e9passent et qui concernent la vie de Marie et de J\u00e9sus. Comme Marie, il fait confiance, il ob\u00e9it, il se conduit en chef de famille et deux fois, l\u2019\u00c9vangile nous dit \u00ab\u00a0<strong>Joseph se leva<\/strong>, prit l\u2019enfant et sa m\u00e8re\u2026\u00a0\u00bb\u00a0: une fois pour \u00e9pargner la vie de l\u2019enfant et partir en \u00c9gypte, qui n\u2019est pas la porte \u00e0 c\u00f4t\u00e9 et la deuxi\u00e8me fois pour revenir en Isra\u00ebl. <strong>Joseph a eu peur<\/strong> de retourner en Jud\u00e9e, craignant le fils d\u2019H\u00e9rode mais, c\u2019est encore averti par un songe, qu\u2019il va s\u2019\u00e9tablir \u00e0 Nazareth.<\/p><p><strong>Joseph est pour nous un mod\u00e8le d\u2019ob\u00e9issance \u00e0 la volont\u00e9 de Dieu<\/strong>, parce que l\u2019amour l\u2019a guid\u00e9 et lui a permis de traverser les \u00e9preuves, pourtant immenses, qu\u2019il a d\u00fb surmonter pour prot\u00e9ger J\u00e9sus et le pr\u00e9parer \u00e0 sa mission.<\/p><p>Prions en ce jour pour toutes les familles afin que chacun y trouve sa vraie place et participe \u00e0 la construction et la croissance d\u2019une vie d\u2019amour, de respect, de compl\u00e9mentarit\u00e9, de soutien, de mis\u00e9ricorde pour vivre dans la paix, la joie et l\u2019unit\u00e9, \u2026<\/p><p><em>Fr Claude Marsaud, fsg<\/em><\/p>\t\t\t\t\t\t\t\t<\/div>\n\t\t\t\t<\/div>\n\t\t\t\t\t<\/div>\n\t\t<\/div>\n\t\t\t\t\t<\/div>\n\t\t<\/section>\n\t\t<div class=\"elementor-element elementor-element-2e75b226 e-flex e-con-boxed e-con e-parent\" data-id=\"2e75b226\" data-element_type=\"container\" data-e-type=\"container\">\n\t\t\t\t\t<div class=\"e-con-inner\">\n\t\t\t\t<div class=\"elementor-element elementor-element-25a98926 elementor-widget elementor-widget-image\" data-id=\"25a98926\" data-element_type=\"widget\" data-e-type=\"widget\" data-widget_type=\"image.default\">\n\t\t\t\t<div class=\"elementor-widget-container\">\n\t\t\t\t\t\t\t\t\t\t\t\t\t\t\t\t<a href=\"https:\/\/missionnairesmontfortains.fr\/sitevaovao\/wp-content\/uploads\/2025\/12\/PartagEvangile28Decembre2025.pdf\">\n\t\t\t\t\t\t\t<img decoding=\"async\" width=\"55\" height=\"67\" src=\"https:\/\/missionnairesmontfortains.fr\/sitevaovao\/wp-content\/uploads\/2025\/10\/telechargement-e1760478313423.png\" class=\"attachment-large size-large wp-image-28346\" alt=\"\" \/>\t\t\t\t\t\t\t\t<\/a>\n\t\t\t\t\t\t\t\t\t\t\t\t\t\t\t<\/div>\n\t\t\t\t<\/div>\n\t\t\t\t\t<\/div>\n\t\t\t\t<\/div>\n\t\t<div class=\"elementor-element elementor-element-3de1b744 e-con-full e-flex e-con e-parent\" data-id=\"3de1b744\" data-element_type=\"container\" data-e-type=\"container\">\n\t\t\t\t<div class=\"elementor-element elementor-element-573813b1 elementor-widget elementor-widget-contentviews_widget_grid1\" data-id=\"573813b1\" data-element_type=\"widget\" data-e-type=\"widget\" data-widget_type=\"contentviews_widget_grid1.default\">\n\t\t\t\t<div class=\"elementor-widget-container\">\n\t\t\t\t\t<div class='pt-cv-wrapper'> <div class=\"pt-cv-view pt-cv-blockgrid iscvblock iscvelementor grid1 layout1\" id=\"pt-cv-view-573813b1\"><div data-id=\"pt-cv-page-1\" class=\"pt-cv-page\" data-cvc=\"3\"><div class=\" pt-cv-content-item pt-cv-1-col\" ><div class=\"pt-cv-thumb-wrapper  \"><a href=\"https:\/\/missionnairesmontfortains.fr\/sitevaovao\/iv-dimanche-de-paques-a-26-avril-2026\/\" class=\"_self pt-cv-href-thumbnail pt-cv-thumb-default\" target=\"_self\" ><img fetchpriority=\"high\" decoding=\"async\" width=\"425\" height=\"340\" src=\"https:\/\/missionnairesmontfortains.fr\/sitevaovao\/wp-content\/uploads\/2026\/04\/IVDimPaquesA02.jpg\" class=\"pt-cv-thumbnail\" alt=\"\" \/><\/a><\/div>\n<h4 class=\"pt-cv-title\"><a href=\"https:\/\/missionnairesmontfortains.fr\/sitevaovao\/iv-dimanche-de-paques-a-26-avril-2026\/\" class=\"_self\" target=\"_self\" >IV Dimanche de P\u00e2ques &#8211; A &#8211; 26 avril 2026<\/a><\/h4>\n<div class=\"pt-cv-content\">26 avril 2026 \u00a0- A -\u00a0Ac 2, 14a.36-41 - Ps 22 (23) - 1 P 2, 20b-25 - Jn 10, ...<\/div>\n<div class=\"pt-cv-rmwrap\"><a href=\"https:\/\/missionnairesmontfortains.fr\/sitevaovao\/iv-dimanche-de-paques-a-26-avril-2026\/\" class=\"_self pt-cv-readmore btn btn-success\" target=\"_self\" >Lire La Suite\u2026<\/a><\/div><\/div>\n<div class=\" pt-cv-content-item pt-cv-1-col\" ><div class=\"pt-cv-thumb-wrapper  \"><a href=\"https:\/\/missionnairesmontfortains.fr\/sitevaovao\/iii-dimanche-de-paques-a-19-avril-2026\/\" class=\"_self pt-cv-href-thumbnail pt-cv-thumb-default\" target=\"_self\" ><img decoding=\"async\" width=\"425\" height=\"340\" src=\"https:\/\/missionnairesmontfortains.fr\/sitevaovao\/wp-content\/uploads\/2026\/04\/SauronsNous01.jpg\" class=\"pt-cv-thumbnail\" alt=\"\" \/><\/a><\/div>\n<h4 class=\"pt-cv-title\"><a href=\"https:\/\/missionnairesmontfortains.fr\/sitevaovao\/iii-dimanche-de-paques-a-19-avril-2026\/\" class=\"_self\" target=\"_self\" >III dimanche de P\u00e2ques &#8211; A &#8211; 19 avril 2026<\/a><\/h4>\n<div class=\"pt-cv-content\">- 19 avril 2026 - \u00a0A -\u00a0\u00a0- Ac 2, 14.22b-33 - Ps 15 (16) - 1 P 1, 17-21 - ...<\/div>\n<div class=\"pt-cv-rmwrap\"><a href=\"https:\/\/missionnairesmontfortains.fr\/sitevaovao\/iii-dimanche-de-paques-a-19-avril-2026\/\" class=\"_self pt-cv-readmore btn btn-success\" target=\"_self\" >Lire La Suite\u2026<\/a><\/div><\/div>\n<div class=\" pt-cv-content-item pt-cv-1-col\" ><div class=\"pt-cv-thumb-wrapper  \"><a href=\"https:\/\/missionnairesmontfortains.fr\/sitevaovao\/ii-dimanche-de-paques-a-12-avril-2026\/\" class=\"_self pt-cv-href-thumbnail pt-cv-thumb-default\" target=\"_self\" ><img loading=\"lazy\" decoding=\"async\" width=\"425\" height=\"340\" src=\"https:\/\/missionnairesmontfortains.fr\/sitevaovao\/wp-content\/uploads\/2026\/04\/IIDimPaquesA04.jpg\" class=\"pt-cv-thumbnail\" alt=\"\" \/><\/a><\/div>\n<h4 class=\"pt-cv-title\"><a href=\"https:\/\/missionnairesmontfortains.fr\/sitevaovao\/ii-dimanche-de-paques-a-12-avril-2026\/\" class=\"_self\" target=\"_self\" >II dimanche de P\u00e2ques &#8211; A &#8211; 12 avril 2026<\/a><\/h4>\n<div class=\"pt-cv-content\">12 avril 2026 - \u00a0A -\u00a0 Ac 2, 42-47 ; Ps 117 (118) ; 1 P 1, 3-9 ; Jn ...<\/div>\n<div class=\"pt-cv-rmwrap\"><a href=\"https:\/\/missionnairesmontfortains.fr\/sitevaovao\/ii-dimanche-de-paques-a-12-avril-2026\/\" class=\"_self pt-cv-readmore btn btn-success\" target=\"_self\" >Lire La Suite\u2026<\/a><\/div><\/div>\n<div class=\" pt-cv-content-item pt-cv-1-col\" ><div class=\"pt-cv-thumb-wrapper  \"><a href=\"https:\/\/missionnairesmontfortains.fr\/sitevaovao\/la-resurrection-du-seigneur-5-avril-2026\/\" class=\"_self pt-cv-href-thumbnail pt-cv-thumb-default\" target=\"_self\" ><img loading=\"lazy\" decoding=\"async\" width=\"1024\" height=\"614\" src=\"https:\/\/missionnairesmontfortains.fr\/sitevaovao\/wp-content\/uploads\/2026\/04\/DimPaquesA03ES-1024x614.jpg\" class=\"pt-cv-thumbnail\" alt=\"\" \/><\/a><\/div>\n<h4 class=\"pt-cv-title\"><a href=\"https:\/\/missionnairesmontfortains.fr\/sitevaovao\/la-resurrection-du-seigneur-5-avril-2026\/\" class=\"_self\" target=\"_self\" >La r\u00e9surrection du Seigneur &#8211; 5 avril 2026<\/a><\/h4>\n<div class=\"pt-cv-content\">- 5 avril 2026 - Ann\u00e9e A - Ac 10, 34a.37-43 - Ps 117 (118) - Col 3, 1-4 - ...<\/div>\n<div class=\"pt-cv-rmwrap\"><a href=\"https:\/\/missionnairesmontfortains.fr\/sitevaovao\/la-resurrection-du-seigneur-5-avril-2026\/\" class=\"_self pt-cv-readmore btn btn-success\" target=\"_self\" >Lire La Suite\u2026<\/a><\/div><\/div>\n<div class=\" pt-cv-content-item pt-cv-1-col\" ><div class=\"pt-cv-thumb-wrapper  \"><a href=\"https:\/\/missionnairesmontfortains.fr\/sitevaovao\/dimanche-des-rameaux-29-mars-2026\/\" class=\"_self pt-cv-href-thumbnail pt-cv-thumb-default\" target=\"_self\" ><img loading=\"lazy\" decoding=\"async\" width=\"425\" height=\"340\" src=\"https:\/\/missionnairesmontfortains.fr\/sitevaovao\/wp-content\/uploads\/2026\/03\/DimRameauxA03FR.jpg\" class=\"pt-cv-thumbnail\" alt=\"\" \/><\/a><\/div>\n<h4 class=\"pt-cv-title\"><a href=\"https:\/\/missionnairesmontfortains.fr\/sitevaovao\/dimanche-des-rameaux-29-mars-2026\/\" class=\"_self\" target=\"_self\" >Dimanche des Rameaux &#8211; 29 Mars 2026<\/a><\/h4>\n<div class=\"pt-cv-content\">29 mars 2026 Ann\u00e9e A\u00a0Mt 21, 1-11;\u00a0 Is 50, 4- ;\u00a0 Ps 21 (22): Ph 2, 6-11; Mt 26, 14 ...<\/div>\n<div class=\"pt-cv-rmwrap\"><a href=\"https:\/\/missionnairesmontfortains.fr\/sitevaovao\/dimanche-des-rameaux-29-mars-2026\/\" class=\"_self pt-cv-readmore btn btn-success\" target=\"_self\" >Lire La Suite\u2026<\/a><\/div><\/div>\n<div class=\" pt-cv-content-item pt-cv-1-col\" ><div class=\"pt-cv-thumb-wrapper  \"><a href=\"https:\/\/missionnairesmontfortains.fr\/sitevaovao\/5eme-dimanche-de-careme-a\/\" class=\"_self pt-cv-href-thumbnail pt-cv-thumb-default\" target=\"_self\" ><img loading=\"lazy\" decoding=\"async\" width=\"584\" height=\"253\" src=\"https:\/\/missionnairesmontfortains.fr\/sitevaovao\/wp-content\/uploads\/2026\/03\/5DimCarA05.jpg\" class=\"pt-cv-thumbnail\" alt=\"\" \/><\/a><\/div>\n<h4 class=\"pt-cv-title\"><a href=\"https:\/\/missionnairesmontfortains.fr\/sitevaovao\/5eme-dimanche-de-careme-a\/\" class=\"_self\" target=\"_self\" >5\u00e8me dimanche de Car\u00eame &#8211; A<\/a><\/h4>\n<div class=\"pt-cv-content\">22 mars 2026 \u00a0- A -\u00a0Ez 37,\u00a012-14\u00a0; Ps 129 (130)\u00a0;\u00a0 Rm 8,\u00a08-11\u00a0; Jn 11,\u00a01-45Si vous avez bien lu les deux ...<\/div>\n<div class=\"pt-cv-rmwrap\"><a href=\"https:\/\/missionnairesmontfortains.fr\/sitevaovao\/5eme-dimanche-de-careme-a\/\" class=\"_self pt-cv-readmore btn btn-success\" target=\"_self\" >Lire La Suite\u2026<\/a><\/div><\/div><\/div><\/div> <\/div> \t\t\t\t<\/div>\n\t\t\t\t<\/div>\n\t\t\t\t<\/div>\n\t\t\t\t<section class=\"elementor-section elementor-top-section elementor-element elementor-element-62b75d36 elementor-section-content-middle elementor-section-full_width elementor-section-height-default elementor-section-height-default\" data-id=\"62b75d36\" data-element_type=\"section\" data-e-type=\"section\">\n\t\t\t\t\t\t<div class=\"elementor-container elementor-column-gap-no\">\n\t\t\t\t\t<div class=\"elementor-column elementor-col-20 elementor-top-column elementor-element elementor-element-1596dabf elementor-invisible\" data-id=\"1596dabf\" data-element_type=\"column\" data-e-type=\"column\" data-settings=\"{&quot;background_background&quot;:&quot;classic&quot;,&quot;animation&quot;:&quot;slideInDown&quot;}\">\n\t\t\t<div class=\"elementor-widget-wrap elementor-element-populated\">\n\t\t\t\t\t<div class=\"elementor-background-overlay\"><\/div>\n\t\t\t\t\t\t<div class=\"elementor-element elementor-element-5853fa35 elementor-widget elementor-widget-spacer\" data-id=\"5853fa35\" data-element_type=\"widget\" data-e-type=\"widget\" data-widget_type=\"spacer.default\">\n\t\t\t\t<div class=\"elementor-widget-container\">\n\t\t\t\t\t\t\t<div class=\"elementor-spacer\">\n\t\t\t<div class=\"elementor-spacer-inner\"><\/div>\n\t\t<\/div>\n\t\t\t\t\t\t<\/div>\n\t\t\t\t<\/div>\n\t\t\t\t\t<\/div>\n\t\t<\/div>\n\t\t\t\t<div class=\"elementor-column elementor-col-20 elementor-top-column elementor-element elementor-element-7011585 elementor-invisible\" data-id=\"7011585\" data-element_type=\"column\" data-e-type=\"column\" data-settings=\"{&quot;background_background&quot;:&quot;classic&quot;,&quot;animation&quot;:&quot;slideInUp&quot;}\">\n\t\t\t<div class=\"elementor-widget-wrap elementor-element-populated\">\n\t\t\t\t\t\t<div class=\"elementor-element elementor-element-6b868b0b elementor-widget elementor-widget-spacer\" data-id=\"6b868b0b\" data-element_type=\"widget\" data-e-type=\"widget\" data-widget_type=\"spacer.default\">\n\t\t\t\t<div class=\"elementor-widget-container\">\n\t\t\t\t\t\t\t<div class=\"elementor-spacer\">\n\t\t\t<div class=\"elementor-spacer-inner\"><\/div>\n\t\t<\/div>\n\t\t\t\t\t\t<\/div>\n\t\t\t\t<\/div>\n\t\t\t\t\t<\/div>\n\t\t<\/div>\n\t\t\t\t<div class=\"elementor-column elementor-col-20 elementor-top-column elementor-element elementor-element-4b278c15 elementor-invisible\" data-id=\"4b278c15\" data-element_type=\"column\" data-e-type=\"column\" data-settings=\"{&quot;background_background&quot;:&quot;classic&quot;,&quot;animation&quot;:&quot;bounceInDown&quot;}\">\n\t\t\t<div class=\"elementor-widget-wrap elementor-element-populated\">\n\t\t\t\t\t\t<div class=\"elementor-element elementor-element-22699c76 elementor-widget elementor-widget-spacer\" data-id=\"22699c76\" data-element_type=\"widget\" data-e-type=\"widget\" data-widget_type=\"spacer.default\">\n\t\t\t\t<div class=\"elementor-widget-container\">\n\t\t\t\t\t\t\t<div class=\"elementor-spacer\">\n\t\t\t<div class=\"elementor-spacer-inner\"><\/div>\n\t\t<\/div>\n\t\t\t\t\t\t<\/div>\n\t\t\t\t<\/div>\n\t\t\t\t\t<\/div>\n\t\t<\/div>\n\t\t\t\t<div class=\"elementor-column elementor-col-20 elementor-top-column elementor-element elementor-element-140a55f8 elementor-invisible\" data-id=\"140a55f8\" data-element_type=\"column\" data-e-type=\"column\" data-settings=\"{&quot;background_background&quot;:&quot;classic&quot;,&quot;animation&quot;:&quot;bounceInUp&quot;}\">\n\t\t\t<div class=\"elementor-widget-wrap elementor-element-populated\">\n\t\t\t\t\t\t<div class=\"elementor-element elementor-element-2e597547 elementor-widget elementor-widget-spacer\" data-id=\"2e597547\" data-element_type=\"widget\" data-e-type=\"widget\" data-widget_type=\"spacer.default\">\n\t\t\t\t<div class=\"elementor-widget-container\">\n\t\t\t\t\t\t\t<div class=\"elementor-spacer\">\n\t\t\t<div class=\"elementor-spacer-inner\"><\/div>\n\t\t<\/div>\n\t\t\t\t\t\t<\/div>\n\t\t\t\t<\/div>\n\t\t\t\t\t<\/div>\n\t\t<\/div>\n\t\t\t\t<div class=\"elementor-column elementor-col-20 elementor-top-column elementor-element elementor-element-19e15d58\" data-id=\"19e15d58\" data-element_type=\"column\" data-e-type=\"column\">\n\t\t\t<div class=\"elementor-widget-wrap elementor-element-populated\">\n\t\t\t\t\t\t<div class=\"elementor-element elementor-element-de2d4df elementor-widget elementor-widget-heading\" data-id=\"de2d4df\" data-element_type=\"widget\" data-e-type=\"widget\" data-widget_type=\"heading.default\">\n\t\t\t\t<div class=\"elementor-widget-container\">\n\t\t\t\t\t<h5 class=\"elementor-heading-title elementor-size-default\"><a href=\"https:\/\/missionnairesmontfortains.fr\/sitevaovao\/4-communautes\/?preview_id=28670&#038;preview_nonce=f6c8496c9b&#038;preview=true\">EN MISSION SUR LES HAUTS-LIEUX MONTFORTAINS<\/a><\/h5>\t\t\t\t<\/div>\n\t\t\t\t<\/div>\n\t\t\t\t<div class=\"elementor-element elementor-element-24fdf26c elementor-widget elementor-widget-image-box\" data-id=\"24fdf26c\" data-element_type=\"widget\" data-e-type=\"widget\" data-settings=\"{&quot;_animation&quot;:&quot;none&quot;}\" data-widget_type=\"image-box.default\">\n\t\t\t\t<div class=\"elementor-widget-container\">\n\t\t\t\t\t<div class=\"elementor-image-box-wrapper\"><div class=\"elementor-image-box-content\"><h2 class=\"elementor-image-box-title\"><a href=\"https:\/\/missionnairesmontfortains.fr\/sitevaovao\/4-communautes\/?preview_id=28670&#038;preview_nonce=f6c8496c9b&#038;preview=true\">\"Oser prendre des risques pour Dieu et pour l'Humanit\u00e9\"<\/a><\/h2><p class=\"elementor-image-box-description\">En France, les Missionnaires Montfortains sont sur 4 lieux: \nSaint-Laurent-sur-s\u00e8vre, le Calvaire de Pontch\u00e2teau, Montfort-sur-Meur et Notre-Dame du Marillais.<\/p><\/div><\/div>\t\t\t\t<\/div>\n\t\t\t\t<\/div>\n\t\t\t\t<div class=\"elementor-element elementor-element-3f8d2b38 elementor-align-center elementor-tablet-align-center elementor-mobile-align-center elementor-widget elementor-widget-button\" data-id=\"3f8d2b38\" data-element_type=\"widget\" data-e-type=\"widget\" data-widget_type=\"button.default\">\n\t\t\t\t<div class=\"elementor-widget-container\">\n\t\t\t\t\t\t\t\t\t<div class=\"elementor-button-wrapper\">\n\t\t\t\t\t<a class=\"elementor-button elementor-button-link elementor-size-md\" href=\"https:\/\/missionnairesmontfortains.fr\/sitevaovao\/4-communautes\/?preview_id=28670&#038;preview_nonce=f6c8496c9b&#038;preview=true\">\n\t\t\t\t\t\t<span class=\"elementor-button-content-wrapper\">\n\t\t\t\t\t\t\t\t\t<span class=\"elementor-button-text\">D\u00e9couvrir nos communaut\u00e9s<\/span>\n\t\t\t\t\t<\/span>\n\t\t\t\t\t<\/a>\n\t\t\t\t<\/div>\n\t\t\t\t\t\t\t\t<\/div>\n\t\t\t\t<\/div>\n\t\t\t\t\t<\/div>\n\t\t<\/div>\n\t\t\t\t\t<\/div>\n\t\t<\/section>\n\t\t<div class=\"elementor-element elementor-element-580d9913 e-flex e-con-boxed e-con e-parent\" data-id=\"580d9913\" data-element_type=\"container\" data-e-type=\"container\">\n\t\t\t\t\t<div class=\"e-con-inner\">\n\t\t\t\t<div class=\"elementor-element elementor-element-5731d7e8 elementor-widget elementor-widget-image\" data-id=\"5731d7e8\" data-element_type=\"widget\" data-e-type=\"widget\" data-widget_type=\"image.default\">\n\t\t\t\t<div class=\"elementor-widget-container\">\n\t\t\t\t\t\t\t\t\t\t\t\t\t\t\t<img loading=\"lazy\" decoding=\"async\" width=\"768\" height=\"1086\" src=\"https:\/\/missionnairesmontfortains.fr\/sitevaovao\/wp-content\/uploads\/2025\/10\/Affiche-Concert-Voix-de-Montfort-Clisson-768x1086.png\" class=\"attachment-medium_large size-medium_large wp-image-28825\" alt=\"\" srcset=\"https:\/\/missionnairesmontfortains.fr\/sitevaovao\/wp-content\/uploads\/2025\/10\/Affiche-Concert-Voix-de-Montfort-Clisson-768x1086.png 768w, https:\/\/missionnairesmontfortains.fr\/sitevaovao\/wp-content\/uploads\/2025\/10\/Affiche-Concert-Voix-de-Montfort-Clisson-212x300.png 212w, https:\/\/missionnairesmontfortains.fr\/sitevaovao\/wp-content\/uploads\/2025\/10\/Affiche-Concert-Voix-de-Montfort-Clisson-724x1024.png 724w, https:\/\/missionnairesmontfortains.fr\/sitevaovao\/wp-content\/uploads\/2025\/10\/Affiche-Concert-Voix-de-Montfort-Clisson-1086x1536.png 1086w, https:\/\/missionnairesmontfortains.fr\/sitevaovao\/wp-content\/uploads\/2025\/10\/Affiche-Concert-Voix-de-Montfort-Clisson-1448x2048.png 1448w, https:\/\/missionnairesmontfortains.fr\/sitevaovao\/wp-content\/uploads\/2025\/10\/Affiche-Concert-Voix-de-Montfort-Clisson.png 1587w\" sizes=\"(max-width: 768px) 100vw, 768px\" \/>\t\t\t\t\t\t\t\t\t\t\t\t\t\t\t<\/div>\n\t\t\t\t<\/div>\n\t\t\t\t\t<\/div>\n\t\t\t\t<\/div>\n\t\t<div class=\"elementor-element elementor-element-47c083ef e-flex e-con-boxed e-con e-parent\" data-id=\"47c083ef\" data-element_type=\"container\" data-e-type=\"container\">\n\t\t\t\t\t<div class=\"e-con-inner\">\n\t\t<div class=\"elementor-element elementor-element-6027635 e-con-full e-flex e-con e-child\" data-id=\"6027635\" data-element_type=\"container\" data-e-type=\"container\">\n\t\t\t\t<div class=\"elementor-element elementor-element-75e0c848 elementor-widget elementor-widget-heading\" data-id=\"75e0c848\" data-element_type=\"widget\" data-e-type=\"widget\" data-widget_type=\"heading.default\">\n\t\t\t\t<div class=\"elementor-widget-container\">\n\t\t\t\t\t<h1 class=\"elementor-heading-title elementor-size-default\">Restez inform\u00e9(e)<\/h1>\t\t\t\t<\/div>\n\t\t\t\t<\/div>\n\t\t\t\t<div class=\"elementor-element elementor-element-15349c68 elementor-align-center elementor-widget elementor-widget-button\" data-id=\"15349c68\" data-element_type=\"widget\" data-e-type=\"widget\" data-widget_type=\"button.default\">\n\t\t\t\t<div class=\"elementor-widget-container\">\n\t\t\t\t\t\t\t\t\t<div class=\"elementor-button-wrapper\">\n\t\t\t\t\t<a class=\"elementor-button elementor-button-link elementor-size-sm elementor-animation-grow\" href=\"#\">\n\t\t\t\t\t\t<span class=\"elementor-button-content-wrapper\">\n\t\t\t\t\t\t<span class=\"elementor-button-icon\">\n\t\t\t\t<svg aria-hidden=\"true\" class=\"e-font-icon-svg e-far-envelope\" viewBox=\"0 0 512 512\" xmlns=\"http:\/\/www.w3.org\/2000\/svg\"><path d=\"M464 64H48C21.49 64 0 85.49 0 112v288c0 26.51 21.49 48 48 48h416c26.51 0 48-21.49 48-48V112c0-26.51-21.49-48-48-48zm0 48v40.805c-22.422 18.259-58.168 46.651-134.587 106.49-16.841 13.247-50.201 45.072-73.413 44.701-23.208.375-56.579-31.459-73.413-44.701C106.18 199.465 70.425 171.067 48 152.805V112h416zM48 400V214.398c22.914 18.251 55.409 43.862 104.938 82.646 21.857 17.205 60.134 55.186 103.062 54.955 42.717.231 80.509-37.199 103.053-54.947 49.528-38.783 82.032-64.401 104.947-82.653V400H48z\"><\/path><\/svg>\t\t\t<\/span>\n\t\t\t\t\t\t\t\t\t<span class=\"elementor-button-text\">S'inscrire<\/span>\n\t\t\t\t\t<\/span>\n\t\t\t\t\t<\/a>\n\t\t\t\t<\/div>\n\t\t\t\t\t\t\t\t<\/div>\n\t\t\t\t<\/div>\n\t\t\t\t<div class=\"elementor-element elementor-element-10d0c5aa elementor-widget__width-inherit elementor-widget-mobile__width-inherit elementor-widget elementor-widget-text-editor\" data-id=\"10d0c5aa\" data-element_type=\"widget\" data-e-type=\"widget\" data-widget_type=\"text-editor.default\">\n\t\t\t\t<div class=\"elementor-widget-container\">\n\t\t\t\t\t\t\t\t\t<p style=\"text-align: center;\">Abonnez-vous \u00e0 notre newsletter pour recevoir les derni\u00e8res m\u00e9ditations de la Parole de Dieu, les pri\u00e8res et des nouvelles<\/p><p style=\"text-align: center;\">\ud83d\ude4f <strong>Ne manquez rien de l&rsquo;audace des fils de Montfort<\/strong><\/p>\t\t\t\t\t\t\t\t<\/div>\n\t\t\t\t<\/div>\n\t\t\t\t<\/div>\n\t\t\t\t\t<\/div>\n\t\t\t\t<\/div>\n\t\t\t\t<\/div>\n\t\t","protected":false},"excerpt":{"rendered":"<p>28 d\u00e9cembre 2025 &#8211; Dimanche de la Sainte Famille A Si 3,\u00a02-6.12-14\u00a0; Col 3,\u00a012-21\u00a0; Mt 2,\u00a013-15.19-23 Contentons-nous aujourd\u2019hui de ce que la Parole de Dieu nous distille pour nous parler de la famille et des relations qui doivent \u00eatre les n\u00f4tres afin que le Royaume de Dieu soit manifest\u00e9 dans notre maison commune de la [&hellip;]<\/p>\n","protected":false},"author":3,"featured_media":29813,"comment_status":"closed","ping_status":"closed","sticky":true,"template":"","format":"standard","meta":{"content-type":"","_uag_custom_page_level_css":"","site-sidebar-layout":"default","site-content-layout":"","ast-site-content-layout":"default","site-content-style":"default","site-sidebar-style":"default","ast-global-header-display":"","ast-banner-title-visibility":"","ast-main-header-display":"","ast-hfb-above-header-display":"","ast-hfb-below-header-display":"","ast-hfb-mobile-header-display":"","site-post-title":"disabled","ast-breadcrumbs-content":"","ast-featured-img":"","footer-sml-layout":"","theme-transparent-header-meta":"","adv-header-id-meta":"","stick-header-meta":"","header-above-stick-meta":"","header-main-stick-meta":"","header-below-stick-meta":"","astra-migrate-meta-layouts":"set","ast-page-background-enabled":"default","ast-page-background-meta":{"desktop":{"background-color":"","background-image":"","background-repeat":"repeat","background-position":"center center","background-size":"auto","background-attachment":"scroll","background-type":"","background-media":"","overlay-type":"","overlay-color":"","overlay-opacity":"","overlay-gradient":""},"tablet":{"background-color":"","background-image":"","background-repeat":"repeat","background-position":"center center","background-size":"auto","background-attachment":"scroll","background-type":"","background-media":"","overlay-type":"","overlay-color":"","overlay-opacity":"","overlay-gradient":""},"mobile":{"background-color":"","background-image":"","background-repeat":"repeat","background-position":"center center","background-size":"auto","background-attachment":"scroll","background-type":"","background-media":"","overlay-type":"","overlay-color":"","overlay-opacity":"","overlay-gradient":""}},"ast-content-background-meta":{"desktop":{"background-color":"var(--ast-global-color-5)","background-image":"","background-repeat":"repeat","background-position":"center center","background-size":"auto","background-attachment":"scroll","background-type":"","background-media":"","overlay-type":"","overlay-color":"","overlay-opacity":"","overlay-gradient":""},"tablet":{"background-color":"var(--ast-global-color-5)","background-image":"","background-repeat":"repeat","background-position":"center center","background-size":"auto","background-attachment":"scroll","background-type":"","background-media":"","overlay-type":"","overlay-color":"","overlay-opacity":"","overlay-gradient":""},"mobile":{"background-color":"var(--ast-global-color-5)","background-image":"","background-repeat":"repeat","background-position":"center center","background-size":"auto","background-attachment":"scroll","background-type":"","background-media":"","overlay-type":"","overlay-color":"","overlay-opacity":"","overlay-gradient":""}},"footnotes":""},"categories":[44],"tags":[],"class_list":["post-29819","post","type-post","status-publish","format-standard","has-post-thumbnail","hentry","category-relais-devangile"],"uagb_featured_image_src":{"full":["https:\/\/missionnairesmontfortains.fr\/sitevaovao\/wp-content\/uploads\/2025\/12\/DimSainteFamille03.gif",1865,1328,false],"thumbnail":["https:\/\/missionnairesmontfortains.fr\/sitevaovao\/wp-content\/uploads\/2025\/12\/DimSainteFamille03-150x150.gif",150,150,true],"medium":["https:\/\/missionnairesmontfortains.fr\/sitevaovao\/wp-content\/uploads\/2025\/12\/DimSainteFamille03-300x214.gif",300,214,true],"medium_large":["https:\/\/missionnairesmontfortains.fr\/sitevaovao\/wp-content\/uploads\/2025\/12\/DimSainteFamille03-768x547.gif",768,547,true],"large":["https:\/\/missionnairesmontfortains.fr\/sitevaovao\/wp-content\/uploads\/2025\/12\/DimSainteFamille03-1024x729.gif",1024,729,true],"1536x1536":["https:\/\/missionnairesmontfortains.fr\/sitevaovao\/wp-content\/uploads\/2025\/12\/DimSainteFamille03-1536x1094.gif",1536,1094,true],"2048x2048":["https:\/\/missionnairesmontfortains.fr\/sitevaovao\/wp-content\/uploads\/2025\/12\/DimSainteFamille03.gif",1865,1328,false]},"uagb_author_info":{"display_name":"Daniel Busnel","author_link":""},"uagb_comment_info":0,"uagb_excerpt":"28 d\u00e9cembre 2025 &#8211; Dimanche de la Sainte Famille A Si 3,\u00a02-6.12-14\u00a0; Col 3,\u00a012-21\u00a0; Mt 2,\u00a013-15.19-23 Contentons-nous aujourd\u2019hui de ce que la Parole de Dieu nous distille pour nous parler de la famille et des relations qui doivent \u00eatre les n\u00f4tres afin que le Royaume de Dieu soit manifest\u00e9 dans notre maison commune de la\u2026","_links":{"self":[{"href":"https:\/\/missionnairesmontfortains.fr\/sitevaovao\/wp-json\/wp\/v2\/posts\/29819","targetHints":{"allow":["GET"]}}],"collection":[{"href":"https:\/\/missionnairesmontfortains.fr\/sitevaovao\/wp-json\/wp\/v2\/posts"}],"about":[{"href":"https:\/\/missionnairesmontfortains.fr\/sitevaovao\/wp-json\/wp\/v2\/types\/post"}],"author":[{"embeddable":true,"href":"https:\/\/missionnairesmontfortains.fr\/sitevaovao\/wp-json\/wp\/v2\/users\/3"}],"replies":[{"embeddable":true,"href":"https:\/\/missionnairesmontfortains.fr\/sitevaovao\/wp-json\/wp\/v2\/comments?post=29819"}],"version-history":[{"count":7,"href":"https:\/\/missionnairesmontfortains.fr\/sitevaovao\/wp-json\/wp\/v2\/posts\/29819\/revisions"}],"predecessor-version":[{"id":29826,"href":"https:\/\/missionnairesmontfortains.fr\/sitevaovao\/wp-json\/wp\/v2\/posts\/29819\/revisions\/29826"}],"wp:featuredmedia":[{"embeddable":true,"href":"https:\/\/missionnairesmontfortains.fr\/sitevaovao\/wp-json\/wp\/v2\/media\/29813"}],"wp:attachment":[{"href":"https:\/\/missionnairesmontfortains.fr\/sitevaovao\/wp-json\/wp\/v2\/media?parent=29819"}],"wp:term":[{"taxonomy":"category","embeddable":true,"href":"https:\/\/missionnairesmontfortains.fr\/sitevaovao\/wp-json\/wp\/v2\/categories?post=29819"},{"taxonomy":"post_tag","embeddable":true,"href":"https:\/\/missionnairesmontfortains.fr\/sitevaovao\/wp-json\/wp\/v2\/tags?post=29819"}],"curies":[{"name":"wp","href":"https:\/\/api.w.org\/{rel}","templated":true}]}}