{"id":29771,"date":"2025-12-19T20:20:32","date_gmt":"2025-12-19T20:20:32","guid":{"rendered":"https:\/\/missionnairesmontfortains.fr\/sitevaovao\/?p=29771"},"modified":"2025-12-19T20:30:49","modified_gmt":"2025-12-19T20:30:49","slug":"fete-de-la-consecration-montfortaine","status":"publish","type":"post","link":"https:\/\/missionnairesmontfortains.fr\/sitevaovao\/fete-de-la-consecration-montfortaine\/","title":{"rendered":"F\u00eate de la Cons\u00e9cration montfortaine"},"content":{"rendered":"\t\t<div data-elementor-type=\"wp-post\" data-elementor-id=\"29771\" class=\"elementor elementor-29771\">\n\t\t\t\t\t\t<section class=\"elementor-section elementor-top-section elementor-element elementor-element-56dd1d75 elementor-section-content-middle elementor-section-boxed elementor-section-height-default elementor-section-height-default\" data-id=\"56dd1d75\" data-element_type=\"section\" data-e-type=\"section\" data-settings=\"{&quot;background_background&quot;:&quot;classic&quot;}\">\n\t\t\t\t\t\t<div class=\"elementor-container elementor-column-gap-no\">\n\t\t\t\t\t<div class=\"elementor-column elementor-col-100 elementor-top-column elementor-element elementor-element-414d03d4\" data-id=\"414d03d4\" data-element_type=\"column\" data-e-type=\"column\">\n\t\t\t<div class=\"elementor-widget-wrap elementor-element-populated\">\n\t\t\t\t\t\t<div class=\"elementor-element elementor-element-356a67de elementor-widget__width-inherit elementor-widget elementor-widget-heading\" data-id=\"356a67de\" data-element_type=\"widget\" data-e-type=\"widget\" data-widget_type=\"heading.default\">\n\t\t\t\t<div class=\"elementor-widget-container\">\n\t\t\t\t\t<h2 class=\"elementor-heading-title elementor-size-default\">F\u00eate de la Cons\u00e9cration montfortaine<\/h2>\t\t\t\t<\/div>\n\t\t\t\t<\/div>\n\t\t\t\t<div class=\"elementor-element elementor-element-7be463fc elementor-widget__width-inherit elementor-widget elementor-widget-text-editor\" data-id=\"7be463fc\" data-element_type=\"widget\" data-e-type=\"widget\" data-widget_type=\"text-editor.default\">\n\t\t\t\t<div class=\"elementor-widget-container\">\n\t\t\t\t\t\t\t\t\t<p><strong>FATIMA, Portugal &#8211; <\/strong>8 d\u00e9cembre 2025. Journ\u00e9e de grande c\u00e9l\u00e9bration et d&rsquo;intense spiritualit\u00e9, la \u00ab Casa Montfort\u00bb \u00e0 Fatima rassembla 45 personnes ayant achev\u00e9 leur cons\u00e9cration, accompagn\u00e9es de plus de 100 fid\u00e8les ayant renouvel\u00e9 leur engagement annuel.<\/p><p>La c\u00e9l\u00e9bration, pr\u00e9sid\u00e9e par le p\u00e8re Carlos VIEIRA, SMM, a \u00e9t\u00e9 enrichie par une hom\u00e9lie inspir\u00e9e par l&rsquo;\u00c9vangile du jour. Le pr\u00eatre a soulign\u00e9 trois \u00e9l\u00e9ments essentiels pour vivre authentiquement la vie consacr\u00e9e : \u00e9couter, accueillir et accepter la volont\u00e9 de Dieu. Trois verbes qui, selon le p\u00e8re Vieira, tracent un chemin d&rsquo;ouverture, de confiance et de docilit\u00e9 vers l&rsquo;Esprit.<\/p><p>Cet \u00e9v\u00e9nement a r\u00e9uni des participants du Portugal, de France, de Suisse, du Luxembourg, du Br\u00e9sil et d&rsquo;Angola, confirmant la dimension internationale et inclusive de ce voyage spirituel.<\/p><p>Le chemin vers la cons\u00e9cration a commenc\u00e9 six semaines plus t\u00f4t avec des formations en ligne et en pr\u00e9sentiel pour approfondir la spiritualit\u00e9 de la cons\u00e9cration. Par la suite, chaque participant a suivi une p\u00e9riode de 30 jours d&rsquo;exercices personnels consacr\u00e9s \u00e0 la pri\u00e8re, \u00e0 la m\u00e9ditation et au discernement.<\/p><p>La journ\u00e9e s&rsquo;est termin\u00e9e par un d\u00e9jeuner collectif, au cours duquel les participants ont partag\u00e9 des moments de joie, de t\u00e9moignages et de camaraderie &#8211; un moment simple mais significatif qui a permis \u00e0 chacun de c\u00e9l\u00e9brer ensemble le parcours qu&rsquo;ils avaient entrepris.<\/p><p><em>P\u00e8re Carlos VIEIRA, S.MM<\/em><\/p>\t\t\t\t\t\t\t\t<\/div>\n\t\t\t\t<\/div>\n\t\t\t\t<div class=\"elementor-element elementor-element-72d9a72a elementor-tablet-align-start elementor-icon-list--layout-traditional elementor-list-item-link-full_width elementor-widget elementor-widget-icon-list\" data-id=\"72d9a72a\" data-element_type=\"widget\" data-e-type=\"widget\" data-widget_type=\"icon-list.default\">\n\t\t\t\t<div class=\"elementor-widget-container\">\n\t\t\t\t\t\t\t<ul class=\"elementor-icon-list-items\">\n\t\t\t\t\t\t\t<li class=\"elementor-icon-list-item\">\n\t\t\t\t\t\t\t\t\t\t\t<a href=\"https:\/\/missionnairesmontfortains.fr\/sitevaovao\/wp-content\/uploads\/2025\/12\/NU-POR-1317-FR-FeteConsecrationMontfortaine.pdf\">\n\n\t\t\t\t\t\t\t\t\t\t\t\t<span class=\"elementor-icon-list-icon\">\n\t\t\t\t\t\t\t<svg aria-hidden=\"true\" class=\"e-font-icon-svg e-fas-file-pdf\" viewBox=\"0 0 384 512\" xmlns=\"http:\/\/www.w3.org\/2000\/svg\"><path d=\"M181.9 256.1c-5-16-4.9-46.9-2-46.9 8.4 0 7.6 36.9 2 46.9zm-1.7 47.2c-7.7 20.2-17.3 43.3-28.4 62.7 18.3-7 39-17.2 62.9-21.9-12.7-9.6-24.9-23.4-34.5-40.8zM86.1 428.1c0 .8 13.2-5.4 34.9-40.2-6.7 6.3-29.1 24.5-34.9 40.2zM248 160h136v328c0 13.3-10.7 24-24 24H24c-13.3 0-24-10.7-24-24V24C0 10.7 10.7 0 24 0h200v136c0 13.2 10.8 24 24 24zm-8 171.8c-20-12.2-33.3-29-42.7-53.8 4.5-18.5 11.6-46.6 6.2-64.2-4.7-29.4-42.4-26.5-47.8-6.8-5 18.3-.4 44.1 8.1 77-11.6 27.6-28.7 64.6-40.8 85.8-.1 0-.1.1-.2.1-27.1 13.9-73.6 44.5-54.5 68 5.6 6.9 16 10 21.5 10 17.9 0 35.7-18 61.1-61.8 25.8-8.5 54.1-19.1 79-23.2 21.7 11.8 47.1 19.5 64 19.5 29.2 0 31.2-32 19.7-43.4-13.9-13.6-54.3-9.7-73.6-7.2zM377 105L279 7c-4.5-4.5-10.6-7-17-7h-6v128h128v-6.1c0-6.3-2.5-12.4-7-16.9zm-74.1 255.3c4.1-2.7-2.5-11.9-42.8-9 37.1 15.8 42.8 9 42.8 9z\"><\/path><\/svg>\t\t\t\t\t\t<\/span>\n\t\t\t\t\t\t\t\t\t\t<span class=\"elementor-icon-list-text\">T\u00e9l\u00e9charger le PDF<\/span>\n\t\t\t\t\t\t\t\t\t\t\t<\/a>\n\t\t\t\t\t\t\t\t\t<\/li>\n\t\t\t\t\t\t<\/ul>\n\t\t\t\t\t\t<\/div>\n\t\t\t\t<\/div>\n\t\t\t\t\t<\/div>\n\t\t<\/div>\n\t\t\t\t\t<\/div>\n\t\t<\/section>\n\t\t<div class=\"elementor-element elementor-element-b8ba34b e-con-full e-flex e-con e-parent\" data-id=\"b8ba34b\" data-element_type=\"container\" data-e-type=\"container\">\n\t\t\t\t<div class=\"elementor-element elementor-element-34de0d72 elementor-widget elementor-widget-heading\" data-id=\"34de0d72\" data-element_type=\"widget\" data-e-type=\"widget\" data-widget_type=\"heading.default\">\n\t\t\t\t<div class=\"elementor-widget-container\">\n\t\t\t\t\t<h1 class=\"elementor-heading-title elementor-size-default\">Autres actualit\u00e9s r\u00e9centes<\/h1>\t\t\t\t<\/div>\n\t\t\t\t<\/div>\n\t\t\t\t<div class=\"elementor-element elementor-element-10705535 elementor-widget elementor-widget-contentviews_widget_grid1\" data-id=\"10705535\" data-element_type=\"widget\" data-e-type=\"widget\" data-widget_type=\"contentviews_widget_grid1.default\">\n\t\t\t\t<div class=\"elementor-widget-container\">\n\t\t\t\t\t<div class='pt-cv-wrapper'> <div class=\"pt-cv-view pt-cv-blockgrid iscvblock iscvelementor grid1 layout1\" id=\"pt-cv-view-10705535\"><div data-id=\"pt-cv-page-1\" class=\"pt-cv-page\" data-cvc=\"3\"><div class=\" pt-cv-content-item pt-cv-1-col\" ><div class=\"pt-cv-thumb-wrapper  \"><a href=\"https:\/\/missionnairesmontfortains.fr\/sitevaovao\/elementor-30247\/\" class=\"_self pt-cv-href-thumbnail pt-cv-thumb-default\" target=\"_self\" ><img fetchpriority=\"high\" decoding=\"async\" width=\"882\" height=\"1024\" src=\"https:\/\/missionnairesmontfortains.fr\/sitevaovao\/wp-content\/uploads\/2026\/04\/WhatsApp-Image-2026-03-28-at-15.07.04-2-882x1024.jpeg\" class=\"pt-cv-thumbnail\" alt=\"\" \/><\/a><\/div>\n<div class=\"pt-cv-taxoterm above_title\"><a href='https:\/\/missionnairesmontfortains.fr\/sitevaovao\/category\/actualites\/' title='ACTUALITES' class='pt-cv-tax-actualites'>ACTUALITES<\/a><\/div>\n<h4 class=\"pt-cv-title\"><a href=\"https:\/\/missionnairesmontfortains.fr\/sitevaovao\/elementor-30247\/\" class=\"_self\" target=\"_self\" >Journ\u00e9e Montfortaine des Jeunes<\/a><\/h4>\n<div class=\"pt-cv-content\">Journ\u00e9e Montfortaine des Jeunes 2026 : Marcher avec saint Louis-Marie, dans la joie et la mission \u00a0Le samedi 28 mars, ...<\/div>\n<div class=\"pt-cv-rmwrap\"><a href=\"https:\/\/missionnairesmontfortains.fr\/sitevaovao\/elementor-30247\/\" class=\"_self pt-cv-readmore btn btn-success\" target=\"_self\" >Lire La Suite\u2026<\/a><\/div>\n<div class=\"pt-cv-meta-fields\"><span class=\"entry-date\"> <time datetime=\"2026-04-06T08:59:57+00:00\">avril 6, 2026<\/time><\/span><span> \/ <\/span><span class=\"author\"> <a href=\"\" rel=\"author\">olivier<\/a><\/span><\/div><\/div>\n<div class=\" pt-cv-content-item pt-cv-1-col\" ><div class=\"pt-cv-thumb-wrapper  \"><a href=\"https:\/\/missionnairesmontfortains.fr\/sitevaovao\/renouvellement-des-voeux-et-accueil-des-nouveaux-candidats-png\/\" class=\"_self pt-cv-href-thumbnail pt-cv-thumb-default\" target=\"_self\" ><img decoding=\"async\" width=\"456\" height=\"259\" src=\"https:\/\/missionnairesmontfortains.fr\/sitevaovao\/wp-content\/uploads\/2026\/02\/1330PNG-01.jpg\" class=\"pt-cv-thumbnail\" alt=\"\" \/><\/a><\/div>\n<div class=\"pt-cv-taxoterm above_title\"><a href='https:\/\/missionnairesmontfortains.fr\/sitevaovao\/category\/actualites\/' title='ACTUALITES' class='pt-cv-tax-actualites'>ACTUALITES<\/a><\/div>\n<h4 class=\"pt-cv-title\"><a href=\"https:\/\/missionnairesmontfortains.fr\/sitevaovao\/renouvellement-des-voeux-et-accueil-des-nouveaux-candidats-png\/\" class=\"_self\" target=\"_self\" >Renouvellement des v\u0153ux et accueil des nouveaux candidats &#8211; PNG<\/a><\/h4>\n<div class=\"pt-cv-content\">Renouvellement des v\u0153ux et accueil des nouveaux candidats PORT MORESBY, Papouasie-Nouvelle-Guin\u00e9e \u2013 L\u2019introduction de la Sainte Eucharistie nous rappelle que ...<\/div>\n<div class=\"pt-cv-rmwrap\"><a href=\"https:\/\/missionnairesmontfortains.fr\/sitevaovao\/renouvellement-des-voeux-et-accueil-des-nouveaux-candidats-png\/\" class=\"_self pt-cv-readmore btn btn-success\" target=\"_self\" >Lire La Suite\u2026<\/a><\/div>\n<div class=\"pt-cv-meta-fields\"><span class=\"entry-date\"> <time datetime=\"2026-02-25T16:44:45+00:00\">f\u00e9vrier 25, 2026<\/time><\/span><span> \/ <\/span><span class=\"author\"> <a href=\"\" rel=\"author\">Daniel Busnel<\/a><\/span><\/div><\/div>\n<div class=\" pt-cv-content-item pt-cv-1-col\" ><div class=\"pt-cv-thumb-wrapper  \"><a href=\"https:\/\/missionnairesmontfortains.fr\/sitevaovao\/montfort-sur-meu-a-celebre-saint-louis-marie-dans-sa-paroisse-de-naissance\/\" class=\"_self pt-cv-href-thumbnail pt-cv-thumb-default\" target=\"_self\" ><img decoding=\"async\" width=\"836\" height=\"676\" src=\"https:\/\/missionnairesmontfortains.fr\/sitevaovao\/wp-content\/uploads\/2026\/02\/Captura-de-pantalla-2026-02-22-a-las-20.02.01.png\" class=\"pt-cv-thumbnail\" alt=\"\" \/><\/a><\/div>\n<div class=\"pt-cv-taxoterm above_title\"><a href='https:\/\/missionnairesmontfortains.fr\/sitevaovao\/category\/actualites\/' title='ACTUALITES' class='pt-cv-tax-actualites'>ACTUALITES<\/a><\/div>\n<h4 class=\"pt-cv-title\"><a href=\"https:\/\/missionnairesmontfortains.fr\/sitevaovao\/montfort-sur-meu-a-celebre-saint-louis-marie-dans-sa-paroisse-de-naissance\/\" class=\"_self\" target=\"_self\" >Montfort-sur-Meu a c\u00e9l\u00e9br\u00e9 Saint Louis-Marie dans sa paroisse de naissance<\/a><\/h4>\n<div class=\"pt-cv-content\">31 janvier \u2013 1er f\u00e9vrier 2026 Les 31 janvier et 1er f\u00e9vrier 2026, la paroisse Saint-Louis-Marie en Broc\u00e9liande a c\u00e9l\u00e9br\u00e9 ...<\/div>\n<div class=\"pt-cv-rmwrap\"><a href=\"https:\/\/missionnairesmontfortains.fr\/sitevaovao\/montfort-sur-meu-a-celebre-saint-louis-marie-dans-sa-paroisse-de-naissance\/\" class=\"_self pt-cv-readmore btn btn-success\" target=\"_self\" >Lire La Suite\u2026<\/a><\/div>\n<div class=\"pt-cv-meta-fields\"><span class=\"entry-date\"> <time datetime=\"2026-02-22T19:40:33+00:00\">f\u00e9vrier 22, 2026<\/time><\/span><span> \/ <\/span><span class=\"author\"> <a href=\"\" rel=\"author\">Miralda Medina<\/a><\/span><\/div><\/div>\n<div class=\" pt-cv-content-item pt-cv-1-col\" ><div class=\"pt-cv-thumb-wrapper  \"><a href=\"https:\/\/missionnairesmontfortains.fr\/sitevaovao\/quatre-communautes-montfortaines-touchees-par-le-cyclone-gezani\/\" class=\"_self pt-cv-href-thumbnail pt-cv-thumb-default\" target=\"_self\" ><img loading=\"lazy\" decoding=\"async\" width=\"595\" height=\"285\" src=\"https:\/\/missionnairesmontfortains.fr\/sitevaovao\/wp-content\/uploads\/2026\/02\/Madagascar1329-01.jpg\" class=\"pt-cv-thumbnail\" alt=\"\" \/><\/a><\/div>\n<div class=\"pt-cv-taxoterm above_title\"><a href='https:\/\/missionnairesmontfortains.fr\/sitevaovao\/category\/actualites\/' title='ACTUALITES' class='pt-cv-tax-actualites'>ACTUALITES<\/a><\/div>\n<h4 class=\"pt-cv-title\"><a href=\"https:\/\/missionnairesmontfortains.fr\/sitevaovao\/quatre-communautes-montfortaines-touchees-par-le-cyclone-gezani\/\" class=\"_self\" target=\"_self\" >Quatre communaut\u00e9s montfortaines touch\u00e9es par le cyclone Gezani<\/a><\/h4>\n<div class=\"pt-cv-content\">Quatre communaut\u00e9s montfortaines touch\u00e9es par le cyclone Gezani TAMATAVE, Madagascar \u2013 Le mardi 10 f\u00e9vrier 2026 apr\u00e8s-midi, le cyclone Gezani ...<\/div>\n<div class=\"pt-cv-rmwrap\"><a href=\"https:\/\/missionnairesmontfortains.fr\/sitevaovao\/quatre-communautes-montfortaines-touchees-par-le-cyclone-gezani\/\" class=\"_self pt-cv-readmore btn btn-success\" target=\"_self\" >Lire La Suite\u2026<\/a><\/div>\n<div class=\"pt-cv-meta-fields\"><span class=\"entry-date\"> <time datetime=\"2026-02-21T10:04:20+00:00\">f\u00e9vrier 21, 2026<\/time><\/span><span> \/ <\/span><span class=\"author\"> <a href=\"\" rel=\"author\">Daniel Busnel<\/a><\/span><\/div><\/div>\n<div class=\" pt-cv-content-item pt-cv-1-col\" ><div class=\"pt-cv-thumb-wrapper  \"><a href=\"https:\/\/missionnairesmontfortains.fr\/sitevaovao\/elementor-30019\/\" class=\"_self pt-cv-href-thumbnail pt-cv-thumb-default\" target=\"_self\" ><img loading=\"lazy\" decoding=\"async\" width=\"1024\" height=\"768\" src=\"https:\/\/missionnairesmontfortains.fr\/sitevaovao\/wp-content\/uploads\/2026\/02\/WhatsApp-Image-2026-02-20-at-22.19.58-1024x768.jpeg\" class=\"pt-cv-thumbnail\" alt=\"\" \/><\/a><\/div>\n<div class=\"pt-cv-taxoterm above_title\"><a href='https:\/\/missionnairesmontfortains.fr\/sitevaovao\/category\/actualites\/' title='ACTUALITES' class='pt-cv-tax-actualites'>ACTUALITES<\/a><\/div>\n<h4 class=\"pt-cv-title\"><a href=\"https:\/\/missionnairesmontfortains.fr\/sitevaovao\/elementor-30019\/\" class=\"_self\" target=\"_self\" >A la construction du NOUS<\/a><\/h4>\n<div class=\"pt-cv-content\">A la construction du \"NOUS\" RENCONTRE INTER-COMMUNAUTAIRE AU MARILLAIS\u00a0VICE PROVINCE DE FRANCEMardi 17 f\u00e9vrier 2027Le Mardi 17 f\u00e9vrier 2027 a ...<\/div>\n<div class=\"pt-cv-rmwrap\"><a href=\"https:\/\/missionnairesmontfortains.fr\/sitevaovao\/elementor-30019\/\" class=\"_self pt-cv-readmore btn btn-success\" target=\"_self\" >Lire La Suite\u2026<\/a><\/div>\n<div class=\"pt-cv-meta-fields\"><span class=\"entry-date\"> <time datetime=\"2026-02-20T21:27:37+00:00\">f\u00e9vrier 20, 2026<\/time><\/span><span> \/ <\/span><span class=\"author\"> <a href=\"\" rel=\"author\">olivier<\/a><\/span><\/div><\/div>\n<div class=\" pt-cv-content-item pt-cv-1-col\" ><div class=\"pt-cv-thumb-wrapper  \"><a href=\"https:\/\/missionnairesmontfortains.fr\/sitevaovao\/proces-pour-lassassinat-du-pere-olivier-maire-smm\/\" class=\"_self pt-cv-href-thumbnail pt-cv-thumb-default\" target=\"_self\" ><img loading=\"lazy\" decoding=\"async\" width=\"768\" height=\"1024\" src=\"https:\/\/missionnairesmontfortains.fr\/sitevaovao\/wp-content\/uploads\/2026\/02\/1328Olivier01-768x1024.jpg\" class=\"pt-cv-thumbnail\" alt=\"\" \/><\/a><\/div>\n<div class=\"pt-cv-taxoterm above_title\"><a href='https:\/\/missionnairesmontfortains.fr\/sitevaovao\/category\/actualites\/' title='ACTUALITES' class='pt-cv-tax-actualites'>ACTUALITES<\/a><\/div>\n<h4 class=\"pt-cv-title\"><a href=\"https:\/\/missionnairesmontfortains.fr\/sitevaovao\/proces-pour-lassassinat-du-pere-olivier-maire-smm\/\" class=\"_self\" target=\"_self\" >Proc\u00e8s pour l\u2019assassinat du p\u00e8re Olivier Maire SMM<\/a><\/h4>\n<div class=\"pt-cv-content\">Proc\u00e8s pour l\u2019assassinat du p\u00e8re Olivier Maire SMM LA \u00a0ROCHE-SUR-YON, France - Le proc\u00e8s pour l'assassinat du p\u00e8re Olivier MAIRE, ...<\/div>\n<div class=\"pt-cv-rmwrap\"><a href=\"https:\/\/missionnairesmontfortains.fr\/sitevaovao\/proces-pour-lassassinat-du-pere-olivier-maire-smm\/\" class=\"_self pt-cv-readmore btn btn-success\" target=\"_self\" >Lire La Suite\u2026<\/a><\/div>\n<div class=\"pt-cv-meta-fields\"><span class=\"entry-date\"> <time datetime=\"2026-02-05T16:36:21+00:00\">f\u00e9vrier 5, 2026<\/time><\/span><span> \/ <\/span><span class=\"author\"> <a href=\"\" rel=\"author\">Daniel Busnel<\/a><\/span><\/div><\/div><\/div><\/div> <\/div> \t\t\t\t<\/div>\n\t\t\t\t<\/div>\n\t\t\t\t<\/div>\n\t\t\t\t<section class=\"elementor-section elementor-top-section elementor-element elementor-element-2fd7a1aa elementor-section-content-middle elementor-section-boxed elementor-section-height-default elementor-section-height-default\" data-id=\"2fd7a1aa\" data-element_type=\"section\" data-e-type=\"section\">\n\t\t\t\t\t\t<div class=\"elementor-container elementor-column-gap-no\">\n\t\t\t\t\t<div class=\"elementor-column elementor-col-20 elementor-top-column elementor-element elementor-element-47b6ee6a elementor-invisible\" data-id=\"47b6ee6a\" data-element_type=\"column\" data-e-type=\"column\" data-settings=\"{&quot;background_background&quot;:&quot;classic&quot;,&quot;animation&quot;:&quot;slideInDown&quot;}\">\n\t\t\t<div class=\"elementor-widget-wrap elementor-element-populated\">\n\t\t\t\t\t<div class=\"elementor-background-overlay\"><\/div>\n\t\t\t\t\t\t<div class=\"elementor-element elementor-element-72781e46 elementor-widget elementor-widget-spacer\" data-id=\"72781e46\" data-element_type=\"widget\" data-e-type=\"widget\" data-widget_type=\"spacer.default\">\n\t\t\t\t<div class=\"elementor-widget-container\">\n\t\t\t\t\t\t\t<div class=\"elementor-spacer\">\n\t\t\t<div class=\"elementor-spacer-inner\"><\/div>\n\t\t<\/div>\n\t\t\t\t\t\t<\/div>\n\t\t\t\t<\/div>\n\t\t\t\t\t<\/div>\n\t\t<\/div>\n\t\t\t\t<div class=\"elementor-column elementor-col-20 elementor-top-column elementor-element elementor-element-35a23b3a elementor-invisible\" data-id=\"35a23b3a\" data-element_type=\"column\" data-e-type=\"column\" data-settings=\"{&quot;background_background&quot;:&quot;classic&quot;,&quot;animation&quot;:&quot;slideInUp&quot;}\">\n\t\t\t<div class=\"elementor-widget-wrap elementor-element-populated\">\n\t\t\t\t\t\t<div class=\"elementor-element elementor-element-692ef53f elementor-widget elementor-widget-spacer\" data-id=\"692ef53f\" data-element_type=\"widget\" data-e-type=\"widget\" data-widget_type=\"spacer.default\">\n\t\t\t\t<div class=\"elementor-widget-container\">\n\t\t\t\t\t\t\t<div class=\"elementor-spacer\">\n\t\t\t<div class=\"elementor-spacer-inner\"><\/div>\n\t\t<\/div>\n\t\t\t\t\t\t<\/div>\n\t\t\t\t<\/div>\n\t\t\t\t\t<\/div>\n\t\t<\/div>\n\t\t\t\t<div class=\"elementor-column elementor-col-20 elementor-top-column elementor-element elementor-element-162b3ac5 elementor-invisible\" data-id=\"162b3ac5\" data-element_type=\"column\" data-e-type=\"column\" data-settings=\"{&quot;background_background&quot;:&quot;classic&quot;,&quot;animation&quot;:&quot;bounceInDown&quot;}\">\n\t\t\t<div class=\"elementor-widget-wrap elementor-element-populated\">\n\t\t\t\t\t\t<div class=\"elementor-element elementor-element-10b0543e elementor-widget elementor-widget-spacer\" data-id=\"10b0543e\" data-element_type=\"widget\" data-e-type=\"widget\" data-widget_type=\"spacer.default\">\n\t\t\t\t<div class=\"elementor-widget-container\">\n\t\t\t\t\t\t\t<div class=\"elementor-spacer\">\n\t\t\t<div class=\"elementor-spacer-inner\"><\/div>\n\t\t<\/div>\n\t\t\t\t\t\t<\/div>\n\t\t\t\t<\/div>\n\t\t\t\t\t<\/div>\n\t\t<\/div>\n\t\t\t\t<div class=\"elementor-column elementor-col-20 elementor-top-column elementor-element elementor-element-7ac03692 elementor-invisible\" data-id=\"7ac03692\" data-element_type=\"column\" data-e-type=\"column\" data-settings=\"{&quot;background_background&quot;:&quot;classic&quot;,&quot;animation&quot;:&quot;bounceInUp&quot;}\">\n\t\t\t<div class=\"elementor-widget-wrap elementor-element-populated\">\n\t\t\t\t\t\t<div class=\"elementor-element elementor-element-4311516b elementor-widget elementor-widget-spacer\" data-id=\"4311516b\" data-element_type=\"widget\" data-e-type=\"widget\" data-widget_type=\"spacer.default\">\n\t\t\t\t<div class=\"elementor-widget-container\">\n\t\t\t\t\t\t\t<div class=\"elementor-spacer\">\n\t\t\t<div class=\"elementor-spacer-inner\"><\/div>\n\t\t<\/div>\n\t\t\t\t\t\t<\/div>\n\t\t\t\t<\/div>\n\t\t\t\t\t<\/div>\n\t\t<\/div>\n\t\t\t\t<div class=\"elementor-column elementor-col-20 elementor-top-column elementor-element elementor-element-5337c6a3\" data-id=\"5337c6a3\" data-element_type=\"column\" data-e-type=\"column\">\n\t\t\t<div class=\"elementor-widget-wrap elementor-element-populated\">\n\t\t\t\t\t\t<div class=\"elementor-element elementor-element-5c2e5f3c elementor-widget elementor-widget-heading\" data-id=\"5c2e5f3c\" data-element_type=\"widget\" data-e-type=\"widget\" data-widget_type=\"heading.default\">\n\t\t\t\t<div class=\"elementor-widget-container\">\n\t\t\t\t\t<h5 class=\"elementor-heading-title elementor-size-default\"><a href=\"https:\/\/missionnairesmontfortains.fr\/sitevaovao\/4-communautes\/?preview_id=28670&#038;preview_nonce=f6c8496c9b&#038;preview=true\">EN MISSION SUR LES HAUTS-LIEUX MONTFORTAINS<\/a><\/h5>\t\t\t\t<\/div>\n\t\t\t\t<\/div>\n\t\t\t\t<div class=\"elementor-element elementor-element-291f2e3f elementor-widget elementor-widget-image-box\" data-id=\"291f2e3f\" data-element_type=\"widget\" data-e-type=\"widget\" data-settings=\"{&quot;_animation&quot;:&quot;none&quot;}\" data-widget_type=\"image-box.default\">\n\t\t\t\t<div class=\"elementor-widget-container\">\n\t\t\t\t\t<div class=\"elementor-image-box-wrapper\"><div class=\"elementor-image-box-content\"><h2 class=\"elementor-image-box-title\"><a href=\"https:\/\/missionnairesmontfortains.fr\/sitevaovao\/4-communautes\/?preview_id=28670&#038;preview_nonce=f6c8496c9b&#038;preview=true\">\"Oser prendre des risques pour Dieu et pour l'Humanit\u00e9\"<\/a><\/h2><p class=\"elementor-image-box-description\">En France, les Missionnaires Montfortains sont sur 4 lieux: \nSaint-Laurent-sur-s\u00e8vre, le Calvaire de Pontch\u00e2teau, Montfort-sur-Meur et Notre-Dame du Marillais.<\/p><\/div><\/div>\t\t\t\t<\/div>\n\t\t\t\t<\/div>\n\t\t\t\t<div class=\"elementor-element elementor-element-370ad589 elementor-align-center elementor-tablet-align-center elementor-mobile-align-center elementor-widget elementor-widget-button\" data-id=\"370ad589\" data-element_type=\"widget\" data-e-type=\"widget\" data-widget_type=\"button.default\">\n\t\t\t\t<div class=\"elementor-widget-container\">\n\t\t\t\t\t\t\t\t\t<div class=\"elementor-button-wrapper\">\n\t\t\t\t\t<a class=\"elementor-button elementor-button-link elementor-size-md\" href=\"https:\/\/missionnairesmontfortains.fr\/sitevaovao\/4-communautes\/?preview_id=28670&#038;preview_nonce=f6c8496c9b&#038;preview=true\">\n\t\t\t\t\t\t<span class=\"elementor-button-content-wrapper\">\n\t\t\t\t\t\t\t\t\t<span class=\"elementor-button-text\">D\u00e9couvrir nos communaut\u00e9s<\/span>\n\t\t\t\t\t<\/span>\n\t\t\t\t\t<\/a>\n\t\t\t\t<\/div>\n\t\t\t\t\t\t\t\t<\/div>\n\t\t\t\t<\/div>\n\t\t\t\t\t<\/div>\n\t\t<\/div>\n\t\t\t\t\t<\/div>\n\t\t<\/section>\n\t\t<div class=\"elementor-element elementor-element-586f8917 e-flex e-con-boxed e-con e-parent\" data-id=\"586f8917\" data-element_type=\"container\" data-e-type=\"container\">\n\t\t\t\t\t<div class=\"e-con-inner\">\n\t\t\t\t<div class=\"elementor-element elementor-element-e30ca70 elementor-widget elementor-widget-image\" data-id=\"e30ca70\" data-element_type=\"widget\" data-e-type=\"widget\" data-widget_type=\"image.default\">\n\t\t\t\t<div class=\"elementor-widget-container\">\n\t\t\t\t\t\t\t\t\t\t\t\t\t\t\t<img loading=\"lazy\" decoding=\"async\" width=\"768\" height=\"1086\" src=\"https:\/\/missionnairesmontfortains.fr\/sitevaovao\/wp-content\/uploads\/2025\/10\/Affiche-Concert-Voix-de-Montfort-Clisson-768x1086.png\" class=\"attachment-medium_large size-medium_large wp-image-28825\" alt=\"\" srcset=\"https:\/\/missionnairesmontfortains.fr\/sitevaovao\/wp-content\/uploads\/2025\/10\/Affiche-Concert-Voix-de-Montfort-Clisson-768x1086.png 768w, https:\/\/missionnairesmontfortains.fr\/sitevaovao\/wp-content\/uploads\/2025\/10\/Affiche-Concert-Voix-de-Montfort-Clisson-212x300.png 212w, https:\/\/missionnairesmontfortains.fr\/sitevaovao\/wp-content\/uploads\/2025\/10\/Affiche-Concert-Voix-de-Montfort-Clisson-724x1024.png 724w, https:\/\/missionnairesmontfortains.fr\/sitevaovao\/wp-content\/uploads\/2025\/10\/Affiche-Concert-Voix-de-Montfort-Clisson-1086x1536.png 1086w, https:\/\/missionnairesmontfortains.fr\/sitevaovao\/wp-content\/uploads\/2025\/10\/Affiche-Concert-Voix-de-Montfort-Clisson-1448x2048.png 1448w, https:\/\/missionnairesmontfortains.fr\/sitevaovao\/wp-content\/uploads\/2025\/10\/Affiche-Concert-Voix-de-Montfort-Clisson.png 1587w\" sizes=\"(max-width: 768px) 100vw, 768px\" \/>\t\t\t\t\t\t\t\t\t\t\t\t\t\t\t<\/div>\n\t\t\t\t<\/div>\n\t\t\t\t\t<\/div>\n\t\t\t\t<\/div>\n\t\t<div class=\"elementor-element elementor-element-3378d1dc e-flex e-con-boxed e-con e-parent\" data-id=\"3378d1dc\" data-element_type=\"container\" data-e-type=\"container\">\n\t\t\t\t\t<div class=\"e-con-inner\">\n\t\t<div class=\"elementor-element elementor-element-2d4ef26e e-con-full e-flex e-con e-child\" data-id=\"2d4ef26e\" data-element_type=\"container\" data-e-type=\"container\">\n\t\t\t\t<div class=\"elementor-element elementor-element-3eacff73 elementor-widget elementor-widget-heading\" data-id=\"3eacff73\" data-element_type=\"widget\" data-e-type=\"widget\" data-widget_type=\"heading.default\">\n\t\t\t\t<div class=\"elementor-widget-container\">\n\t\t\t\t\t<h1 class=\"elementor-heading-title elementor-size-default\">Restez inform\u00e9(e)<\/h1>\t\t\t\t<\/div>\n\t\t\t\t<\/div>\n\t\t\t\t<div class=\"elementor-element elementor-element-20df8b69 elementor-align-center elementor-widget elementor-widget-button\" data-id=\"20df8b69\" data-element_type=\"widget\" data-e-type=\"widget\" data-widget_type=\"button.default\">\n\t\t\t\t<div class=\"elementor-widget-container\">\n\t\t\t\t\t\t\t\t\t<div class=\"elementor-button-wrapper\">\n\t\t\t\t\t<a class=\"elementor-button elementor-button-link elementor-size-sm elementor-animation-grow\" href=\"#\">\n\t\t\t\t\t\t<span class=\"elementor-button-content-wrapper\">\n\t\t\t\t\t\t<span class=\"elementor-button-icon\">\n\t\t\t\t<svg aria-hidden=\"true\" class=\"e-font-icon-svg e-far-envelope\" viewBox=\"0 0 512 512\" xmlns=\"http:\/\/www.w3.org\/2000\/svg\"><path d=\"M464 64H48C21.49 64 0 85.49 0 112v288c0 26.51 21.49 48 48 48h416c26.51 0 48-21.49 48-48V112c0-26.51-21.49-48-48-48zm0 48v40.805c-22.422 18.259-58.168 46.651-134.587 106.49-16.841 13.247-50.201 45.072-73.413 44.701-23.208.375-56.579-31.459-73.413-44.701C106.18 199.465 70.425 171.067 48 152.805V112h416zM48 400V214.398c22.914 18.251 55.409 43.862 104.938 82.646 21.857 17.205 60.134 55.186 103.062 54.955 42.717.231 80.509-37.199 103.053-54.947 49.528-38.783 82.032-64.401 104.947-82.653V400H48z\"><\/path><\/svg>\t\t\t<\/span>\n\t\t\t\t\t\t\t\t\t<span class=\"elementor-button-text\">S'inscrire<\/span>\n\t\t\t\t\t<\/span>\n\t\t\t\t\t<\/a>\n\t\t\t\t<\/div>\n\t\t\t\t\t\t\t\t<\/div>\n\t\t\t\t<\/div>\n\t\t\t\t<div class=\"elementor-element elementor-element-5c0a0cca elementor-widget__width-inherit elementor-widget-mobile__width-inherit elementor-widget elementor-widget-text-editor\" data-id=\"5c0a0cca\" data-element_type=\"widget\" data-e-type=\"widget\" data-widget_type=\"text-editor.default\">\n\t\t\t\t<div class=\"elementor-widget-container\">\n\t\t\t\t\t\t\t\t\t<p style=\"text-align: center;\">Abonnez-vous \u00e0 notre newsletter pour recevoir les derni\u00e8res m\u00e9ditations de la Parole de Dieu, les pri\u00e8res et des nouvelles<\/p><p style=\"text-align: center;\">\ud83d\ude4f <strong>Ne manquez rien de l&rsquo;audace des fils de Montfort<\/strong><\/p>\t\t\t\t\t\t\t\t<\/div>\n\t\t\t\t<\/div>\n\t\t\t\t<\/div>\n\t\t\t\t\t<\/div>\n\t\t\t\t<\/div>\n\t\t\t\t<\/div>\n\t\t","protected":false},"excerpt":{"rendered":"<p>F\u00eate de la Cons\u00e9cration montfortaine FATIMA, Portugal &#8211; 8 d\u00e9cembre 2025. Journ\u00e9e de grande c\u00e9l\u00e9bration et d&rsquo;intense spiritualit\u00e9, la \u00ab Casa Montfort\u00bb \u00e0 Fatima rassembla 45 personnes ayant achev\u00e9 leur cons\u00e9cration, accompagn\u00e9es de plus de 100 fid\u00e8les ayant renouvel\u00e9 leur engagement annuel. La c\u00e9l\u00e9bration, pr\u00e9sid\u00e9e par le p\u00e8re Carlos VIEIRA, SMM, a \u00e9t\u00e9 enrichie par [&hellip;]<\/p>\n","protected":false},"author":3,"featured_media":29773,"comment_status":"closed","ping_status":"closed","sticky":true,"template":"elementor_theme","format":"standard","meta":{"content-type":"","_uag_custom_page_level_css":"","site-sidebar-layout":"default","site-content-layout":"","ast-site-content-layout":"default","site-content-style":"default","site-sidebar-style":"default","ast-global-header-display":"","ast-banner-title-visibility":"","ast-main-header-display":"","ast-hfb-above-header-display":"","ast-hfb-below-header-display":"","ast-hfb-mobile-header-display":"","site-post-title":"disabled","ast-breadcrumbs-content":"","ast-featured-img":"","footer-sml-layout":"","theme-transparent-header-meta":"","adv-header-id-meta":"","stick-header-meta":"","header-above-stick-meta":"","header-main-stick-meta":"","header-below-stick-meta":"","astra-migrate-meta-layouts":"set","ast-page-background-enabled":"default","ast-page-background-meta":{"desktop":{"background-color":"","background-image":"","background-repeat":"repeat","background-position":"center center","background-size":"auto","background-attachment":"scroll","background-type":"","background-media":"","overlay-type":"","overlay-color":"","overlay-opacity":"","overlay-gradient":""},"tablet":{"background-color":"","background-image":"","background-repeat":"repeat","background-position":"center center","background-size":"auto","background-attachment":"scroll","background-type":"","background-media":"","overlay-type":"","overlay-color":"","overlay-opacity":"","overlay-gradient":""},"mobile":{"background-color":"","background-image":"","background-repeat":"repeat","background-position":"center center","background-size":"auto","background-attachment":"scroll","background-type":"","background-media":"","overlay-type":"","overlay-color":"","overlay-opacity":"","overlay-gradient":""}},"ast-content-background-meta":{"desktop":{"background-color":"var(--ast-global-color-5)","background-image":"","background-repeat":"repeat","background-position":"center center","background-size":"auto","background-attachment":"scroll","background-type":"","background-media":"","overlay-type":"","overlay-color":"","overlay-opacity":"","overlay-gradient":""},"tablet":{"background-color":"var(--ast-global-color-5)","background-image":"","background-repeat":"repeat","background-position":"center center","background-size":"auto","background-attachment":"scroll","background-type":"","background-media":"","overlay-type":"","overlay-color":"","overlay-opacity":"","overlay-gradient":""},"mobile":{"background-color":"var(--ast-global-color-5)","background-image":"","background-repeat":"repeat","background-position":"center center","background-size":"auto","background-attachment":"scroll","background-type":"","background-media":"","overlay-type":"","overlay-color":"","overlay-opacity":"","overlay-gradient":""}},"footnotes":""},"categories":[49],"tags":[],"class_list":["post-29771","post","type-post","status-publish","format-standard","has-post-thumbnail","hentry","category-actualites"],"uagb_featured_image_src":{"full":["https:\/\/missionnairesmontfortains.fr\/sitevaovao\/wp-content\/uploads\/2025\/12\/1317POR01.jpg",642,316,false],"thumbnail":["https:\/\/missionnairesmontfortains.fr\/sitevaovao\/wp-content\/uploads\/2025\/12\/1317POR01-150x150.jpg",150,150,true],"medium":["https:\/\/missionnairesmontfortains.fr\/sitevaovao\/wp-content\/uploads\/2025\/12\/1317POR01-300x148.jpg",300,148,true],"medium_large":["https:\/\/missionnairesmontfortains.fr\/sitevaovao\/wp-content\/uploads\/2025\/12\/1317POR01.jpg",642,316,false],"large":["https:\/\/missionnairesmontfortains.fr\/sitevaovao\/wp-content\/uploads\/2025\/12\/1317POR01.jpg",642,316,false],"1536x1536":["https:\/\/missionnairesmontfortains.fr\/sitevaovao\/wp-content\/uploads\/2025\/12\/1317POR01.jpg",642,316,false],"2048x2048":["https:\/\/missionnairesmontfortains.fr\/sitevaovao\/wp-content\/uploads\/2025\/12\/1317POR01.jpg",642,316,false]},"uagb_author_info":{"display_name":"Daniel Busnel","author_link":""},"uagb_comment_info":0,"uagb_excerpt":"F\u00eate de la Cons\u00e9cration montfortaine FATIMA, Portugal &#8211; 8 d\u00e9cembre 2025. Journ\u00e9e de grande c\u00e9l\u00e9bration et d&rsquo;intense spiritualit\u00e9, la \u00ab Casa Montfort\u00bb \u00e0 Fatima rassembla 45 personnes ayant achev\u00e9 leur cons\u00e9cration, accompagn\u00e9es de plus de 100 fid\u00e8les ayant renouvel\u00e9 leur engagement annuel. La c\u00e9l\u00e9bration, pr\u00e9sid\u00e9e par le p\u00e8re Carlos VIEIRA, SMM, a \u00e9t\u00e9 enrichie par\u2026","_links":{"self":[{"href":"https:\/\/missionnairesmontfortains.fr\/sitevaovao\/wp-json\/wp\/v2\/posts\/29771","targetHints":{"allow":["GET"]}}],"collection":[{"href":"https:\/\/missionnairesmontfortains.fr\/sitevaovao\/wp-json\/wp\/v2\/posts"}],"about":[{"href":"https:\/\/missionnairesmontfortains.fr\/sitevaovao\/wp-json\/wp\/v2\/types\/post"}],"author":[{"embeddable":true,"href":"https:\/\/missionnairesmontfortains.fr\/sitevaovao\/wp-json\/wp\/v2\/users\/3"}],"replies":[{"embeddable":true,"href":"https:\/\/missionnairesmontfortains.fr\/sitevaovao\/wp-json\/wp\/v2\/comments?post=29771"}],"version-history":[{"count":4,"href":"https:\/\/missionnairesmontfortains.fr\/sitevaovao\/wp-json\/wp\/v2\/posts\/29771\/revisions"}],"predecessor-version":[{"id":29782,"href":"https:\/\/missionnairesmontfortains.fr\/sitevaovao\/wp-json\/wp\/v2\/posts\/29771\/revisions\/29782"}],"wp:featuredmedia":[{"embeddable":true,"href":"https:\/\/missionnairesmontfortains.fr\/sitevaovao\/wp-json\/wp\/v2\/media\/29773"}],"wp:attachment":[{"href":"https:\/\/missionnairesmontfortains.fr\/sitevaovao\/wp-json\/wp\/v2\/media?parent=29771"}],"wp:term":[{"taxonomy":"category","embeddable":true,"href":"https:\/\/missionnairesmontfortains.fr\/sitevaovao\/wp-json\/wp\/v2\/categories?post=29771"},{"taxonomy":"post_tag","embeddable":true,"href":"https:\/\/missionnairesmontfortains.fr\/sitevaovao\/wp-json\/wp\/v2\/tags?post=29771"}],"curies":[{"name":"wp","href":"https:\/\/api.w.org\/{rel}","templated":true}]}}