{"id":29735,"date":"2025-12-13T07:58:54","date_gmt":"2025-12-13T07:58:54","guid":{"rendered":"https:\/\/missionnairesmontfortains.fr\/sitevaovao\/?p=29735"},"modified":"2025-12-13T08:02:59","modified_gmt":"2025-12-13T08:02:59","slug":"5eme-edition-des-journees-mariales-avec-montfort","status":"publish","type":"post","link":"https:\/\/missionnairesmontfortains.fr\/sitevaovao\/5eme-edition-des-journees-mariales-avec-montfort\/","title":{"rendered":"5\u00e8me Edition des \u00ab Journ\u00e9es Mariales avec Montfort \u00bb"},"content":{"rendered":"\t\t<div data-elementor-type=\"wp-post\" data-elementor-id=\"29735\" class=\"elementor elementor-29735\">\n\t\t\t\t\t\t<section class=\"elementor-section elementor-top-section elementor-element elementor-element-15fb3614 elementor-section-content-middle elementor-section-boxed elementor-section-height-default elementor-section-height-default\" data-id=\"15fb3614\" data-element_type=\"section\" data-e-type=\"section\" data-settings=\"{&quot;background_background&quot;:&quot;classic&quot;}\">\n\t\t\t\t\t\t<div class=\"elementor-container elementor-column-gap-no\">\n\t\t\t\t\t<div class=\"elementor-column elementor-col-100 elementor-top-column elementor-element elementor-element-68cd1682\" data-id=\"68cd1682\" data-element_type=\"column\" data-e-type=\"column\">\n\t\t\t<div class=\"elementor-widget-wrap elementor-element-populated\">\n\t\t\t\t\t\t<div class=\"elementor-element elementor-element-4bc2225b elementor-widget__width-inherit elementor-widget elementor-widget-heading\" data-id=\"4bc2225b\" data-element_type=\"widget\" data-e-type=\"widget\" data-widget_type=\"heading.default\">\n\t\t\t\t<div class=\"elementor-widget-container\">\n\t\t\t\t\t<h2 class=\"elementor-heading-title elementor-size-default\">5\u00e8me Edition des \u00ab Journ\u00e9es Mariales avec Montfort \u00bb<\/h2>\t\t\t\t<\/div>\n\t\t\t\t<\/div>\n\t\t\t\t<div class=\"elementor-element elementor-element-79498d93 elementor-widget__width-inherit elementor-widget elementor-widget-text-editor\" data-id=\"79498d93\" data-element_type=\"widget\" data-e-type=\"widget\" data-widget_type=\"text-editor.default\">\n\t\t\t\t<div class=\"elementor-widget-container\">\n\t\t\t\t\t\t\t\t\t<p><strong>FATIMA, Portugal <\/strong>&#8211; \u00ab L&rsquo;esp\u00e9rance est une caract\u00e9ristique humaine tr\u00e8s pr\u00e9sente dans la culture des peuples : \u00ab\u00a0Tant qu&rsquo;il y a de la vie, il y a de l\u2019esp\u00e9rance !\u00a0\u00bb ; \u00ab\u00a0L&rsquo;esp\u00e9rance est la derni\u00e8re chose qui meurt !\u00a0\u00bb. Cependant, une esp\u00e9rance limit\u00e9e \u00e0 la r\u00e9alit\u00e9 humaine est bien fragile et \u00e9triqu\u00e9e. \u00bb C&rsquo;est ainsi que Mgr Manuel PELINO, \u00e9v\u00eaque \u00e9m\u00e9rite de Santar\u00e9m, a ouvert les derni\u00e8res Journ\u00e9es mariales avec Montfort, organis\u00e9es par les Missionnaires Montfortains de Fatima, sur le th\u00e8me \u00ab Vierge Marie, M\u00e8re de la Sainte Esp\u00e9rance \u00bb, qui se sont d\u00e9roul\u00e9es le Week-end des 25 et 26 octobre 2025. La rencontre, organis\u00e9e sous la responsabilit\u00e9 des p\u00e8res Carlos VIEIRA, Luis OLIVEIRA et Luis FERREIRA, a eu lieu \u00e0 la maison des S\u0153urs Conceptionnistes de Fatima.<\/p><p>Durant ces deux jours, environ 225 participants ont pu approfondir leur connaissance de la spiritualit\u00e9 mariale de saint Louis-Marie Grignion de Montfort et prier en groupes. L&rsquo;organisation a cherch\u00e9, comme \u00e0 son habitude, \u00e0 cr\u00e9er une ambiance de proximit\u00e9 entre les paroles et les actes. Outre les r\u00e9flexions des intervenants, l&rsquo;Eucharistie a \u00e9t\u00e9 pr\u00e9sid\u00e9e samedi par Mgr Manuel PELINO et dimanche par le patriarche de Lisbonne, Mgr Rui VALERIO, SMM. Samedi \u00e9galement, un temps de pri\u00e8re mariale a \u00e9t\u00e9 propos\u00e9 par la chorale Fatias Douradas. Apr\u00e8s le d\u00eener, le chapelet a \u00e9t\u00e9 r\u00e9cit\u00e9 \u00e0 la chapelle des Apparitions.<\/p><p>La premi\u00e8re r\u00e9flexion, anim\u00e9e par Mgr l&rsquo;\u00e9v\u00eaque \u00e9m\u00e9rite de Santar\u00e9m, portait sur le th\u00e8me \u00ab L&rsquo;esp\u00e9rance ne trompe pas \u00bb. La deuxi\u00e8me r\u00e9flexion a \u00e9t\u00e9 donn\u00e9e par le P\u00e8re Ricardo FIGUEIREDO du Patriarcat de Lisbonne, qui a puis\u00e9 dans la devise de Montfort, \u00ab Avec Marie, en Marie, par Marie et pour Ma-rie \u00bb, pour expliquer comment t\u00e9moigner de l&rsquo;esp\u00e9rance aujourd&rsquo;hui en imitant la Vierge Marie.<\/p><p>Comme le veut la tradition, nous avons eu un temps de partage, une table ronde de t\u00e9moignages sur les fruits de la cons\u00e9cration montfortaine. Cette ann\u00e9e, nous avons accueilli Fatima, m\u00e9decin originaire du Cap-Vert et install\u00e9e au Portugal depuis de nombreuses ann\u00e9es. Outre sa cons\u00e9cration, elle a partag\u00e9 le r\u00e9cit de son p\u00e8lerinage avec les Missionnaires Montfortains sur les lieux o\u00f9 le P\u00e8re de Montfort a v\u00e9cu. Jo\u00e3o, \u00ab des p\u00e2tisseries de Fatima \u00bb, et son \u00e9pouse Elvina, originaires de Crim\u00e9e, ont \u00e9galement partag\u00e9 leur exp\u00e9rience mariale montfortaine. La troisi\u00e8me r\u00e9flexion a \u00e9t\u00e9 donn\u00e9e par s\u0153ur Filipa PEREIRA, ASM : \u00ab L&rsquo;esp\u00e9rance dans le message de Fatima \u00bb. Dimanche, le patriarche de Lisbonne, Mgr Rui VALERIO, a prononc\u00e9 la quatri\u00e8me m\u00e9ditation : \u00ab Saint Louis-Marie Grignion de Montfort l\u2019Ap\u00f4tre de l&rsquo;Esp\u00e9rance \u00bb. En conclusion, le Patriarche a interpell\u00e9 les participants : \u00ab Saint Louis-Marie Grignion de Montfort, par sa vie et son \u0153uvre, nous invite \u00e0 \u00eatre des hommes et des femmes d&rsquo;une esp\u00e9rance audacieuse.<\/p><p>Apr\u00e8s deux jours de partage, les Journ\u00e9es se sont conclues par le renouvellement de la cons\u00e9cration montfortaine de tous les participants. Lors de la cl\u00f4ture, le P\u00e8re Carlos VIEIRA, SMM, sup\u00e9rieur de la d\u00e9l\u00e9gation des Missionnaires Montfortains au Portugal, a adress\u00e9 ses remerciements les plus sinc\u00e8res aux confr\u00e8res qui ont contribu\u00e9 \u00e0 l\u2019organisation, aux intervenants, \u00e0 la chorale Fatias Douradas et \u00e0 tous les participants, ainsi qu&rsquo;aux s\u0153urs qui ont accueilli la conf\u00e9rence.<\/p><p><em>Paulo\u00a0 VICTORIA,\u00a0<\/em><em>Ancien \u00e9l\u00e8ve Montfortain<\/em><\/p>\t\t\t\t\t\t\t\t<\/div>\n\t\t\t\t<\/div>\n\t\t\t\t<div class=\"elementor-element elementor-element-785acf23 elementor-tablet-align-start elementor-icon-list--layout-traditional elementor-list-item-link-full_width elementor-widget elementor-widget-icon-list\" data-id=\"785acf23\" data-element_type=\"widget\" data-e-type=\"widget\" data-widget_type=\"icon-list.default\">\n\t\t\t\t<div class=\"elementor-widget-container\">\n\t\t\t\t\t\t\t<ul class=\"elementor-icon-list-items\">\n\t\t\t\t\t\t\t<li class=\"elementor-icon-list-item\">\n\t\t\t\t\t\t\t\t\t\t\t<a href=\"https:\/\/missionnairesmontfortains.fr\/sitevaovao\/wp-content\/uploads\/2025\/12\/NU-POR-1314-FR-5EditionJourneesMarialesAvecMontfort.pdf\">\n\n\t\t\t\t\t\t\t\t\t\t\t\t<span class=\"elementor-icon-list-icon\">\n\t\t\t\t\t\t\t<svg aria-hidden=\"true\" class=\"e-font-icon-svg e-fas-file-pdf\" viewBox=\"0 0 384 512\" xmlns=\"http:\/\/www.w3.org\/2000\/svg\"><path d=\"M181.9 256.1c-5-16-4.9-46.9-2-46.9 8.4 0 7.6 36.9 2 46.9zm-1.7 47.2c-7.7 20.2-17.3 43.3-28.4 62.7 18.3-7 39-17.2 62.9-21.9-12.7-9.6-24.9-23.4-34.5-40.8zM86.1 428.1c0 .8 13.2-5.4 34.9-40.2-6.7 6.3-29.1 24.5-34.9 40.2zM248 160h136v328c0 13.3-10.7 24-24 24H24c-13.3 0-24-10.7-24-24V24C0 10.7 10.7 0 24 0h200v136c0 13.2 10.8 24 24 24zm-8 171.8c-20-12.2-33.3-29-42.7-53.8 4.5-18.5 11.6-46.6 6.2-64.2-4.7-29.4-42.4-26.5-47.8-6.8-5 18.3-.4 44.1 8.1 77-11.6 27.6-28.7 64.6-40.8 85.8-.1 0-.1.1-.2.1-27.1 13.9-73.6 44.5-54.5 68 5.6 6.9 16 10 21.5 10 17.9 0 35.7-18 61.1-61.8 25.8-8.5 54.1-19.1 79-23.2 21.7 11.8 47.1 19.5 64 19.5 29.2 0 31.2-32 19.7-43.4-13.9-13.6-54.3-9.7-73.6-7.2zM377 105L279 7c-4.5-4.5-10.6-7-17-7h-6v128h128v-6.1c0-6.3-2.5-12.4-7-16.9zm-74.1 255.3c4.1-2.7-2.5-11.9-42.8-9 37.1 15.8 42.8 9 42.8 9z\"><\/path><\/svg>\t\t\t\t\t\t<\/span>\n\t\t\t\t\t\t\t\t\t\t<span class=\"elementor-icon-list-text\">T\u00e9l\u00e9charger le PDF<\/span>\n\t\t\t\t\t\t\t\t\t\t\t<\/a>\n\t\t\t\t\t\t\t\t\t<\/li>\n\t\t\t\t\t\t<\/ul>\n\t\t\t\t\t\t<\/div>\n\t\t\t\t<\/div>\n\t\t\t\t\t<\/div>\n\t\t<\/div>\n\t\t\t\t\t<\/div>\n\t\t<\/section>\n\t\t<div class=\"elementor-element elementor-element-397b63e3 e-con-full e-flex e-con e-parent\" data-id=\"397b63e3\" data-element_type=\"container\" data-e-type=\"container\">\n\t\t\t\t<div class=\"elementor-element elementor-element-1a22c76f elementor-widget elementor-widget-heading\" data-id=\"1a22c76f\" data-element_type=\"widget\" data-e-type=\"widget\" data-widget_type=\"heading.default\">\n\t\t\t\t<div class=\"elementor-widget-container\">\n\t\t\t\t\t<h1 class=\"elementor-heading-title elementor-size-default\">Autres actualit\u00e9s r\u00e9centes<\/h1>\t\t\t\t<\/div>\n\t\t\t\t<\/div>\n\t\t\t\t<div class=\"elementor-element elementor-element-5d2b98b1 elementor-widget elementor-widget-contentviews_widget_grid1\" data-id=\"5d2b98b1\" data-element_type=\"widget\" data-e-type=\"widget\" data-widget_type=\"contentviews_widget_grid1.default\">\n\t\t\t\t<div class=\"elementor-widget-container\">\n\t\t\t\t\t<div class='pt-cv-wrapper'> <div class=\"pt-cv-view pt-cv-blockgrid iscvblock iscvelementor grid1 layout1\" id=\"pt-cv-view-5d2b98b1\"><div data-id=\"pt-cv-page-1\" class=\"pt-cv-page\" data-cvc=\"3\"><div class=\" pt-cv-content-item pt-cv-1-col\" ><div class=\"pt-cv-thumb-wrapper  \"><a href=\"https:\/\/missionnairesmontfortains.fr\/sitevaovao\/elementor-30247\/\" class=\"_self pt-cv-href-thumbnail pt-cv-thumb-default\" target=\"_self\" ><img fetchpriority=\"high\" decoding=\"async\" width=\"882\" height=\"1024\" src=\"https:\/\/missionnairesmontfortains.fr\/sitevaovao\/wp-content\/uploads\/2026\/04\/WhatsApp-Image-2026-03-28-at-15.07.04-2-882x1024.jpeg\" class=\"pt-cv-thumbnail\" alt=\"\" \/><\/a><\/div>\n<div class=\"pt-cv-taxoterm above_title\"><a href='https:\/\/missionnairesmontfortains.fr\/sitevaovao\/category\/actualites\/' title='ACTUALITES' class='pt-cv-tax-actualites'>ACTUALITES<\/a><\/div>\n<h4 class=\"pt-cv-title\"><a href=\"https:\/\/missionnairesmontfortains.fr\/sitevaovao\/elementor-30247\/\" class=\"_self\" target=\"_self\" >Journ\u00e9e Montfortaine des Jeunes<\/a><\/h4>\n<div class=\"pt-cv-content\">Journ\u00e9e Montfortaine des Jeunes 2026 : Marcher avec saint Louis-Marie, dans la joie et la mission \u00a0Le samedi 28 mars, ...<\/div>\n<div class=\"pt-cv-rmwrap\"><a href=\"https:\/\/missionnairesmontfortains.fr\/sitevaovao\/elementor-30247\/\" class=\"_self pt-cv-readmore btn btn-success\" target=\"_self\" >Lire La Suite\u2026<\/a><\/div>\n<div class=\"pt-cv-meta-fields\"><span class=\"entry-date\"> <time datetime=\"2026-04-06T08:59:57+00:00\">avril 6, 2026<\/time><\/span><span> \/ <\/span><span class=\"author\"> <a href=\"\" rel=\"author\">olivier<\/a><\/span><\/div><\/div>\n<div class=\" pt-cv-content-item pt-cv-1-col\" ><div class=\"pt-cv-thumb-wrapper  \"><a href=\"https:\/\/missionnairesmontfortains.fr\/sitevaovao\/renouvellement-des-voeux-et-accueil-des-nouveaux-candidats-png\/\" class=\"_self pt-cv-href-thumbnail pt-cv-thumb-default\" target=\"_self\" ><img decoding=\"async\" width=\"456\" height=\"259\" src=\"https:\/\/missionnairesmontfortains.fr\/sitevaovao\/wp-content\/uploads\/2026\/02\/1330PNG-01.jpg\" class=\"pt-cv-thumbnail\" alt=\"\" \/><\/a><\/div>\n<div class=\"pt-cv-taxoterm above_title\"><a href='https:\/\/missionnairesmontfortains.fr\/sitevaovao\/category\/actualites\/' title='ACTUALITES' class='pt-cv-tax-actualites'>ACTUALITES<\/a><\/div>\n<h4 class=\"pt-cv-title\"><a href=\"https:\/\/missionnairesmontfortains.fr\/sitevaovao\/renouvellement-des-voeux-et-accueil-des-nouveaux-candidats-png\/\" class=\"_self\" target=\"_self\" >Renouvellement des v\u0153ux et accueil des nouveaux candidats &#8211; PNG<\/a><\/h4>\n<div class=\"pt-cv-content\">Renouvellement des v\u0153ux et accueil des nouveaux candidats PORT MORESBY, Papouasie-Nouvelle-Guin\u00e9e \u2013 L\u2019introduction de la Sainte Eucharistie nous rappelle que ...<\/div>\n<div class=\"pt-cv-rmwrap\"><a href=\"https:\/\/missionnairesmontfortains.fr\/sitevaovao\/renouvellement-des-voeux-et-accueil-des-nouveaux-candidats-png\/\" class=\"_self pt-cv-readmore btn btn-success\" target=\"_self\" >Lire La Suite\u2026<\/a><\/div>\n<div class=\"pt-cv-meta-fields\"><span class=\"entry-date\"> <time datetime=\"2026-02-25T16:44:45+00:00\">f\u00e9vrier 25, 2026<\/time><\/span><span> \/ <\/span><span class=\"author\"> <a href=\"\" rel=\"author\">Daniel Busnel<\/a><\/span><\/div><\/div>\n<div class=\" pt-cv-content-item pt-cv-1-col\" ><div class=\"pt-cv-thumb-wrapper  \"><a href=\"https:\/\/missionnairesmontfortains.fr\/sitevaovao\/montfort-sur-meu-a-celebre-saint-louis-marie-dans-sa-paroisse-de-naissance\/\" class=\"_self pt-cv-href-thumbnail pt-cv-thumb-default\" target=\"_self\" ><img decoding=\"async\" width=\"836\" height=\"676\" src=\"https:\/\/missionnairesmontfortains.fr\/sitevaovao\/wp-content\/uploads\/2026\/02\/Captura-de-pantalla-2026-02-22-a-las-20.02.01.png\" class=\"pt-cv-thumbnail\" alt=\"\" \/><\/a><\/div>\n<div class=\"pt-cv-taxoterm above_title\"><a href='https:\/\/missionnairesmontfortains.fr\/sitevaovao\/category\/actualites\/' title='ACTUALITES' class='pt-cv-tax-actualites'>ACTUALITES<\/a><\/div>\n<h4 class=\"pt-cv-title\"><a href=\"https:\/\/missionnairesmontfortains.fr\/sitevaovao\/montfort-sur-meu-a-celebre-saint-louis-marie-dans-sa-paroisse-de-naissance\/\" class=\"_self\" target=\"_self\" >Montfort-sur-Meu a c\u00e9l\u00e9br\u00e9 Saint Louis-Marie dans sa paroisse de naissance<\/a><\/h4>\n<div class=\"pt-cv-content\">31 janvier \u2013 1er f\u00e9vrier 2026 Les 31 janvier et 1er f\u00e9vrier 2026, la paroisse Saint-Louis-Marie en Broc\u00e9liande a c\u00e9l\u00e9br\u00e9 ...<\/div>\n<div class=\"pt-cv-rmwrap\"><a href=\"https:\/\/missionnairesmontfortains.fr\/sitevaovao\/montfort-sur-meu-a-celebre-saint-louis-marie-dans-sa-paroisse-de-naissance\/\" class=\"_self pt-cv-readmore btn btn-success\" target=\"_self\" >Lire La Suite\u2026<\/a><\/div>\n<div class=\"pt-cv-meta-fields\"><span class=\"entry-date\"> <time datetime=\"2026-02-22T19:40:33+00:00\">f\u00e9vrier 22, 2026<\/time><\/span><span> \/ <\/span><span class=\"author\"> <a href=\"\" rel=\"author\">Miralda Medina<\/a><\/span><\/div><\/div>\n<div class=\" pt-cv-content-item pt-cv-1-col\" ><div class=\"pt-cv-thumb-wrapper  \"><a href=\"https:\/\/missionnairesmontfortains.fr\/sitevaovao\/quatre-communautes-montfortaines-touchees-par-le-cyclone-gezani\/\" class=\"_self pt-cv-href-thumbnail pt-cv-thumb-default\" target=\"_self\" ><img loading=\"lazy\" decoding=\"async\" width=\"595\" height=\"285\" src=\"https:\/\/missionnairesmontfortains.fr\/sitevaovao\/wp-content\/uploads\/2026\/02\/Madagascar1329-01.jpg\" class=\"pt-cv-thumbnail\" alt=\"\" \/><\/a><\/div>\n<div class=\"pt-cv-taxoterm above_title\"><a href='https:\/\/missionnairesmontfortains.fr\/sitevaovao\/category\/actualites\/' title='ACTUALITES' class='pt-cv-tax-actualites'>ACTUALITES<\/a><\/div>\n<h4 class=\"pt-cv-title\"><a href=\"https:\/\/missionnairesmontfortains.fr\/sitevaovao\/quatre-communautes-montfortaines-touchees-par-le-cyclone-gezani\/\" class=\"_self\" target=\"_self\" >Quatre communaut\u00e9s montfortaines touch\u00e9es par le cyclone Gezani<\/a><\/h4>\n<div class=\"pt-cv-content\">Quatre communaut\u00e9s montfortaines touch\u00e9es par le cyclone Gezani TAMATAVE, Madagascar \u2013 Le mardi 10 f\u00e9vrier 2026 apr\u00e8s-midi, le cyclone Gezani ...<\/div>\n<div class=\"pt-cv-rmwrap\"><a href=\"https:\/\/missionnairesmontfortains.fr\/sitevaovao\/quatre-communautes-montfortaines-touchees-par-le-cyclone-gezani\/\" class=\"_self pt-cv-readmore btn btn-success\" target=\"_self\" >Lire La Suite\u2026<\/a><\/div>\n<div class=\"pt-cv-meta-fields\"><span class=\"entry-date\"> <time datetime=\"2026-02-21T10:04:20+00:00\">f\u00e9vrier 21, 2026<\/time><\/span><span> \/ <\/span><span class=\"author\"> <a href=\"\" rel=\"author\">Daniel Busnel<\/a><\/span><\/div><\/div>\n<div class=\" pt-cv-content-item pt-cv-1-col\" ><div class=\"pt-cv-thumb-wrapper  \"><a href=\"https:\/\/missionnairesmontfortains.fr\/sitevaovao\/elementor-30019\/\" class=\"_self pt-cv-href-thumbnail pt-cv-thumb-default\" target=\"_self\" ><img loading=\"lazy\" decoding=\"async\" width=\"1024\" height=\"768\" src=\"https:\/\/missionnairesmontfortains.fr\/sitevaovao\/wp-content\/uploads\/2026\/02\/WhatsApp-Image-2026-02-20-at-22.19.58-1024x768.jpeg\" class=\"pt-cv-thumbnail\" alt=\"\" \/><\/a><\/div>\n<div class=\"pt-cv-taxoterm above_title\"><a href='https:\/\/missionnairesmontfortains.fr\/sitevaovao\/category\/actualites\/' title='ACTUALITES' class='pt-cv-tax-actualites'>ACTUALITES<\/a><\/div>\n<h4 class=\"pt-cv-title\"><a href=\"https:\/\/missionnairesmontfortains.fr\/sitevaovao\/elementor-30019\/\" class=\"_self\" target=\"_self\" >A la construction du NOUS<\/a><\/h4>\n<div class=\"pt-cv-content\">A la construction du \"NOUS\" RENCONTRE INTER-COMMUNAUTAIRE AU MARILLAIS\u00a0VICE PROVINCE DE FRANCEMardi 17 f\u00e9vrier 2027Le Mardi 17 f\u00e9vrier 2027 a ...<\/div>\n<div class=\"pt-cv-rmwrap\"><a href=\"https:\/\/missionnairesmontfortains.fr\/sitevaovao\/elementor-30019\/\" class=\"_self pt-cv-readmore btn btn-success\" target=\"_self\" >Lire La Suite\u2026<\/a><\/div>\n<div class=\"pt-cv-meta-fields\"><span class=\"entry-date\"> <time datetime=\"2026-02-20T21:27:37+00:00\">f\u00e9vrier 20, 2026<\/time><\/span><span> \/ <\/span><span class=\"author\"> <a href=\"\" rel=\"author\">olivier<\/a><\/span><\/div><\/div>\n<div class=\" pt-cv-content-item pt-cv-1-col\" ><div class=\"pt-cv-thumb-wrapper  \"><a href=\"https:\/\/missionnairesmontfortains.fr\/sitevaovao\/proces-pour-lassassinat-du-pere-olivier-maire-smm\/\" class=\"_self pt-cv-href-thumbnail pt-cv-thumb-default\" target=\"_self\" ><img loading=\"lazy\" decoding=\"async\" width=\"768\" height=\"1024\" src=\"https:\/\/missionnairesmontfortains.fr\/sitevaovao\/wp-content\/uploads\/2026\/02\/1328Olivier01-768x1024.jpg\" class=\"pt-cv-thumbnail\" alt=\"\" \/><\/a><\/div>\n<div class=\"pt-cv-taxoterm above_title\"><a href='https:\/\/missionnairesmontfortains.fr\/sitevaovao\/category\/actualites\/' title='ACTUALITES' class='pt-cv-tax-actualites'>ACTUALITES<\/a><\/div>\n<h4 class=\"pt-cv-title\"><a href=\"https:\/\/missionnairesmontfortains.fr\/sitevaovao\/proces-pour-lassassinat-du-pere-olivier-maire-smm\/\" class=\"_self\" target=\"_self\" >Proc\u00e8s pour l\u2019assassinat du p\u00e8re Olivier Maire SMM<\/a><\/h4>\n<div class=\"pt-cv-content\">Proc\u00e8s pour l\u2019assassinat du p\u00e8re Olivier Maire SMM LA \u00a0ROCHE-SUR-YON, France - Le proc\u00e8s pour l'assassinat du p\u00e8re Olivier MAIRE, ...<\/div>\n<div class=\"pt-cv-rmwrap\"><a href=\"https:\/\/missionnairesmontfortains.fr\/sitevaovao\/proces-pour-lassassinat-du-pere-olivier-maire-smm\/\" class=\"_self pt-cv-readmore btn btn-success\" target=\"_self\" >Lire La Suite\u2026<\/a><\/div>\n<div class=\"pt-cv-meta-fields\"><span class=\"entry-date\"> <time datetime=\"2026-02-05T16:36:21+00:00\">f\u00e9vrier 5, 2026<\/time><\/span><span> \/ <\/span><span class=\"author\"> <a href=\"\" rel=\"author\">Daniel Busnel<\/a><\/span><\/div><\/div><\/div><\/div> <\/div> \t\t\t\t<\/div>\n\t\t\t\t<\/div>\n\t\t\t\t<\/div>\n\t\t\t\t<section class=\"elementor-section elementor-top-section elementor-element elementor-element-11f48260 elementor-section-content-middle elementor-section-boxed elementor-section-height-default elementor-section-height-default\" data-id=\"11f48260\" data-element_type=\"section\" data-e-type=\"section\">\n\t\t\t\t\t\t<div class=\"elementor-container elementor-column-gap-no\">\n\t\t\t\t\t<div class=\"elementor-column elementor-col-20 elementor-top-column elementor-element elementor-element-284aa993 elementor-invisible\" data-id=\"284aa993\" data-element_type=\"column\" data-e-type=\"column\" data-settings=\"{&quot;background_background&quot;:&quot;classic&quot;,&quot;animation&quot;:&quot;slideInDown&quot;}\">\n\t\t\t<div class=\"elementor-widget-wrap elementor-element-populated\">\n\t\t\t\t\t<div class=\"elementor-background-overlay\"><\/div>\n\t\t\t\t\t\t<div class=\"elementor-element elementor-element-6605b308 elementor-widget elementor-widget-spacer\" data-id=\"6605b308\" data-element_type=\"widget\" data-e-type=\"widget\" data-widget_type=\"spacer.default\">\n\t\t\t\t<div class=\"elementor-widget-container\">\n\t\t\t\t\t\t\t<div class=\"elementor-spacer\">\n\t\t\t<div class=\"elementor-spacer-inner\"><\/div>\n\t\t<\/div>\n\t\t\t\t\t\t<\/div>\n\t\t\t\t<\/div>\n\t\t\t\t\t<\/div>\n\t\t<\/div>\n\t\t\t\t<div class=\"elementor-column elementor-col-20 elementor-top-column elementor-element elementor-element-5a3a37eb elementor-invisible\" data-id=\"5a3a37eb\" data-element_type=\"column\" data-e-type=\"column\" data-settings=\"{&quot;background_background&quot;:&quot;classic&quot;,&quot;animation&quot;:&quot;slideInUp&quot;}\">\n\t\t\t<div class=\"elementor-widget-wrap elementor-element-populated\">\n\t\t\t\t\t\t<div class=\"elementor-element elementor-element-58bce5b2 elementor-widget elementor-widget-spacer\" data-id=\"58bce5b2\" data-element_type=\"widget\" data-e-type=\"widget\" data-widget_type=\"spacer.default\">\n\t\t\t\t<div class=\"elementor-widget-container\">\n\t\t\t\t\t\t\t<div class=\"elementor-spacer\">\n\t\t\t<div class=\"elementor-spacer-inner\"><\/div>\n\t\t<\/div>\n\t\t\t\t\t\t<\/div>\n\t\t\t\t<\/div>\n\t\t\t\t\t<\/div>\n\t\t<\/div>\n\t\t\t\t<div class=\"elementor-column elementor-col-20 elementor-top-column elementor-element elementor-element-7a589b46 elementor-invisible\" data-id=\"7a589b46\" data-element_type=\"column\" data-e-type=\"column\" data-settings=\"{&quot;background_background&quot;:&quot;classic&quot;,&quot;animation&quot;:&quot;bounceInDown&quot;}\">\n\t\t\t<div class=\"elementor-widget-wrap elementor-element-populated\">\n\t\t\t\t\t\t<div class=\"elementor-element elementor-element-2dadef52 elementor-widget elementor-widget-spacer\" data-id=\"2dadef52\" data-element_type=\"widget\" data-e-type=\"widget\" data-widget_type=\"spacer.default\">\n\t\t\t\t<div class=\"elementor-widget-container\">\n\t\t\t\t\t\t\t<div class=\"elementor-spacer\">\n\t\t\t<div class=\"elementor-spacer-inner\"><\/div>\n\t\t<\/div>\n\t\t\t\t\t\t<\/div>\n\t\t\t\t<\/div>\n\t\t\t\t\t<\/div>\n\t\t<\/div>\n\t\t\t\t<div class=\"elementor-column elementor-col-20 elementor-top-column elementor-element elementor-element-6f72ffda elementor-invisible\" data-id=\"6f72ffda\" data-element_type=\"column\" data-e-type=\"column\" data-settings=\"{&quot;background_background&quot;:&quot;classic&quot;,&quot;animation&quot;:&quot;bounceInUp&quot;}\">\n\t\t\t<div class=\"elementor-widget-wrap elementor-element-populated\">\n\t\t\t\t\t\t<div class=\"elementor-element elementor-element-35f90da6 elementor-widget elementor-widget-spacer\" data-id=\"35f90da6\" data-element_type=\"widget\" data-e-type=\"widget\" data-widget_type=\"spacer.default\">\n\t\t\t\t<div class=\"elementor-widget-container\">\n\t\t\t\t\t\t\t<div class=\"elementor-spacer\">\n\t\t\t<div class=\"elementor-spacer-inner\"><\/div>\n\t\t<\/div>\n\t\t\t\t\t\t<\/div>\n\t\t\t\t<\/div>\n\t\t\t\t\t<\/div>\n\t\t<\/div>\n\t\t\t\t<div class=\"elementor-column elementor-col-20 elementor-top-column elementor-element elementor-element-3f3f4b55\" data-id=\"3f3f4b55\" data-element_type=\"column\" data-e-type=\"column\">\n\t\t\t<div class=\"elementor-widget-wrap elementor-element-populated\">\n\t\t\t\t\t\t<div class=\"elementor-element elementor-element-10ae3c15 elementor-widget elementor-widget-heading\" data-id=\"10ae3c15\" data-element_type=\"widget\" data-e-type=\"widget\" data-widget_type=\"heading.default\">\n\t\t\t\t<div class=\"elementor-widget-container\">\n\t\t\t\t\t<h5 class=\"elementor-heading-title elementor-size-default\"><a href=\"https:\/\/missionnairesmontfortains.fr\/sitevaovao\/4-communautes\/?preview_id=28670&#038;preview_nonce=f6c8496c9b&#038;preview=true\">EN MISSION SUR LES HAUTS-LIEUX MONTFORTAINS<\/a><\/h5>\t\t\t\t<\/div>\n\t\t\t\t<\/div>\n\t\t\t\t<div class=\"elementor-element elementor-element-44dc96df elementor-widget elementor-widget-image-box\" data-id=\"44dc96df\" data-element_type=\"widget\" data-e-type=\"widget\" data-settings=\"{&quot;_animation&quot;:&quot;none&quot;}\" data-widget_type=\"image-box.default\">\n\t\t\t\t<div class=\"elementor-widget-container\">\n\t\t\t\t\t<div class=\"elementor-image-box-wrapper\"><div class=\"elementor-image-box-content\"><h2 class=\"elementor-image-box-title\"><a href=\"https:\/\/missionnairesmontfortains.fr\/sitevaovao\/4-communautes\/?preview_id=28670&#038;preview_nonce=f6c8496c9b&#038;preview=true\">\"Oser prendre des risques pour Dieu et pour l'Humanit\u00e9\"<\/a><\/h2><p class=\"elementor-image-box-description\">En France, les Missionnaires Montfortains sont sur 4 lieux: \nSaint-Laurent-sur-s\u00e8vre, le Calvaire de Pontch\u00e2teau, Montfort-sur-Meur et Notre-Dame du Marillais.<\/p><\/div><\/div>\t\t\t\t<\/div>\n\t\t\t\t<\/div>\n\t\t\t\t<div class=\"elementor-element elementor-element-7dd8a480 elementor-align-center elementor-tablet-align-center elementor-mobile-align-center elementor-widget elementor-widget-button\" data-id=\"7dd8a480\" data-element_type=\"widget\" data-e-type=\"widget\" data-widget_type=\"button.default\">\n\t\t\t\t<div class=\"elementor-widget-container\">\n\t\t\t\t\t\t\t\t\t<div class=\"elementor-button-wrapper\">\n\t\t\t\t\t<a class=\"elementor-button elementor-button-link elementor-size-md\" href=\"https:\/\/missionnairesmontfortains.fr\/sitevaovao\/4-communautes\/?preview_id=28670&#038;preview_nonce=f6c8496c9b&#038;preview=true\">\n\t\t\t\t\t\t<span class=\"elementor-button-content-wrapper\">\n\t\t\t\t\t\t\t\t\t<span class=\"elementor-button-text\">D\u00e9couvrir nos communaut\u00e9s<\/span>\n\t\t\t\t\t<\/span>\n\t\t\t\t\t<\/a>\n\t\t\t\t<\/div>\n\t\t\t\t\t\t\t\t<\/div>\n\t\t\t\t<\/div>\n\t\t\t\t\t<\/div>\n\t\t<\/div>\n\t\t\t\t\t<\/div>\n\t\t<\/section>\n\t\t<div class=\"elementor-element elementor-element-17885d3a e-flex e-con-boxed e-con e-parent\" data-id=\"17885d3a\" data-element_type=\"container\" data-e-type=\"container\">\n\t\t\t\t\t<div class=\"e-con-inner\">\n\t\t\t\t<div class=\"elementor-element elementor-element-58d21a6d elementor-widget elementor-widget-image\" data-id=\"58d21a6d\" data-element_type=\"widget\" data-e-type=\"widget\" data-widget_type=\"image.default\">\n\t\t\t\t<div class=\"elementor-widget-container\">\n\t\t\t\t\t\t\t\t\t\t\t\t\t\t\t<img loading=\"lazy\" decoding=\"async\" width=\"768\" height=\"1086\" src=\"https:\/\/missionnairesmontfortains.fr\/sitevaovao\/wp-content\/uploads\/2025\/10\/Affiche-Concert-Voix-de-Montfort-Clisson-768x1086.png\" class=\"attachment-medium_large size-medium_large wp-image-28825\" alt=\"\" srcset=\"https:\/\/missionnairesmontfortains.fr\/sitevaovao\/wp-content\/uploads\/2025\/10\/Affiche-Concert-Voix-de-Montfort-Clisson-768x1086.png 768w, https:\/\/missionnairesmontfortains.fr\/sitevaovao\/wp-content\/uploads\/2025\/10\/Affiche-Concert-Voix-de-Montfort-Clisson-212x300.png 212w, https:\/\/missionnairesmontfortains.fr\/sitevaovao\/wp-content\/uploads\/2025\/10\/Affiche-Concert-Voix-de-Montfort-Clisson-724x1024.png 724w, https:\/\/missionnairesmontfortains.fr\/sitevaovao\/wp-content\/uploads\/2025\/10\/Affiche-Concert-Voix-de-Montfort-Clisson-1086x1536.png 1086w, https:\/\/missionnairesmontfortains.fr\/sitevaovao\/wp-content\/uploads\/2025\/10\/Affiche-Concert-Voix-de-Montfort-Clisson-1448x2048.png 1448w, https:\/\/missionnairesmontfortains.fr\/sitevaovao\/wp-content\/uploads\/2025\/10\/Affiche-Concert-Voix-de-Montfort-Clisson.png 1587w\" sizes=\"(max-width: 768px) 100vw, 768px\" \/>\t\t\t\t\t\t\t\t\t\t\t\t\t\t\t<\/div>\n\t\t\t\t<\/div>\n\t\t\t\t\t<\/div>\n\t\t\t\t<\/div>\n\t\t<div class=\"elementor-element elementor-element-1f8f9362 e-flex e-con-boxed e-con e-parent\" data-id=\"1f8f9362\" data-element_type=\"container\" data-e-type=\"container\">\n\t\t\t\t\t<div class=\"e-con-inner\">\n\t\t<div class=\"elementor-element elementor-element-43266bee e-con-full e-flex e-con e-child\" data-id=\"43266bee\" data-element_type=\"container\" data-e-type=\"container\">\n\t\t\t\t<div class=\"elementor-element elementor-element-484ea3b1 elementor-widget elementor-widget-heading\" data-id=\"484ea3b1\" data-element_type=\"widget\" data-e-type=\"widget\" data-widget_type=\"heading.default\">\n\t\t\t\t<div class=\"elementor-widget-container\">\n\t\t\t\t\t<h1 class=\"elementor-heading-title elementor-size-default\">Restez inform\u00e9(e)<\/h1>\t\t\t\t<\/div>\n\t\t\t\t<\/div>\n\t\t\t\t<div class=\"elementor-element elementor-element-76b3bd92 elementor-align-center elementor-widget elementor-widget-button\" data-id=\"76b3bd92\" data-element_type=\"widget\" data-e-type=\"widget\" data-widget_type=\"button.default\">\n\t\t\t\t<div class=\"elementor-widget-container\">\n\t\t\t\t\t\t\t\t\t<div class=\"elementor-button-wrapper\">\n\t\t\t\t\t<a class=\"elementor-button elementor-button-link elementor-size-sm elementor-animation-grow\" href=\"#\">\n\t\t\t\t\t\t<span class=\"elementor-button-content-wrapper\">\n\t\t\t\t\t\t<span class=\"elementor-button-icon\">\n\t\t\t\t<svg aria-hidden=\"true\" class=\"e-font-icon-svg e-far-envelope\" viewBox=\"0 0 512 512\" xmlns=\"http:\/\/www.w3.org\/2000\/svg\"><path d=\"M464 64H48C21.49 64 0 85.49 0 112v288c0 26.51 21.49 48 48 48h416c26.51 0 48-21.49 48-48V112c0-26.51-21.49-48-48-48zm0 48v40.805c-22.422 18.259-58.168 46.651-134.587 106.49-16.841 13.247-50.201 45.072-73.413 44.701-23.208.375-56.579-31.459-73.413-44.701C106.18 199.465 70.425 171.067 48 152.805V112h416zM48 400V214.398c22.914 18.251 55.409 43.862 104.938 82.646 21.857 17.205 60.134 55.186 103.062 54.955 42.717.231 80.509-37.199 103.053-54.947 49.528-38.783 82.032-64.401 104.947-82.653V400H48z\"><\/path><\/svg>\t\t\t<\/span>\n\t\t\t\t\t\t\t\t\t<span class=\"elementor-button-text\">S'inscrire<\/span>\n\t\t\t\t\t<\/span>\n\t\t\t\t\t<\/a>\n\t\t\t\t<\/div>\n\t\t\t\t\t\t\t\t<\/div>\n\t\t\t\t<\/div>\n\t\t\t\t<div class=\"elementor-element elementor-element-4ca74b9d elementor-widget__width-inherit elementor-widget-mobile__width-inherit elementor-widget elementor-widget-text-editor\" data-id=\"4ca74b9d\" data-element_type=\"widget\" data-e-type=\"widget\" data-widget_type=\"text-editor.default\">\n\t\t\t\t<div class=\"elementor-widget-container\">\n\t\t\t\t\t\t\t\t\t<p style=\"text-align: center;\">Abonnez-vous \u00e0 notre newsletter pour recevoir les derni\u00e8res m\u00e9ditations de la Parole de Dieu, les pri\u00e8res et des nouvelles<\/p><p style=\"text-align: center;\">\ud83d\ude4f <strong>Ne manquez rien de l&rsquo;audace des fils de Montfort<\/strong><\/p>\t\t\t\t\t\t\t\t<\/div>\n\t\t\t\t<\/div>\n\t\t\t\t<\/div>\n\t\t\t\t\t<\/div>\n\t\t\t\t<\/div>\n\t\t\t\t<\/div>\n\t\t","protected":false},"excerpt":{"rendered":"<p>5\u00e8me Edition des \u00ab Journ\u00e9es Mariales avec Montfort \u00bb FATIMA, Portugal &#8211; \u00ab L&rsquo;esp\u00e9rance est une caract\u00e9ristique humaine tr\u00e8s pr\u00e9sente dans la culture des peuples : \u00ab\u00a0Tant qu&rsquo;il y a de la vie, il y a de l\u2019esp\u00e9rance !\u00a0\u00bb ; \u00ab\u00a0L&rsquo;esp\u00e9rance est la derni\u00e8re chose qui meurt !\u00a0\u00bb. Cependant, une esp\u00e9rance limit\u00e9e \u00e0 la r\u00e9alit\u00e9 [&hellip;]<\/p>\n","protected":false},"author":3,"featured_media":29676,"comment_status":"closed","ping_status":"closed","sticky":true,"template":"elementor_theme","format":"standard","meta":{"content-type":"","_uag_custom_page_level_css":"","site-sidebar-layout":"default","site-content-layout":"","ast-site-content-layout":"default","site-content-style":"default","site-sidebar-style":"default","ast-global-header-display":"","ast-banner-title-visibility":"","ast-main-header-display":"","ast-hfb-above-header-display":"","ast-hfb-below-header-display":"","ast-hfb-mobile-header-display":"","site-post-title":"disabled","ast-breadcrumbs-content":"","ast-featured-img":"","footer-sml-layout":"","theme-transparent-header-meta":"","adv-header-id-meta":"","stick-header-meta":"","header-above-stick-meta":"","header-main-stick-meta":"","header-below-stick-meta":"","astra-migrate-meta-layouts":"set","ast-page-background-enabled":"default","ast-page-background-meta":{"desktop":{"background-color":"","background-image":"","background-repeat":"repeat","background-position":"center center","background-size":"auto","background-attachment":"scroll","background-type":"","background-media":"","overlay-type":"","overlay-color":"","overlay-opacity":"","overlay-gradient":""},"tablet":{"background-color":"","background-image":"","background-repeat":"repeat","background-position":"center center","background-size":"auto","background-attachment":"scroll","background-type":"","background-media":"","overlay-type":"","overlay-color":"","overlay-opacity":"","overlay-gradient":""},"mobile":{"background-color":"","background-image":"","background-repeat":"repeat","background-position":"center center","background-size":"auto","background-attachment":"scroll","background-type":"","background-media":"","overlay-type":"","overlay-color":"","overlay-opacity":"","overlay-gradient":""}},"ast-content-background-meta":{"desktop":{"background-color":"var(--ast-global-color-5)","background-image":"","background-repeat":"repeat","background-position":"center center","background-size":"auto","background-attachment":"scroll","background-type":"","background-media":"","overlay-type":"","overlay-color":"","overlay-opacity":"","overlay-gradient":""},"tablet":{"background-color":"var(--ast-global-color-5)","background-image":"","background-repeat":"repeat","background-position":"center center","background-size":"auto","background-attachment":"scroll","background-type":"","background-media":"","overlay-type":"","overlay-color":"","overlay-opacity":"","overlay-gradient":""},"mobile":{"background-color":"var(--ast-global-color-5)","background-image":"","background-repeat":"repeat","background-position":"center center","background-size":"auto","background-attachment":"scroll","background-type":"","background-media":"","overlay-type":"","overlay-color":"","overlay-opacity":"","overlay-gradient":""}},"footnotes":""},"categories":[49],"tags":[],"class_list":["post-29735","post","type-post","status-publish","format-standard","has-post-thumbnail","hentry","category-actualites"],"uagb_featured_image_src":{"full":["https:\/\/missionnairesmontfortains.fr\/sitevaovao\/wp-content\/uploads\/2025\/12\/1314Portugal01.jpg",659,368,false],"thumbnail":["https:\/\/missionnairesmontfortains.fr\/sitevaovao\/wp-content\/uploads\/2025\/12\/1314Portugal01-150x150.jpg",150,150,true],"medium":["https:\/\/missionnairesmontfortains.fr\/sitevaovao\/wp-content\/uploads\/2025\/12\/1314Portugal01-300x168.jpg",300,168,true],"medium_large":["https:\/\/missionnairesmontfortains.fr\/sitevaovao\/wp-content\/uploads\/2025\/12\/1314Portugal01.jpg",659,368,false],"large":["https:\/\/missionnairesmontfortains.fr\/sitevaovao\/wp-content\/uploads\/2025\/12\/1314Portugal01.jpg",659,368,false],"1536x1536":["https:\/\/missionnairesmontfortains.fr\/sitevaovao\/wp-content\/uploads\/2025\/12\/1314Portugal01.jpg",659,368,false],"2048x2048":["https:\/\/missionnairesmontfortains.fr\/sitevaovao\/wp-content\/uploads\/2025\/12\/1314Portugal01.jpg",659,368,false]},"uagb_author_info":{"display_name":"Daniel Busnel","author_link":""},"uagb_comment_info":0,"uagb_excerpt":"5\u00e8me Edition des \u00ab Journ\u00e9es Mariales avec Montfort \u00bb FATIMA, Portugal &#8211; \u00ab L&rsquo;esp\u00e9rance est une caract\u00e9ristique humaine tr\u00e8s pr\u00e9sente dans la culture des peuples : \u00ab\u00a0Tant qu&rsquo;il y a de la vie, il y a de l\u2019esp\u00e9rance !\u00a0\u00bb ; \u00ab\u00a0L&rsquo;esp\u00e9rance est la derni\u00e8re chose qui meurt !\u00a0\u00bb. Cependant, une esp\u00e9rance limit\u00e9e \u00e0 la r\u00e9alit\u00e9\u2026","_links":{"self":[{"href":"https:\/\/missionnairesmontfortains.fr\/sitevaovao\/wp-json\/wp\/v2\/posts\/29735","targetHints":{"allow":["GET"]}}],"collection":[{"href":"https:\/\/missionnairesmontfortains.fr\/sitevaovao\/wp-json\/wp\/v2\/posts"}],"about":[{"href":"https:\/\/missionnairesmontfortains.fr\/sitevaovao\/wp-json\/wp\/v2\/types\/post"}],"author":[{"embeddable":true,"href":"https:\/\/missionnairesmontfortains.fr\/sitevaovao\/wp-json\/wp\/v2\/users\/3"}],"replies":[{"embeddable":true,"href":"https:\/\/missionnairesmontfortains.fr\/sitevaovao\/wp-json\/wp\/v2\/comments?post=29735"}],"version-history":[{"count":4,"href":"https:\/\/missionnairesmontfortains.fr\/sitevaovao\/wp-json\/wp\/v2\/posts\/29735\/revisions"}],"predecessor-version":[{"id":29740,"href":"https:\/\/missionnairesmontfortains.fr\/sitevaovao\/wp-json\/wp\/v2\/posts\/29735\/revisions\/29740"}],"wp:featuredmedia":[{"embeddable":true,"href":"https:\/\/missionnairesmontfortains.fr\/sitevaovao\/wp-json\/wp\/v2\/media\/29676"}],"wp:attachment":[{"href":"https:\/\/missionnairesmontfortains.fr\/sitevaovao\/wp-json\/wp\/v2\/media?parent=29735"}],"wp:term":[{"taxonomy":"category","embeddable":true,"href":"https:\/\/missionnairesmontfortains.fr\/sitevaovao\/wp-json\/wp\/v2\/categories?post=29735"},{"taxonomy":"post_tag","embeddable":true,"href":"https:\/\/missionnairesmontfortains.fr\/sitevaovao\/wp-json\/wp\/v2\/tags?post=29735"}],"curies":[{"name":"wp","href":"https:\/\/api.w.org\/{rel}","templated":true}]}}