{"id":29719,"date":"2025-12-12T20:32:05","date_gmt":"2025-12-12T20:32:05","guid":{"rendered":"https:\/\/missionnairesmontfortains.fr\/sitevaovao\/?p=29719"},"modified":"2025-12-12T20:59:00","modified_gmt":"2025-12-12T20:59:00","slug":"46-ans-de-service-missionnaire-des-montfortains-en-ecosse","status":"publish","type":"post","link":"https:\/\/missionnairesmontfortains.fr\/sitevaovao\/46-ans-de-service-missionnaire-des-montfortains-en-ecosse\/","title":{"rendered":"46 ans de service missionnaire des Montfortains en \u00c9cosse"},"content":{"rendered":"\t\t<div data-elementor-type=\"wp-post\" data-elementor-id=\"29719\" class=\"elementor elementor-29719\">\n\t\t\t\t<div class=\"elementor-element elementor-element-273dc3c2 e-flex e-con-boxed e-con e-parent\" data-id=\"273dc3c2\" data-element_type=\"container\" data-e-type=\"container\">\n\t\t\t\t\t<div class=\"e-con-inner\">\n\t\t\t\t<div class=\"elementor-element elementor-element-21c86372 elementor-widget elementor-widget-text-editor\" data-id=\"21c86372\" data-element_type=\"widget\" data-e-type=\"widget\" data-widget_type=\"text-editor.default\">\n\t\t\t\t<div class=\"elementor-widget-container\">\n\t\t\t\t\t\t\t\t\t\n<h1 class=\"wp-block-heading\"><\/h1>\n\n\n\n<p><\/p>\n\t\t\t\t\t\t\t\t<\/div>\n\t\t\t\t<\/div>\n\t\t\t\t\t<\/div>\n\t\t\t\t<\/div>\n\t\t\t\t<section class=\"elementor-section elementor-top-section elementor-element elementor-element-5514ea8c elementor-section-content-middle elementor-section-boxed elementor-section-height-default elementor-section-height-default\" data-id=\"5514ea8c\" data-element_type=\"section\" data-e-type=\"section\" data-settings=\"{&quot;background_background&quot;:&quot;classic&quot;}\">\n\t\t\t\t\t\t<div class=\"elementor-container elementor-column-gap-no\">\n\t\t\t\t\t<div class=\"elementor-column elementor-col-100 elementor-top-column elementor-element elementor-element-71b505ef\" data-id=\"71b505ef\" data-element_type=\"column\" data-e-type=\"column\">\n\t\t\t<div class=\"elementor-widget-wrap elementor-element-populated\">\n\t\t\t\t\t\t<div class=\"elementor-element elementor-element-76251893 elementor-widget__width-inherit elementor-widget elementor-widget-heading\" data-id=\"76251893\" data-element_type=\"widget\" data-e-type=\"widget\" data-widget_type=\"heading.default\">\n\t\t\t\t<div class=\"elementor-widget-container\">\n\t\t\t\t\t<h2 class=\"elementor-heading-title elementor-size-default\">46 ans de service missionnaire des Montfortains en \u00c9cosse<\/h2>\t\t\t\t<\/div>\n\t\t\t\t<\/div>\n\t\t\t\t<div class=\"elementor-element elementor-element-5c27ff58 elementor-widget__width-inherit elementor-widget elementor-widget-text-editor\" data-id=\"5c27ff58\" data-element_type=\"widget\" data-e-type=\"widget\" data-widget_type=\"text-editor.default\">\n\t\t\t\t<div class=\"elementor-widget-container\">\n\t\t\t\t\t\t\t\t\t<p><strong>Comm\u00e9moration des 46 ans de service missionnaire des Montfortains\u00a0<\/strong><strong>en \u00c9cosse<\/strong><\/p>\n<p><strong>Barrhead \u00a0(\u00c9cosse), <\/strong>Le \u00a0dimanche \u00a0&#8211; \u00a02 \u00a0novembre \u00a02025, \u00a0la \u00a0paroisse \u00a0Saint-Jean \u00c9vang\u00e9liste de Barrhead, en \u00c9cosse, s\u2019est r\u00e9unie pour rendre gr\u00e2ce et honorer les 46 ann\u00e9es de service d\u00e9vou\u00e9 des pr\u00eatres et des fr\u00e8res religieux missionnaires des Montfortains qui ont \u0153uvr\u00e9 \u00e0 la Maison Montfort.<\/p>\n<p>Organis\u00e9e \u00e0 l\u2019invitation de Mgr John KEENAN, \u00e9v\u00eaque de Paisley, la c\u00e9l\u00e9bration a suivi la messe de 10 h et a rassembl\u00e9 religieux, la\u00efcs, paroissiens et invit\u00e9s des Montfortains dans un esprit de pri\u00e8re, de souvenir et de gratitude. Ce fut un hommage appropri\u00e9 aux missionnaires dont la pr\u00e9sence a marqu\u00e9 la vie spirituelle de la paroisse et de la communaut\u00e9 de Barrhead pendant pr\u00e8s de cinq d\u00e9cennies. Apr\u00e8s la messe, une plaque comm\u00e9morative en laiton a \u00e9t\u00e9 d\u00e9voil\u00e9e au fond de l&rsquo;\u00e9glise, t\u00e9moignant de la pr\u00e9sence permanente des Missionnaires Montfortains depuis la fondation de la Maison Montfort en 1960 jusqu&rsquo;\u00e0 sa fermeture en 2006. Bien que la maison soit d\u00e9sormais ferm\u00e9e, l&rsquo;esprit montfortain demeure profond\u00e9ment ancr\u00e9 dans la communaut\u00e9, \u00e0 travers les vies touch\u00e9es, les amiti\u00e9s nou\u00e9es et la foi nourrie au fil des ans. L&rsquo;\u00e9v\u00e9nement a \u00e9t\u00e9 honor\u00e9 par la pr\u00e9sence de membres de l&rsquo;Administration g\u00e9n\u00e9rale des Missionnaires de Montfort et de la direction britannique : P\u00e8re Dwi WATUN, SMM Sup\u00e9rieur g\u00e9n\u00e9ral; P\u00e8re Marco PASINATO, SMM Vicaire g\u00e9n\u00e9ral, P\u00e8re Balaswamy KATA, SMM \u00c9conome g\u00e9n\u00e9ral ; P\u00e8re Richard MAGARARU, SMM R\u00e9f\u00e9rent pour le Royaume-Uni.<\/p>\n<p>Leur pr\u00e9sence refl\u00e9tait la profonde reconnaissance de l&rsquo;h\u00e9ritage des Missionnaires Montfortains \u00e0 Barrhead et les liens ind\u00e9fectibles unissant la paroisse locale \u00e0 la communaut\u00e9 catholique \u00e9cossaise.<\/p>\n<p>Le cur\u00e9, Monseigneur John TORMEY, a accueilli chacun avec chaleur et sinc\u00e9rit\u00e9. Dans son discours, il a rendu hommage \u00e0 la \u00ab contribution extraordinaire \u00bb et au \u00ab travail remarquable \u00bb des Missionnaires Montfortains, rappelant leur d\u00e9vouement au minist\u00e8re sacramentel, \u00e0 l\u2019\u00e9vang\u00e9lisation des jeunes et \u00e0 l\u2019accompagnement pastoral. Ses paroles ont fait \u00e9cho aux sentiments de nombreuses personnes marqu\u00e9es par la pr\u00e9sence des Missionnaires au fil des ans.<\/p>\n<p>Un moment particuli\u00e8rement \u00e9mouvant a \u00e9t\u00e9 la pr\u00e9sence de la famille du regrett\u00e9 P\u00e8re James MURRAY, l\u2019un des Missionnaires Montfortains les plus appr\u00e9ci\u00e9s \u00e0 Barrhead. Leur pr\u00e9sence a donn\u00e9 une dimension personnelle et chaleureuse \u00e0 cette journ\u00e9e, rappelant \u00e0 tous les liens profonds et durables tiss\u00e9s gr\u00e2ce \u00e0 l\u2019\u0153uvre des Montfortains dans la r\u00e9gion.<\/p>\n<p>Apr\u00e8s l\u2019inauguration, les invit\u00e9s ont \u00e9t\u00e9 convi\u00e9s dans la salle paroissiale \u00e0 partager un caf\u00e9 et des g\u00e2teaux \u2013 un moment convivial et chaleureux o\u00f9 l\u2019on a \u00e9chang\u00e9 des anecdotes, renou\u00e9 des amiti\u00e9s et honor\u00e9 des souvenirs. Nombreux sont ceux qui ont \u00e9voqu\u00e9 avec \u00e9motion la bont\u00e9, l\u2019humour et l\u2019engagement ind\u00e9fectible des Missionnaires envers l\u2019\u00c9vangile. La plaque de laiton t\u00e9moigne d\u00e9sormais de la gratitude et du souvenir des missionnaires Montfortains, refl\u00e9tant leur foi, leur d\u00e9vouement et l&rsquo;amour qu&rsquo;ils ont apport\u00e9s \u00e0 Barrhead. Bien que les Montfortains ne soient plus actifs en \u00c9cosse, leur h\u00e9ritage perdure \u00e0 travers ceux qui ont b\u00e9n\u00e9fici\u00e9 de leur minist\u00e8re.<\/p>\n<p><em>M. Aidan Murphy<\/em><\/p>\t\t\t\t\t\t\t\t<\/div>\n\t\t\t\t<\/div>\n\t\t\t\t<div class=\"elementor-element elementor-element-e62ae08 elementor-tablet-align-start elementor-icon-list--layout-traditional elementor-list-item-link-full_width elementor-widget elementor-widget-icon-list\" data-id=\"e62ae08\" data-element_type=\"widget\" data-e-type=\"widget\" data-widget_type=\"icon-list.default\">\n\t\t\t\t<div class=\"elementor-widget-container\">\n\t\t\t\t\t\t\t<ul class=\"elementor-icon-list-items\">\n\t\t\t\t\t\t\t<li class=\"elementor-icon-list-item\">\n\t\t\t\t\t\t\t\t\t\t\t<a href=\"https:\/\/missionnairesmontfortains.fr\/sitevaovao\/wp-content\/uploads\/2025\/11\/NU-SCO-1312-FR-Commemoration-46-ans-de-service-missionnaire-des-Montfortains-en-Ecosse.pdf\">\n\n\t\t\t\t\t\t\t\t\t\t\t\t<span class=\"elementor-icon-list-icon\">\n\t\t\t\t\t\t\t<svg aria-hidden=\"true\" class=\"e-font-icon-svg e-fas-file-pdf\" viewBox=\"0 0 384 512\" xmlns=\"http:\/\/www.w3.org\/2000\/svg\"><path d=\"M181.9 256.1c-5-16-4.9-46.9-2-46.9 8.4 0 7.6 36.9 2 46.9zm-1.7 47.2c-7.7 20.2-17.3 43.3-28.4 62.7 18.3-7 39-17.2 62.9-21.9-12.7-9.6-24.9-23.4-34.5-40.8zM86.1 428.1c0 .8 13.2-5.4 34.9-40.2-6.7 6.3-29.1 24.5-34.9 40.2zM248 160h136v328c0 13.3-10.7 24-24 24H24c-13.3 0-24-10.7-24-24V24C0 10.7 10.7 0 24 0h200v136c0 13.2 10.8 24 24 24zm-8 171.8c-20-12.2-33.3-29-42.7-53.8 4.5-18.5 11.6-46.6 6.2-64.2-4.7-29.4-42.4-26.5-47.8-6.8-5 18.3-.4 44.1 8.1 77-11.6 27.6-28.7 64.6-40.8 85.8-.1 0-.1.1-.2.1-27.1 13.9-73.6 44.5-54.5 68 5.6 6.9 16 10 21.5 10 17.9 0 35.7-18 61.1-61.8 25.8-8.5 54.1-19.1 79-23.2 21.7 11.8 47.1 19.5 64 19.5 29.2 0 31.2-32 19.7-43.4-13.9-13.6-54.3-9.7-73.6-7.2zM377 105L279 7c-4.5-4.5-10.6-7-17-7h-6v128h128v-6.1c0-6.3-2.5-12.4-7-16.9zm-74.1 255.3c4.1-2.7-2.5-11.9-42.8-9 37.1 15.8 42.8 9 42.8 9z\"><\/path><\/svg>\t\t\t\t\t\t<\/span>\n\t\t\t\t\t\t\t\t\t\t<span class=\"elementor-icon-list-text\">T\u00e9l\u00e9charger le PDF<\/span>\n\t\t\t\t\t\t\t\t\t\t\t<\/a>\n\t\t\t\t\t\t\t\t\t<\/li>\n\t\t\t\t\t\t<\/ul>\n\t\t\t\t\t\t<\/div>\n\t\t\t\t<\/div>\n\t\t\t\t\t<\/div>\n\t\t<\/div>\n\t\t\t\t\t<\/div>\n\t\t<\/section>\n\t\t<div class=\"elementor-element elementor-element-c1f4130 e-con-full e-flex e-con e-parent\" data-id=\"c1f4130\" data-element_type=\"container\" data-e-type=\"container\">\n\t\t\t\t<div class=\"elementor-element elementor-element-27008bbb elementor-widget elementor-widget-heading\" data-id=\"27008bbb\" data-element_type=\"widget\" data-e-type=\"widget\" data-widget_type=\"heading.default\">\n\t\t\t\t<div class=\"elementor-widget-container\">\n\t\t\t\t\t<h1 class=\"elementor-heading-title elementor-size-default\">Autres actualit\u00e9s r\u00e9centes<\/h1>\t\t\t\t<\/div>\n\t\t\t\t<\/div>\n\t\t\t\t<div class=\"elementor-element elementor-element-652e8a04 elementor-widget elementor-widget-contentviews_widget_grid1\" data-id=\"652e8a04\" data-element_type=\"widget\" data-e-type=\"widget\" data-widget_type=\"contentviews_widget_grid1.default\">\n\t\t\t\t<div class=\"elementor-widget-container\">\n\t\t\t\t\t<div class='pt-cv-wrapper'> <div class=\"pt-cv-view pt-cv-blockgrid iscvblock iscvelementor grid1 layout1\" id=\"pt-cv-view-652e8a04\"><div data-id=\"pt-cv-page-1\" class=\"pt-cv-page\" data-cvc=\"3\"><div class=\" pt-cv-content-item pt-cv-1-col\" ><div class=\"pt-cv-thumb-wrapper  \"><a href=\"https:\/\/missionnairesmontfortains.fr\/sitevaovao\/elementor-30247\/\" class=\"_self pt-cv-href-thumbnail pt-cv-thumb-default\" target=\"_self\" ><img fetchpriority=\"high\" decoding=\"async\" width=\"882\" height=\"1024\" src=\"https:\/\/missionnairesmontfortains.fr\/sitevaovao\/wp-content\/uploads\/2026\/04\/WhatsApp-Image-2026-03-28-at-15.07.04-2-882x1024.jpeg\" class=\"pt-cv-thumbnail\" alt=\"\" \/><\/a><\/div>\n<div class=\"pt-cv-taxoterm above_title\"><a href='https:\/\/missionnairesmontfortains.fr\/sitevaovao\/category\/actualites\/' title='ACTUALITES' class='pt-cv-tax-actualites'>ACTUALITES<\/a><\/div>\n<h4 class=\"pt-cv-title\"><a href=\"https:\/\/missionnairesmontfortains.fr\/sitevaovao\/elementor-30247\/\" class=\"_self\" target=\"_self\" >Journ\u00e9e Montfortaine des Jeunes<\/a><\/h4>\n<div class=\"pt-cv-content\">Journ\u00e9e Montfortaine des Jeunes 2026 : Marcher avec saint Louis-Marie, dans la joie et la mission \u00a0Le samedi 28 mars, ...<\/div>\n<div class=\"pt-cv-rmwrap\"><a href=\"https:\/\/missionnairesmontfortains.fr\/sitevaovao\/elementor-30247\/\" class=\"_self pt-cv-readmore btn btn-success\" target=\"_self\" >Lire La Suite\u2026<\/a><\/div>\n<div class=\"pt-cv-meta-fields\"><span class=\"entry-date\"> <time datetime=\"2026-04-06T08:59:57+00:00\">avril 6, 2026<\/time><\/span><span> \/ <\/span><span class=\"author\"> <a href=\"\" rel=\"author\">olivier<\/a><\/span><\/div><\/div>\n<div class=\" pt-cv-content-item pt-cv-1-col\" ><div class=\"pt-cv-thumb-wrapper  \"><a href=\"https:\/\/missionnairesmontfortains.fr\/sitevaovao\/renouvellement-des-voeux-et-accueil-des-nouveaux-candidats-png\/\" class=\"_self pt-cv-href-thumbnail pt-cv-thumb-default\" target=\"_self\" ><img decoding=\"async\" width=\"456\" height=\"259\" src=\"https:\/\/missionnairesmontfortains.fr\/sitevaovao\/wp-content\/uploads\/2026\/02\/1330PNG-01.jpg\" class=\"pt-cv-thumbnail\" alt=\"\" \/><\/a><\/div>\n<div class=\"pt-cv-taxoterm above_title\"><a href='https:\/\/missionnairesmontfortains.fr\/sitevaovao\/category\/actualites\/' title='ACTUALITES' class='pt-cv-tax-actualites'>ACTUALITES<\/a><\/div>\n<h4 class=\"pt-cv-title\"><a href=\"https:\/\/missionnairesmontfortains.fr\/sitevaovao\/renouvellement-des-voeux-et-accueil-des-nouveaux-candidats-png\/\" class=\"_self\" target=\"_self\" >Renouvellement des v\u0153ux et accueil des nouveaux candidats &#8211; PNG<\/a><\/h4>\n<div class=\"pt-cv-content\">Renouvellement des v\u0153ux et accueil des nouveaux candidats PORT MORESBY, Papouasie-Nouvelle-Guin\u00e9e \u2013 L\u2019introduction de la Sainte Eucharistie nous rappelle que ...<\/div>\n<div class=\"pt-cv-rmwrap\"><a href=\"https:\/\/missionnairesmontfortains.fr\/sitevaovao\/renouvellement-des-voeux-et-accueil-des-nouveaux-candidats-png\/\" class=\"_self pt-cv-readmore btn btn-success\" target=\"_self\" >Lire La Suite\u2026<\/a><\/div>\n<div class=\"pt-cv-meta-fields\"><span class=\"entry-date\"> <time datetime=\"2026-02-25T16:44:45+00:00\">f\u00e9vrier 25, 2026<\/time><\/span><span> \/ <\/span><span class=\"author\"> <a href=\"\" rel=\"author\">Daniel Busnel<\/a><\/span><\/div><\/div>\n<div class=\" pt-cv-content-item pt-cv-1-col\" ><div class=\"pt-cv-thumb-wrapper  \"><a href=\"https:\/\/missionnairesmontfortains.fr\/sitevaovao\/montfort-sur-meu-a-celebre-saint-louis-marie-dans-sa-paroisse-de-naissance\/\" class=\"_self pt-cv-href-thumbnail pt-cv-thumb-default\" target=\"_self\" ><img decoding=\"async\" width=\"836\" height=\"676\" src=\"https:\/\/missionnairesmontfortains.fr\/sitevaovao\/wp-content\/uploads\/2026\/02\/Captura-de-pantalla-2026-02-22-a-las-20.02.01.png\" class=\"pt-cv-thumbnail\" alt=\"\" \/><\/a><\/div>\n<div class=\"pt-cv-taxoterm above_title\"><a href='https:\/\/missionnairesmontfortains.fr\/sitevaovao\/category\/actualites\/' title='ACTUALITES' class='pt-cv-tax-actualites'>ACTUALITES<\/a><\/div>\n<h4 class=\"pt-cv-title\"><a href=\"https:\/\/missionnairesmontfortains.fr\/sitevaovao\/montfort-sur-meu-a-celebre-saint-louis-marie-dans-sa-paroisse-de-naissance\/\" class=\"_self\" target=\"_self\" >Montfort-sur-Meu a c\u00e9l\u00e9br\u00e9 Saint Louis-Marie dans sa paroisse de naissance<\/a><\/h4>\n<div class=\"pt-cv-content\">31 janvier \u2013 1er f\u00e9vrier 2026 Les 31 janvier et 1er f\u00e9vrier 2026, la paroisse Saint-Louis-Marie en Broc\u00e9liande a c\u00e9l\u00e9br\u00e9 ...<\/div>\n<div class=\"pt-cv-rmwrap\"><a href=\"https:\/\/missionnairesmontfortains.fr\/sitevaovao\/montfort-sur-meu-a-celebre-saint-louis-marie-dans-sa-paroisse-de-naissance\/\" class=\"_self pt-cv-readmore btn btn-success\" target=\"_self\" >Lire La Suite\u2026<\/a><\/div>\n<div class=\"pt-cv-meta-fields\"><span class=\"entry-date\"> <time datetime=\"2026-02-22T19:40:33+00:00\">f\u00e9vrier 22, 2026<\/time><\/span><span> \/ <\/span><span class=\"author\"> <a href=\"\" rel=\"author\">Miralda Medina<\/a><\/span><\/div><\/div>\n<div class=\" pt-cv-content-item pt-cv-1-col\" ><div class=\"pt-cv-thumb-wrapper  \"><a href=\"https:\/\/missionnairesmontfortains.fr\/sitevaovao\/quatre-communautes-montfortaines-touchees-par-le-cyclone-gezani\/\" class=\"_self pt-cv-href-thumbnail pt-cv-thumb-default\" target=\"_self\" ><img loading=\"lazy\" decoding=\"async\" width=\"595\" height=\"285\" src=\"https:\/\/missionnairesmontfortains.fr\/sitevaovao\/wp-content\/uploads\/2026\/02\/Madagascar1329-01.jpg\" class=\"pt-cv-thumbnail\" alt=\"\" \/><\/a><\/div>\n<div class=\"pt-cv-taxoterm above_title\"><a href='https:\/\/missionnairesmontfortains.fr\/sitevaovao\/category\/actualites\/' title='ACTUALITES' class='pt-cv-tax-actualites'>ACTUALITES<\/a><\/div>\n<h4 class=\"pt-cv-title\"><a href=\"https:\/\/missionnairesmontfortains.fr\/sitevaovao\/quatre-communautes-montfortaines-touchees-par-le-cyclone-gezani\/\" class=\"_self\" target=\"_self\" >Quatre communaut\u00e9s montfortaines touch\u00e9es par le cyclone Gezani<\/a><\/h4>\n<div class=\"pt-cv-content\">Quatre communaut\u00e9s montfortaines touch\u00e9es par le cyclone Gezani TAMATAVE, Madagascar \u2013 Le mardi 10 f\u00e9vrier 2026 apr\u00e8s-midi, le cyclone Gezani ...<\/div>\n<div class=\"pt-cv-rmwrap\"><a href=\"https:\/\/missionnairesmontfortains.fr\/sitevaovao\/quatre-communautes-montfortaines-touchees-par-le-cyclone-gezani\/\" class=\"_self pt-cv-readmore btn btn-success\" target=\"_self\" >Lire La Suite\u2026<\/a><\/div>\n<div class=\"pt-cv-meta-fields\"><span class=\"entry-date\"> <time datetime=\"2026-02-21T10:04:20+00:00\">f\u00e9vrier 21, 2026<\/time><\/span><span> \/ <\/span><span class=\"author\"> <a href=\"\" rel=\"author\">Daniel Busnel<\/a><\/span><\/div><\/div>\n<div class=\" pt-cv-content-item pt-cv-1-col\" ><div class=\"pt-cv-thumb-wrapper  \"><a href=\"https:\/\/missionnairesmontfortains.fr\/sitevaovao\/elementor-30019\/\" class=\"_self pt-cv-href-thumbnail pt-cv-thumb-default\" target=\"_self\" ><img loading=\"lazy\" decoding=\"async\" width=\"1024\" height=\"768\" src=\"https:\/\/missionnairesmontfortains.fr\/sitevaovao\/wp-content\/uploads\/2026\/02\/WhatsApp-Image-2026-02-20-at-22.19.58-1024x768.jpeg\" class=\"pt-cv-thumbnail\" alt=\"\" \/><\/a><\/div>\n<div class=\"pt-cv-taxoterm above_title\"><a href='https:\/\/missionnairesmontfortains.fr\/sitevaovao\/category\/actualites\/' title='ACTUALITES' class='pt-cv-tax-actualites'>ACTUALITES<\/a><\/div>\n<h4 class=\"pt-cv-title\"><a href=\"https:\/\/missionnairesmontfortains.fr\/sitevaovao\/elementor-30019\/\" class=\"_self\" target=\"_self\" >A la construction du NOUS<\/a><\/h4>\n<div class=\"pt-cv-content\">A la construction du \"NOUS\" RENCONTRE INTER-COMMUNAUTAIRE AU MARILLAIS\u00a0VICE PROVINCE DE FRANCEMardi 17 f\u00e9vrier 2027Le Mardi 17 f\u00e9vrier 2027 a ...<\/div>\n<div class=\"pt-cv-rmwrap\"><a href=\"https:\/\/missionnairesmontfortains.fr\/sitevaovao\/elementor-30019\/\" class=\"_self pt-cv-readmore btn btn-success\" target=\"_self\" >Lire La Suite\u2026<\/a><\/div>\n<div class=\"pt-cv-meta-fields\"><span class=\"entry-date\"> <time datetime=\"2026-02-20T21:27:37+00:00\">f\u00e9vrier 20, 2026<\/time><\/span><span> \/ <\/span><span class=\"author\"> <a href=\"\" rel=\"author\">olivier<\/a><\/span><\/div><\/div>\n<div class=\" pt-cv-content-item pt-cv-1-col\" ><div class=\"pt-cv-thumb-wrapper  \"><a href=\"https:\/\/missionnairesmontfortains.fr\/sitevaovao\/proces-pour-lassassinat-du-pere-olivier-maire-smm\/\" class=\"_self pt-cv-href-thumbnail pt-cv-thumb-default\" target=\"_self\" ><img loading=\"lazy\" decoding=\"async\" width=\"768\" height=\"1024\" src=\"https:\/\/missionnairesmontfortains.fr\/sitevaovao\/wp-content\/uploads\/2026\/02\/1328Olivier01-768x1024.jpg\" class=\"pt-cv-thumbnail\" alt=\"\" \/><\/a><\/div>\n<div class=\"pt-cv-taxoterm above_title\"><a href='https:\/\/missionnairesmontfortains.fr\/sitevaovao\/category\/actualites\/' title='ACTUALITES' class='pt-cv-tax-actualites'>ACTUALITES<\/a><\/div>\n<h4 class=\"pt-cv-title\"><a href=\"https:\/\/missionnairesmontfortains.fr\/sitevaovao\/proces-pour-lassassinat-du-pere-olivier-maire-smm\/\" class=\"_self\" target=\"_self\" >Proc\u00e8s pour l\u2019assassinat du p\u00e8re Olivier Maire SMM<\/a><\/h4>\n<div class=\"pt-cv-content\">Proc\u00e8s pour l\u2019assassinat du p\u00e8re Olivier Maire SMM LA \u00a0ROCHE-SUR-YON, France - Le proc\u00e8s pour l'assassinat du p\u00e8re Olivier MAIRE, ...<\/div>\n<div class=\"pt-cv-rmwrap\"><a href=\"https:\/\/missionnairesmontfortains.fr\/sitevaovao\/proces-pour-lassassinat-du-pere-olivier-maire-smm\/\" class=\"_self pt-cv-readmore btn btn-success\" target=\"_self\" >Lire La Suite\u2026<\/a><\/div>\n<div class=\"pt-cv-meta-fields\"><span class=\"entry-date\"> <time datetime=\"2026-02-05T16:36:21+00:00\">f\u00e9vrier 5, 2026<\/time><\/span><span> \/ <\/span><span class=\"author\"> <a href=\"\" rel=\"author\">Daniel Busnel<\/a><\/span><\/div><\/div><\/div><\/div> <\/div> \t\t\t\t<\/div>\n\t\t\t\t<\/div>\n\t\t\t\t<\/div>\n\t\t\t\t<section class=\"elementor-section elementor-top-section elementor-element elementor-element-6fb6efd elementor-section-content-middle elementor-section-boxed elementor-section-height-default elementor-section-height-default\" data-id=\"6fb6efd\" data-element_type=\"section\" data-e-type=\"section\">\n\t\t\t\t\t\t<div class=\"elementor-container elementor-column-gap-no\">\n\t\t\t\t\t<div class=\"elementor-column elementor-col-20 elementor-top-column elementor-element elementor-element-7ee46982 elementor-invisible\" data-id=\"7ee46982\" data-element_type=\"column\" data-e-type=\"column\" data-settings=\"{&quot;background_background&quot;:&quot;classic&quot;,&quot;animation&quot;:&quot;slideInDown&quot;}\">\n\t\t\t<div class=\"elementor-widget-wrap elementor-element-populated\">\n\t\t\t\t\t<div class=\"elementor-background-overlay\"><\/div>\n\t\t\t\t\t\t<div class=\"elementor-element elementor-element-3c551b0a elementor-widget elementor-widget-spacer\" data-id=\"3c551b0a\" data-element_type=\"widget\" data-e-type=\"widget\" data-widget_type=\"spacer.default\">\n\t\t\t\t<div class=\"elementor-widget-container\">\n\t\t\t\t\t\t\t<div class=\"elementor-spacer\">\n\t\t\t<div class=\"elementor-spacer-inner\"><\/div>\n\t\t<\/div>\n\t\t\t\t\t\t<\/div>\n\t\t\t\t<\/div>\n\t\t\t\t\t<\/div>\n\t\t<\/div>\n\t\t\t\t<div class=\"elementor-column elementor-col-20 elementor-top-column elementor-element elementor-element-53134f00 elementor-invisible\" data-id=\"53134f00\" data-element_type=\"column\" data-e-type=\"column\" data-settings=\"{&quot;background_background&quot;:&quot;classic&quot;,&quot;animation&quot;:&quot;slideInUp&quot;}\">\n\t\t\t<div class=\"elementor-widget-wrap elementor-element-populated\">\n\t\t\t\t\t\t<div class=\"elementor-element elementor-element-45ca59ee elementor-widget elementor-widget-spacer\" data-id=\"45ca59ee\" data-element_type=\"widget\" data-e-type=\"widget\" data-widget_type=\"spacer.default\">\n\t\t\t\t<div class=\"elementor-widget-container\">\n\t\t\t\t\t\t\t<div class=\"elementor-spacer\">\n\t\t\t<div class=\"elementor-spacer-inner\"><\/div>\n\t\t<\/div>\n\t\t\t\t\t\t<\/div>\n\t\t\t\t<\/div>\n\t\t\t\t\t<\/div>\n\t\t<\/div>\n\t\t\t\t<div class=\"elementor-column elementor-col-20 elementor-top-column elementor-element elementor-element-27f6f8df elementor-invisible\" data-id=\"27f6f8df\" data-element_type=\"column\" data-e-type=\"column\" data-settings=\"{&quot;background_background&quot;:&quot;classic&quot;,&quot;animation&quot;:&quot;bounceInDown&quot;}\">\n\t\t\t<div class=\"elementor-widget-wrap elementor-element-populated\">\n\t\t\t\t\t\t<div class=\"elementor-element elementor-element-45661cc4 elementor-widget elementor-widget-spacer\" data-id=\"45661cc4\" data-element_type=\"widget\" data-e-type=\"widget\" data-widget_type=\"spacer.default\">\n\t\t\t\t<div class=\"elementor-widget-container\">\n\t\t\t\t\t\t\t<div class=\"elementor-spacer\">\n\t\t\t<div class=\"elementor-spacer-inner\"><\/div>\n\t\t<\/div>\n\t\t\t\t\t\t<\/div>\n\t\t\t\t<\/div>\n\t\t\t\t\t<\/div>\n\t\t<\/div>\n\t\t\t\t<div class=\"elementor-column elementor-col-20 elementor-top-column elementor-element elementor-element-6390671 elementor-invisible\" data-id=\"6390671\" data-element_type=\"column\" data-e-type=\"column\" data-settings=\"{&quot;background_background&quot;:&quot;classic&quot;,&quot;animation&quot;:&quot;bounceInUp&quot;}\">\n\t\t\t<div class=\"elementor-widget-wrap elementor-element-populated\">\n\t\t\t\t\t\t<div class=\"elementor-element elementor-element-514ae932 elementor-widget elementor-widget-spacer\" data-id=\"514ae932\" data-element_type=\"widget\" data-e-type=\"widget\" data-widget_type=\"spacer.default\">\n\t\t\t\t<div class=\"elementor-widget-container\">\n\t\t\t\t\t\t\t<div class=\"elementor-spacer\">\n\t\t\t<div class=\"elementor-spacer-inner\"><\/div>\n\t\t<\/div>\n\t\t\t\t\t\t<\/div>\n\t\t\t\t<\/div>\n\t\t\t\t\t<\/div>\n\t\t<\/div>\n\t\t\t\t<div class=\"elementor-column elementor-col-20 elementor-top-column elementor-element elementor-element-29d22e18\" data-id=\"29d22e18\" data-element_type=\"column\" data-e-type=\"column\">\n\t\t\t<div class=\"elementor-widget-wrap elementor-element-populated\">\n\t\t\t\t\t\t<div class=\"elementor-element elementor-element-52b6a30 elementor-widget elementor-widget-heading\" data-id=\"52b6a30\" data-element_type=\"widget\" data-e-type=\"widget\" data-widget_type=\"heading.default\">\n\t\t\t\t<div class=\"elementor-widget-container\">\n\t\t\t\t\t<h5 class=\"elementor-heading-title elementor-size-default\"><a href=\"https:\/\/missionnairesmontfortains.fr\/sitevaovao\/4-communautes\/?preview_id=28670&#038;preview_nonce=f6c8496c9b&#038;preview=true\">EN MISSION SUR LES HAUTS-LIEUX MONTFORTAINS<\/a><\/h5>\t\t\t\t<\/div>\n\t\t\t\t<\/div>\n\t\t\t\t<div class=\"elementor-element elementor-element-478af83c elementor-widget elementor-widget-image-box\" data-id=\"478af83c\" data-element_type=\"widget\" data-e-type=\"widget\" data-settings=\"{&quot;_animation&quot;:&quot;none&quot;}\" data-widget_type=\"image-box.default\">\n\t\t\t\t<div class=\"elementor-widget-container\">\n\t\t\t\t\t<div class=\"elementor-image-box-wrapper\"><div class=\"elementor-image-box-content\"><h2 class=\"elementor-image-box-title\"><a href=\"https:\/\/missionnairesmontfortains.fr\/sitevaovao\/4-communautes\/?preview_id=28670&#038;preview_nonce=f6c8496c9b&#038;preview=true\">\"Oser prendre des risques pour Dieu et pour l'Humanit\u00e9\"<\/a><\/h2><p class=\"elementor-image-box-description\">En France, les Missionnaires Montfortains sont sur 4 lieux: \nSaint-Laurent-sur-s\u00e8vre, le Calvaire de Pontch\u00e2teau, Montfort-sur-Meur et Notre-Dame du Marillais.<\/p><\/div><\/div>\t\t\t\t<\/div>\n\t\t\t\t<\/div>\n\t\t\t\t<div class=\"elementor-element elementor-element-6090d2d9 elementor-align-center elementor-tablet-align-center elementor-mobile-align-center elementor-widget elementor-widget-button\" data-id=\"6090d2d9\" data-element_type=\"widget\" data-e-type=\"widget\" data-widget_type=\"button.default\">\n\t\t\t\t<div class=\"elementor-widget-container\">\n\t\t\t\t\t\t\t\t\t<div class=\"elementor-button-wrapper\">\n\t\t\t\t\t<a class=\"elementor-button elementor-button-link elementor-size-md\" href=\"https:\/\/missionnairesmontfortains.fr\/sitevaovao\/4-communautes\/?preview_id=28670&#038;preview_nonce=f6c8496c9b&#038;preview=true\">\n\t\t\t\t\t\t<span class=\"elementor-button-content-wrapper\">\n\t\t\t\t\t\t\t\t\t<span class=\"elementor-button-text\">D\u00e9couvrir nos communaut\u00e9s<\/span>\n\t\t\t\t\t<\/span>\n\t\t\t\t\t<\/a>\n\t\t\t\t<\/div>\n\t\t\t\t\t\t\t\t<\/div>\n\t\t\t\t<\/div>\n\t\t\t\t\t<\/div>\n\t\t<\/div>\n\t\t\t\t\t<\/div>\n\t\t<\/section>\n\t\t<div class=\"elementor-element elementor-element-195ec01e e-flex e-con-boxed e-con e-parent\" data-id=\"195ec01e\" data-element_type=\"container\" data-e-type=\"container\">\n\t\t\t\t\t<div class=\"e-con-inner\">\n\t\t\t\t<div class=\"elementor-element elementor-element-187510fe elementor-widget elementor-widget-image\" data-id=\"187510fe\" data-element_type=\"widget\" data-e-type=\"widget\" data-widget_type=\"image.default\">\n\t\t\t\t<div class=\"elementor-widget-container\">\n\t\t\t\t\t\t\t\t\t\t\t\t\t\t\t<img loading=\"lazy\" decoding=\"async\" width=\"768\" height=\"1086\" src=\"https:\/\/missionnairesmontfortains.fr\/sitevaovao\/wp-content\/uploads\/2025\/10\/Affiche-Concert-Voix-de-Montfort-Clisson-768x1086.png\" class=\"attachment-medium_large size-medium_large wp-image-28825\" alt=\"\" srcset=\"https:\/\/missionnairesmontfortains.fr\/sitevaovao\/wp-content\/uploads\/2025\/10\/Affiche-Concert-Voix-de-Montfort-Clisson-768x1086.png 768w, https:\/\/missionnairesmontfortains.fr\/sitevaovao\/wp-content\/uploads\/2025\/10\/Affiche-Concert-Voix-de-Montfort-Clisson-212x300.png 212w, https:\/\/missionnairesmontfortains.fr\/sitevaovao\/wp-content\/uploads\/2025\/10\/Affiche-Concert-Voix-de-Montfort-Clisson-724x1024.png 724w, https:\/\/missionnairesmontfortains.fr\/sitevaovao\/wp-content\/uploads\/2025\/10\/Affiche-Concert-Voix-de-Montfort-Clisson-1086x1536.png 1086w, https:\/\/missionnairesmontfortains.fr\/sitevaovao\/wp-content\/uploads\/2025\/10\/Affiche-Concert-Voix-de-Montfort-Clisson-1448x2048.png 1448w, https:\/\/missionnairesmontfortains.fr\/sitevaovao\/wp-content\/uploads\/2025\/10\/Affiche-Concert-Voix-de-Montfort-Clisson.png 1587w\" sizes=\"(max-width: 768px) 100vw, 768px\" \/>\t\t\t\t\t\t\t\t\t\t\t\t\t\t\t<\/div>\n\t\t\t\t<\/div>\n\t\t\t\t\t<\/div>\n\t\t\t\t<\/div>\n\t\t<div class=\"elementor-element elementor-element-7599b1ff e-flex e-con-boxed e-con e-parent\" data-id=\"7599b1ff\" data-element_type=\"container\" data-e-type=\"container\">\n\t\t\t\t\t<div class=\"e-con-inner\">\n\t\t<div class=\"elementor-element elementor-element-236caa65 e-con-full e-flex e-con e-child\" data-id=\"236caa65\" data-element_type=\"container\" data-e-type=\"container\">\n\t\t\t\t<div class=\"elementor-element elementor-element-7b43671c elementor-widget elementor-widget-heading\" data-id=\"7b43671c\" data-element_type=\"widget\" data-e-type=\"widget\" data-widget_type=\"heading.default\">\n\t\t\t\t<div class=\"elementor-widget-container\">\n\t\t\t\t\t<h1 class=\"elementor-heading-title elementor-size-default\">Restez inform\u00e9(e)<\/h1>\t\t\t\t<\/div>\n\t\t\t\t<\/div>\n\t\t\t\t<div class=\"elementor-element elementor-element-672d9d7e elementor-align-center elementor-widget elementor-widget-button\" data-id=\"672d9d7e\" data-element_type=\"widget\" data-e-type=\"widget\" data-widget_type=\"button.default\">\n\t\t\t\t<div class=\"elementor-widget-container\">\n\t\t\t\t\t\t\t\t\t<div class=\"elementor-button-wrapper\">\n\t\t\t\t\t<a class=\"elementor-button elementor-button-link elementor-size-sm elementor-animation-grow\" href=\"#\">\n\t\t\t\t\t\t<span class=\"elementor-button-content-wrapper\">\n\t\t\t\t\t\t<span class=\"elementor-button-icon\">\n\t\t\t\t<svg aria-hidden=\"true\" class=\"e-font-icon-svg e-far-envelope\" viewBox=\"0 0 512 512\" xmlns=\"http:\/\/www.w3.org\/2000\/svg\"><path d=\"M464 64H48C21.49 64 0 85.49 0 112v288c0 26.51 21.49 48 48 48h416c26.51 0 48-21.49 48-48V112c0-26.51-21.49-48-48-48zm0 48v40.805c-22.422 18.259-58.168 46.651-134.587 106.49-16.841 13.247-50.201 45.072-73.413 44.701-23.208.375-56.579-31.459-73.413-44.701C106.18 199.465 70.425 171.067 48 152.805V112h416zM48 400V214.398c22.914 18.251 55.409 43.862 104.938 82.646 21.857 17.205 60.134 55.186 103.062 54.955 42.717.231 80.509-37.199 103.053-54.947 49.528-38.783 82.032-64.401 104.947-82.653V400H48z\"><\/path><\/svg>\t\t\t<\/span>\n\t\t\t\t\t\t\t\t\t<span class=\"elementor-button-text\">S'inscrire<\/span>\n\t\t\t\t\t<\/span>\n\t\t\t\t\t<\/a>\n\t\t\t\t<\/div>\n\t\t\t\t\t\t\t\t<\/div>\n\t\t\t\t<\/div>\n\t\t\t\t<div class=\"elementor-element elementor-element-510f371 elementor-widget__width-inherit elementor-widget-mobile__width-inherit elementor-widget elementor-widget-text-editor\" data-id=\"510f371\" data-element_type=\"widget\" data-e-type=\"widget\" data-widget_type=\"text-editor.default\">\n\t\t\t\t<div class=\"elementor-widget-container\">\n\t\t\t\t\t\t\t\t\t<p style=\"text-align: center;\">Abonnez-vous \u00e0 notre newsletter pour recevoir les derni\u00e8res m\u00e9ditations de la Parole de Dieu, les pri\u00e8res et des nouvelles<\/p><p style=\"text-align: center;\">\ud83d\ude4f <strong>Ne manquez rien de l&rsquo;audace des fils de Montfort<\/strong><\/p>\t\t\t\t\t\t\t\t<\/div>\n\t\t\t\t<\/div>\n\t\t\t\t<\/div>\n\t\t\t\t\t<\/div>\n\t\t\t\t<\/div>\n\t\t\t\t<\/div>\n\t\t","protected":false},"excerpt":{"rendered":"<p>46 ans de service missionnaire des Montfortains en \u00c9cosse Comm\u00e9moration des 46 ans de service missionnaire des Montfortains\u00a0en \u00c9cosse Barrhead \u00a0(\u00c9cosse), Le \u00a0dimanche \u00a0&#8211; \u00a02 \u00a0novembre \u00a02025, \u00a0la \u00a0paroisse \u00a0Saint-Jean \u00c9vang\u00e9liste de Barrhead, en \u00c9cosse, s\u2019est r\u00e9unie pour rendre gr\u00e2ce et honorer les 46 ann\u00e9es de service d\u00e9vou\u00e9 des pr\u00eatres et des fr\u00e8res religieux missionnaires [&hellip;]<\/p>\n","protected":false},"author":3,"featured_media":29433,"comment_status":"closed","ping_status":"closed","sticky":true,"template":"elementor_theme","format":"standard","meta":{"content-type":"","_uag_custom_page_level_css":"","site-sidebar-layout":"default","site-content-layout":"","ast-site-content-layout":"default","site-content-style":"default","site-sidebar-style":"default","ast-global-header-display":"","ast-banner-title-visibility":"","ast-main-header-display":"","ast-hfb-above-header-display":"","ast-hfb-below-header-display":"","ast-hfb-mobile-header-display":"","site-post-title":"disabled","ast-breadcrumbs-content":"","ast-featured-img":"","footer-sml-layout":"","theme-transparent-header-meta":"","adv-header-id-meta":"","stick-header-meta":"","header-above-stick-meta":"","header-main-stick-meta":"","header-below-stick-meta":"","astra-migrate-meta-layouts":"set","ast-page-background-enabled":"default","ast-page-background-meta":{"desktop":{"background-color":"","background-image":"","background-repeat":"repeat","background-position":"center center","background-size":"auto","background-attachment":"scroll","background-type":"","background-media":"","overlay-type":"","overlay-color":"","overlay-opacity":"","overlay-gradient":""},"tablet":{"background-color":"","background-image":"","background-repeat":"repeat","background-position":"center center","background-size":"auto","background-attachment":"scroll","background-type":"","background-media":"","overlay-type":"","overlay-color":"","overlay-opacity":"","overlay-gradient":""},"mobile":{"background-color":"","background-image":"","background-repeat":"repeat","background-position":"center center","background-size":"auto","background-attachment":"scroll","background-type":"","background-media":"","overlay-type":"","overlay-color":"","overlay-opacity":"","overlay-gradient":""}},"ast-content-background-meta":{"desktop":{"background-color":"var(--ast-global-color-5)","background-image":"","background-repeat":"repeat","background-position":"center center","background-size":"auto","background-attachment":"scroll","background-type":"","background-media":"","overlay-type":"","overlay-color":"","overlay-opacity":"","overlay-gradient":""},"tablet":{"background-color":"var(--ast-global-color-5)","background-image":"","background-repeat":"repeat","background-position":"center center","background-size":"auto","background-attachment":"scroll","background-type":"","background-media":"","overlay-type":"","overlay-color":"","overlay-opacity":"","overlay-gradient":""},"mobile":{"background-color":"var(--ast-global-color-5)","background-image":"","background-repeat":"repeat","background-position":"center center","background-size":"auto","background-attachment":"scroll","background-type":"","background-media":"","overlay-type":"","overlay-color":"","overlay-opacity":"","overlay-gradient":""}},"footnotes":""},"categories":[49],"tags":[],"class_list":["post-29719","post","type-post","status-publish","format-standard","has-post-thumbnail","hentry","category-actualites"],"uagb_featured_image_src":{"full":["https:\/\/missionnairesmontfortains.fr\/sitevaovao\/wp-content\/uploads\/2025\/11\/1312-01.jpg",592,272,false],"thumbnail":["https:\/\/missionnairesmontfortains.fr\/sitevaovao\/wp-content\/uploads\/2025\/11\/1312-01-150x150.jpg",150,150,true],"medium":["https:\/\/missionnairesmontfortains.fr\/sitevaovao\/wp-content\/uploads\/2025\/11\/1312-01-300x138.jpg",300,138,true],"medium_large":["https:\/\/missionnairesmontfortains.fr\/sitevaovao\/wp-content\/uploads\/2025\/11\/1312-01.jpg",592,272,false],"large":["https:\/\/missionnairesmontfortains.fr\/sitevaovao\/wp-content\/uploads\/2025\/11\/1312-01.jpg",592,272,false],"1536x1536":["https:\/\/missionnairesmontfortains.fr\/sitevaovao\/wp-content\/uploads\/2025\/11\/1312-01.jpg",592,272,false],"2048x2048":["https:\/\/missionnairesmontfortains.fr\/sitevaovao\/wp-content\/uploads\/2025\/11\/1312-01.jpg",592,272,false]},"uagb_author_info":{"display_name":"Daniel Busnel","author_link":""},"uagb_comment_info":0,"uagb_excerpt":"46 ans de service missionnaire des Montfortains en \u00c9cosse Comm\u00e9moration des 46 ans de service missionnaire des Montfortains\u00a0en \u00c9cosse Barrhead \u00a0(\u00c9cosse), Le \u00a0dimanche \u00a0&#8211; \u00a02 \u00a0novembre \u00a02025, \u00a0la \u00a0paroisse \u00a0Saint-Jean \u00c9vang\u00e9liste de Barrhead, en \u00c9cosse, s\u2019est r\u00e9unie pour rendre gr\u00e2ce et honorer les 46 ann\u00e9es de service d\u00e9vou\u00e9 des pr\u00eatres et des fr\u00e8res religieux missionnaires\u2026","_links":{"self":[{"href":"https:\/\/missionnairesmontfortains.fr\/sitevaovao\/wp-json\/wp\/v2\/posts\/29719","targetHints":{"allow":["GET"]}}],"collection":[{"href":"https:\/\/missionnairesmontfortains.fr\/sitevaovao\/wp-json\/wp\/v2\/posts"}],"about":[{"href":"https:\/\/missionnairesmontfortains.fr\/sitevaovao\/wp-json\/wp\/v2\/types\/post"}],"author":[{"embeddable":true,"href":"https:\/\/missionnairesmontfortains.fr\/sitevaovao\/wp-json\/wp\/v2\/users\/3"}],"replies":[{"embeddable":true,"href":"https:\/\/missionnairesmontfortains.fr\/sitevaovao\/wp-json\/wp\/v2\/comments?post=29719"}],"version-history":[{"count":7,"href":"https:\/\/missionnairesmontfortains.fr\/sitevaovao\/wp-json\/wp\/v2\/posts\/29719\/revisions"}],"predecessor-version":[{"id":29734,"href":"https:\/\/missionnairesmontfortains.fr\/sitevaovao\/wp-json\/wp\/v2\/posts\/29719\/revisions\/29734"}],"wp:featuredmedia":[{"embeddable":true,"href":"https:\/\/missionnairesmontfortains.fr\/sitevaovao\/wp-json\/wp\/v2\/media\/29433"}],"wp:attachment":[{"href":"https:\/\/missionnairesmontfortains.fr\/sitevaovao\/wp-json\/wp\/v2\/media?parent=29719"}],"wp:term":[{"taxonomy":"category","embeddable":true,"href":"https:\/\/missionnairesmontfortains.fr\/sitevaovao\/wp-json\/wp\/v2\/categories?post=29719"},{"taxonomy":"post_tag","embeddable":true,"href":"https:\/\/missionnairesmontfortains.fr\/sitevaovao\/wp-json\/wp\/v2\/tags?post=29719"}],"curies":[{"name":"wp","href":"https:\/\/api.w.org\/{rel}","templated":true}]}}