{"id":29576,"date":"2025-11-30T08:53:50","date_gmt":"2025-11-30T08:53:50","guid":{"rendered":"https:\/\/missionnairesmontfortains.fr\/sitevaovao\/?p=29576"},"modified":"2025-12-26T16:53:57","modified_gmt":"2025-12-26T16:53:57","slug":"priere-pour-les-vocation-decembre-2025","status":"publish","type":"post","link":"https:\/\/missionnairesmontfortains.fr\/sitevaovao\/priere-pour-les-vocation-decembre-2025\/","title":{"rendered":"Pri\u00e8re pour les vocations D\u00e9cembre 2025"},"content":{"rendered":"\t\t<div data-elementor-type=\"wp-post\" data-elementor-id=\"29576\" class=\"elementor elementor-29576\">\n\t\t\t\t<div class=\"elementor-element elementor-element-3e65e398 e-flex e-con-boxed e-con e-parent\" data-id=\"3e65e398\" data-element_type=\"container\" data-e-type=\"container\">\n\t\t\t\t\t<div class=\"e-con-inner\">\n\t\t<div class=\"elementor-element elementor-element-34034333 e-con-full e-flex e-con e-child\" data-id=\"34034333\" data-element_type=\"container\" data-e-type=\"container\">\n\t\t\t\t<div class=\"elementor-element elementor-element-245c4289 e-transform elementor-widget elementor-widget-text-editor\" data-id=\"245c4289\" data-element_type=\"widget\" data-e-type=\"widget\" data-settings=\"{&quot;_transform_translateX_effect&quot;:{&quot;unit&quot;:&quot;px&quot;,&quot;size&quot;:&quot;&quot;,&quot;sizes&quot;:[]},&quot;_transform_translateX_effect_tablet&quot;:{&quot;unit&quot;:&quot;px&quot;,&quot;size&quot;:&quot;&quot;,&quot;sizes&quot;:[]},&quot;_transform_translateX_effect_mobile&quot;:{&quot;unit&quot;:&quot;px&quot;,&quot;size&quot;:&quot;&quot;,&quot;sizes&quot;:[]},&quot;_transform_translateY_effect&quot;:{&quot;unit&quot;:&quot;px&quot;,&quot;size&quot;:&quot;&quot;,&quot;sizes&quot;:[]},&quot;_transform_translateY_effect_tablet&quot;:{&quot;unit&quot;:&quot;px&quot;,&quot;size&quot;:&quot;&quot;,&quot;sizes&quot;:[]},&quot;_transform_translateY_effect_mobile&quot;:{&quot;unit&quot;:&quot;px&quot;,&quot;size&quot;:&quot;&quot;,&quot;sizes&quot;:[]}}\" data-widget_type=\"text-editor.default\">\n\t\t\t\t<div class=\"elementor-widget-container\">\n\t\t\t\t\t\t\t\t\t<p><span style=\"color: #117eae;\"><strong>Pri\u00e8re pour les vocations D\u00e9cembre 2025<\/strong><\/span><\/p><p><em>Pri\u00e8re pour les Vocations<\/em><em> &#8211; <\/em><em>D\u00e9cembre 2025<\/em><\/p><p>R\u00e9unis au Nom du <strong>P<\/strong>\u00e8re et du <strong>F<\/strong>ils, et du <strong>S<\/strong>aint-<strong>E<\/strong>sprit.<\/p><p><strong>Voici le temps de l\u2019Avent<\/strong><strong>,<\/strong> temps de vigilance et de pri\u00e8re orient\u00e9 vers J\u00e9sus<\/p><p><strong><em>\u266b<\/em><\/strong>\u00a0\u00a0\u00a0\u00a0\u00a0 TROUVER DANS MA VIE TA PR\u00c9SENCE<\/p><p><strong>Trouver dans ma vie ta pr\u00e9sence, Tenir une lampe allum\u00e9e<br \/><\/strong><strong>Choisir avec Toi la confiance, Aimer et se savoir aim\u00e9.<\/strong><\/p><ol><li>Croiser ton regard dans le doute,<br \/>Br\u00fbler \u00e0 l\u2019\u00e9cho de ta voix,<br \/>Rester pour le pain de la route,<br \/>Savoir reconna\u00eetre ton pas.<\/li><\/ol><ol start=\"3\"><li>Ouvrir quand Tu frappes \u00e0 ma porte,<br \/>Briser les verrous de la peur,<br \/>Savoir tout ce que Tu m\u2019apportes,<br \/>Rester et devenir veilleur.<\/li><\/ol><p><strong><u>de la Lettre de S<sup>t<\/sup> Paul, Ap<\/u><\/strong><strong><u>\u00f4<\/u><\/strong><strong><u>tre, <\/u><\/strong><strong><u>aux Romains<\/u><\/strong>\u00a0\u00a0\u00a0\u00a0 13, 11-14<\/p><p>4\u00a0\u00a0\u00a0 Paul nous r\u00e9veille \u00ab\u00a0<em>Il est temps de nous r\u00e9veiller. Rejetons ce qui est mal\u00a0\u00bb<\/em><em>.<\/em><\/p><p>\u00ab\u00a0Fr\u00e8res, vous le savez\u00a0: c\u2019est le moment, l\u2019heure est d\u00e9j\u00e0 venue de sortir de votre sommeil. Car le salut est plus pr\u00e8s de nous maintenant qu\u2019\u00e0 l\u2019\u00e9poque o\u00f9 nous sommes devenus croyants. La nuit est bient\u00f4t finie, le jour est tout proche. Rejetons les \u0153uvres des t\u00e9n\u00e8bres, rev\u00eatons-nous des armes de la lumi\u00e8re. Conduisons-nous honn\u00eatement, comme on le fait en plein jour, sans orgies ni beuveries, sans luxure ni d\u00e9bauches, sans rivalit\u00e9 ni jalousie, mais rev\u00eatez-vous du Seigneur J\u00e9sus Christ.\u00a0\u00bb<\/p><p><strong><em>\u00ab\u00a0Veillez, tenez-vous pr\u00eats\u00a0\u00bb<\/em><\/strong>.<\/p><p>La vie peut-\u00eatre une course sans fin. Nous sommes dans un tourbillon d\u2019obligations, de contraintes, de responsabilit\u00e9s, de visites, de f\u00eates. Oui, la vie peut nous \u00e9tourdir, nous en oublions notre vocation premi\u00e8re, celle de Fils et Filles bien-aim\u00e9s du Seigneur.<\/p><p><strong>Veiller<\/strong>, c\u2019est garder sans cesse la m\u00e9moire du Seigneur. C\u2019est aussi distiller, au creux de toutes nos actions, le double commandement de l\u2019amour.<\/p><p><strong>Veiller<\/strong>, c\u2019est ne pas se laisser submerger par le d\u00e9couragement, cela s\u2019appelle <strong>vivre dans l\u2019esp\u00e9rance<\/strong>.<\/p><ul><li><em><u>moment de silence<\/u><\/em><\/li><\/ul><p><strong>Voici le temps de l\u2019Avent<\/strong>, temps de d\u00e9sir.<\/p><p><strong><em>\u266b<\/em><\/strong><strong><em>\u00a0\u00a0\u00a0\u00a0\u00a0 <\/em><\/strong>Voici le temps du long d\u00e9sir<\/p><ol><li>Voici le temps du long d\u00e9sir,<br \/>O\u00f9 l\u2019homme apprend son indigence,<br \/>Chemin creus\u00e9 pour accueillir<br \/>Celui qui vient combler les pauvres.<\/li><\/ol><ol start=\"2\"><li>Pourquoi l\u2019absence dans la nuit,<br \/>Le poids du doute et nos blessures,<br \/>Sinon pour mieux crier vers Lui,<br \/>Pour mieux tenir dans l\u2019esp\u00e9rance ?<\/li><\/ol><ol start=\"3\"><li>Et si nos mains, pour T\u2019appeler,<br \/>Sont trop ferm\u00e9es sur leurs richesses,<br \/>Seigneur J\u00e9sus, d\u00e9pouille-les<br \/>Pour les ouvrir \u00e0 ta rencontre.<\/li><\/ol><ol start=\"4\"><li>L\u2019amour en nous devancera<br \/>Le temps nouveau que cherche l\u2019homme ;<br \/>Vainqueur du mal, Tu nous diras :<br \/>Je suis pr\u00e9sent dans votre attente.<\/li><\/ol><p>Le \u00ab\u00a0<strong>long d\u00e9sir<\/strong>\u00a0\u00bb ce ceux qui attendent et qui cherchent ces chemins de paix, d\u2019union \u00e0 Dieu, d\u2019ouverture aux autres\u00a0! Ce \u00ab\u00a0<strong>long d\u00e9sir<\/strong>\u00a0\u00bb de tous les hommes, de tous les peuples, de chercher \u00e0 b\u00e2tir un monde meilleur o\u00f9 r\u00e8gnent la justice et l\u2019amour.<\/p><p>Le \u00ab\u00a0<strong>long d\u00e9sir<\/strong>\u00a0\u00bb habite le c\u0153ur des hommes et des femmes r\u00e9unis pour se souvenir des horreurs des attentats en France et ailleurs \u2026 et qui cherchent \u00e0 tracer profond un chemin de fraternit\u00e9 et de paix \u2026<\/p><p>Le \u00ab\u00a0<strong>long d\u00e9sir<\/strong>\u00a0\u00bb habite le c\u0153ur des \u00ab\u00a0Fils d\u2019Abraham\u00a0\u00bb initiateurs de la \u00ab\u00a0Marche \u00e0 la Lumi\u00e8re\u00a0\u00bb organis\u00e9e chaque ann\u00e9e avant No\u00ebl. Ils entretiennent le pont construit entre croyants des diff\u00e9rentes religions sur la ville, voulant tisser et favoriser des liens d\u2019amour, de fraternit\u00e9.<\/p><p>Le \u00ab\u00a0<strong>long d\u00e9sir<\/strong>\u00a0\u00bb habite le c\u0153ur de <strong>Marie<\/strong>, \u00e0 Nazareth. Elle attend et esp\u00e8re pour son peuple, une d\u00e9livrance, une paix solide. Marie veut correspondre au\u00a0<strong>d\u00e9sir de Dieu<\/strong>, celui que la Parole de la promesse, si souvent rappel\u00e9e par les proph\u00e8tes, habite le c\u0153ur des croyants.<\/p><p>Et moi, suis-je \u00ab\u00a0<strong>un \u00eatre de d\u00e9sir\u00a0<\/strong>\u00bb qui favorise la r\u00e9conciliation, le partage, le v\u00e9ritable amour<\/p><p>avec le Seigneur, avec les fr\u00e8res\u00a0?<\/p><p><em>\u008a<\/em><em>\u00a0 <u>\u00a0moment de silence<\/u><\/em><\/p><p><strong><em>\u266b<\/em><\/strong><strong><em>\u00a0\u00a0\u00a0\u00a0\u00a0 <\/em><\/strong>PR\u00c9PAREZ A TRAVERS<\/p><p>Pr\u00e9parez, \u00e0 travers le d\u00e9sert,<br \/>les chemins du Seigneur.<br \/>\u00c9coutez, veillez, ouvrez vos c\u0153urs,<br \/>car il vient le Sauveur.<\/p><ol><li>Tracez, dans les terres arides,<br \/>Une route aplanie pour mon Dieu.<br \/>Les ravins seront relev\u00e9s,<br \/>Tous les monts et les collines abaiss\u00e9s.<\/li><\/ol><ol start=\"2\"><li>Portez \u00e0 mon peuple la joie,<br \/>Consolez, consolez mes enfants !<br \/>Proclamez le Salut de Dieu,<br \/>Le rachat et le Pardon des p\u00e9ch\u00e9s.<\/li><\/ol><p><strong>Fais de nous des veilleurs<\/strong><\/p><p><strong>Seigneur<\/strong>,<\/p><p>En ce d\u00e9but de l\u2019Avent, viens r\u00e9veiller notre c\u0153ur alourdi,<br \/>secouer notre torpeur spirituelle.<br \/>Donne-nous d\u2019\u00e9couter \u00e0 nouveau les murmures de ton Esprit<br \/>qui en nous prie, veille, esp\u00e8re.<\/p><p><strong>Seigneur<\/strong>,<\/p><p>Ravive notre attente, la vigilance active de notre foi<br \/>afin de nous engager partout o\u00f9 la vie est bafou\u00e9e,<br \/>l\u2019amour pi\u00e9tin\u00e9, l\u2019esp\u00e9rance menac\u00e9e, l\u2019homme m\u00e9pris\u00e9.<\/p><p><strong>Seigneur<\/strong>,<\/p><p>En ce temps de l\u2019Avent, fais de nous des veilleurs<br \/>qui pr\u00e9parent et h\u00e2tent l\u2019av\u00e8nement et le triomphe ultime de ton Royaume,<br \/>celui du r\u00e8gne de l\u2019Amour.<\/p><p><strong>Le temps de l\u2019Avent<\/strong>, nous offre le beau visage de la Vierge Marie f\u00eat\u00e9e dans son <strong><em>Immacul\u00e9e Conception<\/em><\/strong>. Marie choisie par Dieu pour un grand dessein\u00a0: accueillir son Fils J\u00e9sus. Marie, pr\u00e9serv\u00e9e de tout obstacle dans sa relation \u00e0 Dieu. Elle se rend disponible \u00e0 Dieu <em>\u00ab\u00a0je suis la Servante du Seigneur, qu\u2019il me soit fait selon sa Parole\u00a0\u00bb.<\/em> Marie, M\u00e8re de l\u2019\u00e9coute et de la pri\u00e8re. Marie, mod\u00e8le de disponibilit\u00e9. Marie, M\u00e8re du \u00ab\u00a0OUI\u00a0\u00bb \u00e0 Dieu. Marie, M\u00e8re de l\u2019\u00c9glise.<\/p><p>Cette \u00c9glise, notre \u00c9glise a besoin, aujourd\u2019hui comme hier, d\u2019hommes et de femmes de pasteurs, de religieux, de missionnaires qui sachent dire \u201c<strong>oui<\/strong>\u201d au Seigneur avec confiance et\u00a0esp\u00e9rance.<\/p><p><em>\u00ab\u00a0La moisson est abondante, mais les ouvriers sont peu nombreux.<\/em><\/p><p><em>Priez donc le ma\u00eetre de la moisson d&rsquo;envoyer des ouvriers pour sa moisson\u00a0\u00bb.<\/em> (Luc 10,2)<\/p><p>La Vierge Marie, <strong>m\u00e9diatrice<\/strong>, pr\u00e9c\u00e8de notre pri\u00e8re, interc\u00e8de pour nous aupr\u00e8s de son Fils. Nos Saints Fondateurs portaient ce souci d\u2019une vigne g\u00e9n\u00e9reuse, abondante. Les temps sont difficiles. Le monde, sollicit\u00e9 de toutes parts, a du mal \u00e0 distinguer la Voix du Seigneur.<\/p><p>Marie, M\u00e8re de l\u2019Eglise, entends notre pri\u00e8re\u00a0:<\/p><p>R\u00e9jouis-toi Marie combl\u00e9e de gr\u00e2ce<br \/>Le Seigneur est avec Toi<br \/>Tu es b\u00e9nie entre les femmes<br \/>et J\u00e9sus le fruit de ton sein est b\u00e9ni.<\/p><p>Sainte Marie, M\u00e8re de Dieu, prie pour nous, p\u00e9cheurs,<br \/>maintenant et \u00e0 l\u2019heure de la mort.<br \/>Amen<\/p><p>(Une dizaine de chapelet)<\/p><p><strong><em>\u266b<\/em><\/strong><strong>\u00a0\u00a0\u00a0\u00a0\u00a0 <\/strong>R\u00e9jouis-toi, Marie, toute aim\u00e9e de Dieu,<br \/>R\u00e9jouis-toi, M\u00e8re de Dieu. (bis)<\/p><p><strong>Temps de l\u2019Avent,<\/strong><\/p><p><em>Temps favorable au projet de Dieu\u00a0:\u00a0 DIEU VEUT L\u2019HOMME HEUREUX.<\/em><\/p><p><strong>Marie<\/strong>, d\u00e8s son OUI, a quitt\u00e9 sa Maison pour se rendre aupr\u00e8s de sa cousine Elisabeth.<\/p><p>Marie la SERVANTE. Le bonheur se partage, se multiplie. Le bonheur ouvre et dilate le c\u0153ur. Il se donne \u00e0 voir.<\/p><p>\u00c0 No\u00ebl, MARIE donnera \u00e0 voir son Fils \u00e0 tous ceux et celles qui viendront de pr\u00e8s de loin recevoir le cadeau offert par Dieu \u00e0 l\u2019humanit\u00e9 toute enti\u00e8re.<\/p><p>Et si Dieu d\u00e9sirait nous voir aujourd\u2019hui ouvrir nos c\u0153urs, nos portes jeunes ou moins jeunes, \u00e0 ceux qui cherchent la tendresse dans un monde de violence, la justice dans une soci\u00e9t\u00e9 d\u2019indiff\u00e9rence, la paix dans le bruit des bombes, la patience pour se poser.<\/p><p><em>\u00ab\u00a0Il est important que les jeunes, hommes et femmes,<br \/><\/em><em>trouvent dans nos communaut\u00e9s accueil, \u00e9coute, encouragement<br \/><\/em><em>dans leur cheminement vocationnel,<br \/><\/em><em>et qu\u2019ils puissent compter sur des mod\u00e8les cr\u00e9dibles<br \/><\/em><em>de don g\u00e9n\u00e9reux de soi \u00e0 Dieu et aux fr\u00e8res.\u00a0\u00bb\u00a0 <\/em><em>Jean-Paul II-1978<\/em><\/p><p><strong><em>\u266b\u00a0\u00a0\u00a0\u00a0 <\/em><\/strong><strong>Je vous ai choisis, je vous ai \u00c9tablis<\/strong><\/p><p>Je vous ai choisis, je vous ai \u00c9tablis<br \/>Pour que vous alliez et viviez de ma vie.<br \/>Demeurez en moi, vous porterez du fruit\u00a0;<br \/>Je fais de vous mes fr\u00e8res et mes amis.<\/p><ol start=\"3\"><li>Recevez l\u2019Esprit de puissance et de paix ;<br \/>Soyez mes t\u00e9moins, pour vous j\u2019ai tout donn\u00e9.<br \/>Perdez votre vie, livrez-vous sans compter ;<br \/>Vous serez mes disciples, mes bien-aim\u00e9s !<\/li><\/ol><ol start=\"4\"><li>Consolez mon peuple ; je suis son berger.<br \/>Donnez-lui la joie dont je vous ai combl\u00e9s.<br \/>Ayez pour vos fr\u00e8res la tendresse du P\u00e8re,<br \/>Demeurez pr\u00e8s de moi, alors vous vivrez !<\/li><\/ol><p><em>Seigneur, fais-moi porter ta paix et ta joie parce que je d\u00e9sire que ta Parole rejoigne chacun(e) que Tu me donnes \u00e0 rencontrer. Que tous puissent s\u2019ouvrir \u00e0 cette parole qui nous appelle \u00e0 nous engager, \u00e0 te dire <\/em><em>oui <\/em><em>comme la Vierge Marie.<\/em><\/p><p><em>\u00ab\u00a0Faites tout ce qu\u2019Il vous dira\u00a0\u00bb<\/em><\/p><p>Comme <em>\u00ab\u00a0Le Bon P\u00e8re de Montfort\u00a0\u00bb <\/em>serait convaincant<br \/>par ces paroles pour l\u2019\u00c9glise aujourd\u2019hui\u00a0:<br \/><em>\u00ab\u00a0Si nous ne faisons pas un changement profond en nous-m\u00eames et en fraternit\u00e9<br \/><\/em><em>et si nous ne nous engageons pas \u00e0 faire le passage<br \/><\/em><em>d\u2019une \u2018vie commune\u2019 \u00e0 une \u2018communion de vie\u2019,<br \/><\/em><em>nous ne pouvons pas \u00eatre t\u00e9moins de la Bonne Nouvelle du Royaume<br \/><\/em><em>dans la soci\u00e9t\u00e9 d\u2019aujourd\u2019hui.\u00a0\u00bb<\/em><\/p><p><em>Extrait d\u2019un entretien avec le P\u00e8re BREMBILLA, sup\u00e9rieur g\u00e9n\u00e9ral<br \/><\/em><em>des Missionnaires Montfortains &#8211; 01\/02\/2012 &#8211; zenit.org<\/em><\/p><p>Seigneur J\u00e9sus,<br \/>ton \u00c9glise c\u00e9l\u00e8bre un Jubil\u00e9,<br \/>ann\u00e9e de gr\u00e2ce, de pardon, de renouveau spirituel,<br \/>pour le monde entier.<br \/>Tourne son regard vers tous les jeunes du monde.<br \/>Nous te prions pour qu\u2019avec courage<br \/>ils prennent en main leur vie,<br \/>qu\u2019ils aspirent aux choses les plus belles et les plus profondes<br \/>et qu\u2019ils conservent toujours un c\u0153ur libre.<br \/>Aide-les \u00e0 r\u00e9pondre,<br \/>accompagn\u00e9s par des guides sages et g\u00e9n\u00e9reux,<br \/>\u00e0 l\u2019appel que tu adresses \u00e0 chacun d\u2019entre eux,<br \/>pour qu\u2019ils r\u00e9alisent leur projet de vie<br \/>et parviennent au bonheur.<br \/>Tiens leur c\u0153ur ouvert aux grands r\u00eaves<br \/>et rends-les attentifs au bien des fr\u00e8res.<br \/>Comme le Disciple aim\u00e9,<br \/>qu\u2019ils soient eux aussi au pied de la Croix<br \/>pour accueillir ta M\u00e8re, la recevant de Toi en don.<br \/>Qu\u2019ils soient les t\u00e9moins de ta R\u00e9surrection<br \/>Et qu\u2019ils sachent te reconna\u00eetre, vivant \u00e0 leurs c\u00f4t\u00e9s,<br \/>annon\u00e7ant avec joie que Tu es le Seigneur.<br \/><strong>Amen.<\/strong><\/p><p><em>Extrait d\u2019une pri\u00e8re du Pape Fran\u00e7ois &#8211; 2018<\/em><\/p><p><strong><em>\u266b\u00a0\u00a0\u00a0\u00a0 <\/em><\/strong><strong>APPEL\u00c9S PAR LE CHRIST<\/strong><\/p><p>Appel\u00e9s par le Christ \u00c0 semer l\u2019esp\u00e9rance<br \/>Faire entendre sa voix Aux hommes d\u2019aujourd\u2019hui<br \/>Envoy\u00e9s par le Christ aux chemins de l\u2019alliance<br \/>Devenons ses t\u00e9moins, Proph\u00e8tes de la vie.<br \/>Heureux les c\u0153urs de pauvre, les ouvriers de paix<br \/>Serviteurs de ton \u00c9glise, nous sommes ton corps<br \/>Ceux qui guettent les signes du Royaume \u00e0 germer<br \/>Envoy\u00e9s \u00e0 tous les hommes, fais de nous ton corps.<br \/>Au milieu de ce monde, demeurons \u00e9veill\u00e9s<br \/>Serviteurs de ton \u00c9glise, nous sommes ton corps<br \/>Veillons dans la confiance, le Seigneur va passer<br \/>Envoy\u00e9s \u00e0 tous les hommes, fais de nous ton corps.<\/p><p><em>Communaut\u00e9 des Filles de la Sagesse &#8211; CH<\/em><em>\u00c2<\/em><em>TELLERAULT<\/em><\/p>\t\t\t\t\t\t\t\t<\/div>\n\t\t\t\t<\/div>\n\t\t\t\t<\/div>\n\t\t<div class=\"elementor-element elementor-element-ac026ab e-con-full e-flex e-con e-child\" data-id=\"ac026ab\" data-element_type=\"container\" data-e-type=\"container\">\n\t\t\t\t<div class=\"elementor-element elementor-element-1a42edb1 elementor-widget elementor-widget-link-in-bio\" data-id=\"1a42edb1\" data-element_type=\"widget\" data-e-type=\"widget\" data-widget_type=\"link-in-bio.default\">\n\t\t\t\t<div class=\"elementor-widget-container\">\n\t\t\t\t\t\t\t<div class=\"e-link-in-bio e-link-in-bio\">\n\t\t\t<div class=\"e-link-in-bio__content\">\n\n\t\t\t\t\t\t<div class=\"e-link-in-bio__identity\">\n\t\t\t\t\t\t\t\t\t<div class=\"e-link-in-bio__identity-image e-link-in-bio__identity-image-profile has-style-circle\">\n\t\t\t\t\t\t\t<img fetchpriority=\"high\" decoding=\"async\" width=\"204\" height=\"300\" src=\"https:\/\/missionnairesmontfortains.fr\/sitevaovao\/wp-content\/uploads\/2025\/03\/1000027263-204x300.jpg\" class=\"e-link-in-bio__identity-image-element\" alt=\"\" srcset=\"https:\/\/missionnairesmontfortains.fr\/sitevaovao\/wp-content\/uploads\/2025\/03\/1000027263-204x300.jpg 204w, https:\/\/missionnairesmontfortains.fr\/sitevaovao\/wp-content\/uploads\/2025\/03\/1000027263.jpg 545w\" sizes=\"(max-width: 204px) 100vw, 204px\" \/>\t\t\t\t\t\t\t\t\t\t\t\t\t<\/div>\n\t\t\t\t\t\t\t<\/div>\n\t\t\t\t\t<div class=\"e-link-in-bio__bio\">\n\t\t\t\t<h2 class=\"e-link-in-bio__heading\">Se former<\/h2>\t\t\t\t<h3 class=\"e-link-in-bio__title\">\u00e0 la spiritualit\u00e9 montfortaine<\/h3>\t\t\t\t\t\t\t\t<p class=\"e-link-in-bio__description\">Tous les mois, une formation via zoom est propos\u00e9e par l&#039;Association Marie Reine des c\u0153urs<\/p>\t\t\t<\/div>\n\t\t\t\t\t<div class=\"e-link-in-bio__icons has-size-medium\">\n\t\t\t\t\t\t\t<div class=\"e-link-in-bio__icon is-size-medium\">\n\t\t\t\t\t<a href=\"https:\/\/youtube.com\/live\/THq1ihIBGwU\" target=\"_blank\" rel=\"noopener \" aria-label=\"YouTube\" class=\"e-link-in-bio__icon-link\">\n\t\t\t\t\t\t<span class=\"e-link-in-bio__icon-svg\">\n\t\t\t\t\t\t\t<svg aria-hidden=\"true\" class=\"e-font-icon-svg e-fab-youtube\" viewBox=\"0 0 576 512\" xmlns=\"http:\/\/www.w3.org\/2000\/svg\"><path d=\"M549.655 124.083c-6.281-23.65-24.787-42.276-48.284-48.597C458.781 64 288 64 288 64S117.22 64 74.629 75.486c-23.497 6.322-42.003 24.947-48.284 48.597-11.412 42.867-11.412 132.305-11.412 132.305s0 89.438 11.412 132.305c6.281 23.65 24.787 41.5 48.284 47.821C117.22 448 288 448 288 448s170.78 0 213.371-11.486c23.497-6.321 42.003-24.171 48.284-47.821 11.412-42.867 11.412-132.305 11.412-132.305s0-89.438-11.412-132.305zm-317.51 213.508V175.185l142.739 81.205-142.739 81.201z\"><\/path><\/svg>\t\t\t\t\t\t<\/span>\n\t\t\t\t\t\t\t\t\t\t\t<\/a>\n\t\t\t\t<\/div>\n\t\t\t\t\t\t\t<div class=\"e-link-in-bio__icon is-size-medium\">\n\t\t\t\t\t<a href=\"https:\/\/www.facebook.com\/events\/627719333624653\" target=\"_blank\" rel=\"noopener \" aria-label=\"Facebook\" class=\"e-link-in-bio__icon-link\">\n\t\t\t\t\t\t<span class=\"e-link-in-bio__icon-svg\">\n\t\t\t\t\t\t\t<svg aria-hidden=\"true\" class=\"e-font-icon-svg e-fab-facebook\" viewBox=\"0 0 512 512\" xmlns=\"http:\/\/www.w3.org\/2000\/svg\"><path d=\"M504 256C504 119 393 8 256 8S8 119 8 256c0 123.78 90.69 226.38 209.25 245V327.69h-63V256h63v-54.64c0-62.15 37-96.48 93.67-96.48 27.14 0 55.52 4.84 55.52 4.84v61h-31.28c-30.8 0-40.41 19.12-40.41 38.73V256h68.78l-11 71.69h-57.78V501C413.31 482.38 504 379.78 504 256z\"><\/path><\/svg>\t\t\t\t\t\t<\/span>\n\t\t\t\t\t\t\t\t\t\t\t<\/a>\n\t\t\t\t<\/div>\n\t\t\t\t\t<\/div>\n\t\t\n\t\t<div class=\"e-link-in-bio__ctas has-type-button\">\n\t\t\t\t\t\t\t<a href=\"https:\/\/us02web.zoom.us\/j\/89456156887\" target=\"_blank\" rel=\"noopener \" class=\"e-link-in-bio__cta is-type-button has-border has-corners-round\">\n\t\t\t\t\t\t\t\t\t\t<span class=\"e-link-in-bio__cta-text\">\n\t\t\t\t\t\trecevoir le lien\t\t\t\t\t<\/span>\n\t\t\t\t<\/a>\n\t\t\t\t\t<\/div>\n\t\t\n\t\t\t<\/div>\n\t\t\t<div class=\"e-link-in-bio__bg\">\n\t\t\t\t<div class=\"e-link-in-bio__bg-overlay\"><\/div>\n\t\t\t<\/div>\n\t\t<\/div>\n\t\t\t\t\t\t<\/div>\n\t\t\t\t<\/div>\n\t\t\t\t<\/div>\n\t\t\t\t\t<\/div>\n\t\t\t\t<\/div>\n\t\t<div class=\"elementor-element elementor-element-1acca0bf e-flex e-con-boxed e-con e-parent\" data-id=\"1acca0bf\" data-element_type=\"container\" data-e-type=\"container\">\n\t\t\t\t\t<div class=\"e-con-inner\">\n\t\t\t\t<div class=\"elementor-element elementor-element-76ebbd60 elementor-widget elementor-widget-image\" data-id=\"76ebbd60\" data-element_type=\"widget\" data-e-type=\"widget\" data-widget_type=\"image.default\">\n\t\t\t\t<div class=\"elementor-widget-container\">\n\t\t\t\t\t\t\t\t\t\t\t\t\t\t\t\t<a href=\"https:\/\/missionnairesmontfortains.fr\/sitevaovao\/wp-content\/uploads\/2025\/11\/Priere-VocationsDecembre-fdls.pdf\">\n\t\t\t\t\t\t\t<img decoding=\"async\" width=\"55\" height=\"67\" src=\"https:\/\/missionnairesmontfortains.fr\/sitevaovao\/wp-content\/uploads\/2025\/10\/telechargement-e1760478313423.png\" class=\"attachment-large size-large wp-image-28346\" alt=\"\" \/>\t\t\t\t\t\t\t\t<\/a>\n\t\t\t\t\t\t\t\t\t\t\t\t\t\t\t<\/div>\n\t\t\t\t<\/div>\n\t\t\t\t\t<\/div>\n\t\t\t\t<\/div>\n\t\t<div class=\"elementor-element elementor-element-3be22751 e-flex e-con-boxed e-con e-parent\" data-id=\"3be22751\" data-element_type=\"container\" data-e-type=\"container\">\n\t\t\t\t\t<div class=\"e-con-inner\">\n\t\t\t\t<div class=\"elementor-element elementor-element-5260b762 elementor-widget elementor-widget-contentviews_widget_list1\" data-id=\"5260b762\" data-element_type=\"widget\" data-e-type=\"widget\" data-widget_type=\"contentviews_widget_list1.default\">\n\t\t\t\t<div class=\"elementor-widget-container\">\n\t\t\t\t\t<div class='pt-cv-wrapper'> <div class=\"pt-cv-view pt-cv-blockgrid iscvblock iscvelementor list1 layout1\" id=\"pt-cv-view-5260b762\"><div data-id=\"pt-cv-page-1\" class=\"pt-cv-page\" data-cvc=\"1\"><div class=\" pt-cv-content-item pt-cv-2-col\" ><h4 class=\"pt-cv-title\"><a href=\"https:\/\/missionnairesmontfortains.fr\/sitevaovao\/priere-pour-les-vocations-mai-2026\/\" class=\"_self\" target=\"_self\" >Pri\u00e8re pour les vocations &#8211; Mai 2026<\/a><\/h4><\/div>\n<div class=\" pt-cv-content-item pt-cv-2-col\" ><h4 class=\"pt-cv-title\"><a href=\"https:\/\/missionnairesmontfortains.fr\/sitevaovao\/priere-pour-les-vocations-avril\/\" class=\"_self\" target=\"_self\" >Pri\u00e8re pour les vocations &#8211; Avril 2026<\/a><\/h4><\/div>\n<div class=\" pt-cv-content-item pt-cv-2-col\" ><h4 class=\"pt-cv-title\"><a href=\"https:\/\/missionnairesmontfortains.fr\/sitevaovao\/priere-pour-les-vocation-mars-2026\/\" class=\"_self\" target=\"_self\" >Pri\u00e8re pour les vocations &#8211; Mars 2026<\/a><\/h4><\/div>\n<div class=\" pt-cv-content-item pt-cv-2-col\" ><h4 class=\"pt-cv-title\"><a href=\"https:\/\/missionnairesmontfortains.fr\/sitevaovao\/priere-pour-les-vocations-fevrier-2026\/\" class=\"_self\" target=\"_self\" >Pri\u00e8re pour les Vocations &#8211; F\u00e9vrier 2026<\/a><\/h4><\/div>\n<div class=\" pt-cv-content-item pt-cv-2-col\" ><h4 class=\"pt-cv-title\"><a href=\"https:\/\/missionnairesmontfortains.fr\/sitevaovao\/priere-pour-les-vocations-janvier-2026\/\" class=\"_self\" target=\"_self\" >Pri\u00e8re pour les Vocations &#8211; Janvier 2026<\/a><\/h4><\/div>\n<div class=\" pt-cv-content-item pt-cv-2-col\" ><h4 class=\"pt-cv-title\"><a href=\"https:\/\/missionnairesmontfortains.fr\/sitevaovao\/priere-pour-les-vocation-decembre-2025\/\" class=\"_self\" target=\"_self\" >Pri\u00e8re pour les vocations D\u00e9cembre 2025<\/a><\/h4><\/div><\/div><\/div> <\/div> \t\t\t\t<\/div>\n\t\t\t\t<\/div>\n\t\t\t\t\t<\/div>\n\t\t\t\t<\/div>\n\t\t\t\t<section class=\"elementor-section elementor-top-section elementor-element elementor-element-1fcef519 elementor-section-boxed elementor-section-height-default elementor-section-height-default\" data-id=\"1fcef519\" data-element_type=\"section\" data-e-type=\"section\" data-settings=\"{&quot;background_background&quot;:&quot;classic&quot;,&quot;shape_divider_bottom&quot;:&quot;drops&quot;,&quot;shape_divider_top&quot;:&quot;drops&quot;,&quot;shape_divider_bottom_negative&quot;:&quot;yes&quot;}\">\n\t\t\t\t\t<div class=\"elementor-shape elementor-shape-top\" aria-hidden=\"true\" data-negative=\"false\">\n\t\t\t<svg xmlns=\"http:\/\/www.w3.org\/2000\/svg\" height=\"100%\" viewBox=\"0 0 283.5 27.8\" preserveAspectRatio=\"xMidYMax slice\">\n\t<path class=\"elementor-shape-fill\" d=\"M0 0v1.4c.6.7 1.1 1.4 1.4 2 2 3.8 2.2 6.6 1.8 10.8-.3 3.3-2.4 9.4 0 12.3 1.7 2 3.7 1.4 4.6-.9 1.4-3.8-.7-8.2-.6-12 .1-3.7 3.2-5.5 6.9-4.9 4 .6 4.8 4 4.9 7.4.1 1.8-1.1 7 0 8.5.6.8 1.6 1.2 2.4.5 1.4-1.1.1-5.4.1-6.9.1-3.7.3-8.6 4.1-10.5 5-2.5 6.2 1.6 5.4 5.6-.4 1.7-1 9.2 2.9 6.3 1.5-1.1.7-3.5.5-4.9-.4-2.4-.4-4.3 1-6.5.9-1.4 2.4-3.1 4.2-3 2.4.1 2.7 2.2 4 3.7 1.5 1.8 1.8 2.2 3 .1 1.1-1.9 1.2-2.8 3.6-3.3 1.3-.3 4.8-1.4 5.9-.5 1.5 1.1.6 2.8.4 4.3-.2 1.1-.6 4 1.8 3.4 1.7-.4-.3-4.1.6-5.6 1.3-2.2 5.8-1.4 7 .5 1.3 2.1.5 5.8.1 8.1s-1.2 5-.6 7.4c1.3 5.1 4.4.9 4.3-2.4-.1-4.4-2-8.8-.5-13 .9-2.4 4.6-6.6 7.7-4.5 2.7 1.8.5 7.8.2 10.3-.2 1.7-.8 4.6.2 6.2.9 1.4 2 1.5 2.6-.3.5-1.5-.9-4.5-1-6.1-.2-1.7-.4-3.7.2-5.4 1.8-5.6 3.5 2.4 6.3.6 1.4-.9 4.3-9.4 6.1-3.1.6 2.2-1.3 7.8.7 8.9 4.2 2.3 1.5-7.1 2.2-8 3.1-4 4.7 3.8 6.1 4.1 3.1.7 2.8-7.9 8.1-4.5 1.7 1.1 2.9 3.3 3.2 5.2.4 2.2-1 4.5-.6 6.6 1 4.3 4.4 1.5 4.4-1.7 0-2.7-3-8.3 1.4-9.1 4.4-.9 7.3 3.5 7.8 6.9.3 2-1.5 10.9 1.3 11.3 4.1.6-3.2-15.7 4.8-15.8 4.7-.1 2.8 4.1 3.9 6.6 1 2.4 2.1 1 2.3-.8.3-1.9-.9-3.2 1.3-4.3 5.9-2.9 5.9 5.4 5.5 8.5-.3 2-1.7 8.4 2 8.1 6.9-.5-2.8-16.9 4.8-18.7 4.7-1.2 6.1 3.6 6.3 7.1.1 1.7-1.2 8.1.6 9.1 3.5 2 1.9-7 2-8.4.2-4 1.2-9.6 6.4-9.8 4.7-.2 3.2 4.6 2.7 7.5-.4 2.2 1.3 8.6 3.8 4.4 1.1-1.9-.3-4.1-.3-6 0-1.7.4-3.2 1.3-4.6 1-1.6 2.9-3.5 5.1-2.9 2.5.6 2.3 4.1 4.1 4.9 1.9.8 1.6-.9 2.3-2.1 1.2-2.1 2.1-2.1 4.4-2.4 1.4-.2 3.6-1.5 4.9-.5 2.3 1.7-.7 4.4.1 6.5.6 1.5 2.1 1.7 2.8.3.7-1.4-1.1-3.4-.3-4.8 1.4-2.5 6.2-1.2 7.2 1 2.3 4.8-3.3 12-.2 16.3 3 4.1 3.9-2.8 3.8-4.8-.4-4.3-2.1-8.9 0-13.1 1.3-2.5 5.9-5.7 7.9-2.4 2 3.2-1.3 9.8-.8 13.4.5 4.4 3.5 3.3 2.7-.8-.4-1.9-2.4-10 .6-11.1 3.7-1.4 2.8 7.2 6.5.4 2.2-4.1 4.9-3.1 5.2 1.2.1 1.5-.6 3.1-.4 4.6.2 1.9 1.8 3.7 3.3 1.3 1-1.6-2.6-10.4 2.9-7.3 2.6 1.5 1.6 6.5 4.8 2.7 1.3-1.5 1.7-3.6 4-3.7 2.2-.1 4 2.3 4.8 4.1 1.3 2.9-1.5 8.4.9 10.3 4.2 3.3 3-5.5 2.7-6.9-.6-3.9 1-7.2 5.5-5 4.1 2.1 4.3 7.7 4.1 11.6 0 .8-.6 9.5 2.5 5.2 1.2-1.7-.1-7.7.1-9.6.3-2.9 1.2-5.5 4.3-6.2 4.5-1 7.7 1.5 7.4 5.8-.2 3.5-1.8 7.7-.5 11.1 1 2.7 3.6 2.8 5 .2 1.6-3.1 0-8.3-.4-11.6-.4-4.2-.2-7 1.8-10.8 0 0-.1.1-.1.2-.2.4-.3.7-.4.8v.1c-.1.2-.1.2 0 0v-.1l.4-.8c0-.1.1-.1.1-.2.2-.4.5-.8.8-1.2V0H0zM282.7 3.4z\"\/>\n<\/svg>\t\t<\/div>\n\t\t\t\t<div class=\"elementor-shape elementor-shape-bottom\" aria-hidden=\"true\" data-negative=\"true\">\n\t\t\t<svg xmlns=\"http:\/\/www.w3.org\/2000\/svg\" height=\"100%\" viewBox=\"0 0 283.5 27.8\" preserveAspectRatio=\"xMidYMax slice\">\n\t<path class=\"elementor-shape-fill\" d=\"M282.7 3.4c-2 3.8-2.2 6.6-1.8 10.8.3 3.3 2 8.5.4 11.6-1.4 2.6-4 2.5-5-.2-1.2-3.4.3-7.6.5-11.1.3-4.3-2.9-6.9-7.4-5.8-3.1.7-4.1 3.3-4.3 6.2-.2 2 1.2 8-.1 9.6-3.1 4.3-2.5-4.5-2.5-5.2.1-4-.1-9.6-4.1-11.6-4.5-2.3-6.1 1-5.5 5 .2 1.4 1.5 10.2-2.7 6.9-2.5-1.9.4-7.5-.9-10.3-.8-1.8-2.6-4.2-4.8-4.1-2.4.1-2.7 2.2-4 3.7-3.3 3.8-2.2-1.2-4.8-2.7-5.5-3.1-2 5.6-2.9 7.3-1.4 2.4-3.1.6-3.3-1.3-.1-1.5.5-3.1.4-4.6-.3-4.3-2.9-5.3-5.2-1.2-3.7 6.7-2.8-1.9-6.5-.4-3 1.1-.9 9.2-.6 11.1.7 4.1-2.2 5.2-2.7.8-.4-3.6 2.8-10.2.8-13.4-2.1-3.3-6.7-.1-7.9 2.4-2.1 4.2-.4 8.7 0 13.1.2 2-.8 8.9-3.8 4.8-3.1-4.3 2.5-11.6.2-16.3-1.1-2.2-5.8-3.5-7.2-1-.8 1.4 1 3.4.3 4.8s-2.2 1.2-2.8-.3c-.8-2.1 2.2-4.8-.1-6.5-1.3-.9-3.5.3-4.9.5-2.4-.1-3.3 0-4.5 2-.7 1.2-.4 3-2.3 2.1-1.9-.8-1.7-4.3-4.1-4.9-2.1-.6-4 1.3-5.1 2.9-.9 1.4-1.3 3-1.3 4.6 0 1.9 1.4 4.2.3 6-2.4 4.2-4.2-2.2-3.8-4.4.5-2.9 2-7.7-2.7-7.5-5.2.3-6.1 5.8-6.4 9.8-.1 1.3 1.5 10.4-2 8.4-1.8-1-.5-7.5-.6-9.1-.1-3.5-1.6-8.3-6.3-7.1-7.6 1.9 2.1 18.2-4.8 18.7-3.7.3-2.3-6.2-2-8.1.5-3.1.5-11.4-5.5-8.5-2.2 1.1-1 2.3-1.3 4.3-.2 1.8-1.3 3.2-2.3.8-1.1-2.5.8-6.7-3.9-6.6-8 .1-.7 16.4-4.8 15.8-2.8-.4-1-9.3-1.3-11.3-.6-3.5-3.5-7.8-7.8-6.9-4.4.9-1.4 6.5-1.4 9.1 0 3.1-3.4 5.9-4.4 1.7-.5-2.2.9-4.4.6-6.6-.3-1.9-1.5-4.1-3.2-5.2-5.3-3.4-4.9 5.2-8.1 4.5-1.4-.3-3-8.1-6.1-4.1-.7.9 2 10.3-2.2 8-2-1.1-.1-6.7-.7-8.9-1.8-6.2-4.7 2.3-6.1 3.1-2.9 1.7-4.6-6.2-6.3-.6-.5 1.7-.4 3.7-.2 5.4.2 1.6 1.5 4.6 1 6.1-.6 1.8-1.7 1.7-2.6.3-1-1.6-.4-4.5-.2-6.2.3-2.5 2.4-8.4-.2-10.3-3.1-2.1-6.8 2.1-7.7 4.5-1.5 4.3.3 8.7.5 13 .1 3.2-3 7.5-4.3 2.4-.6-2.4.2-5.1.6-7.4.4-2.3 1.2-6-.1-8.1-1.2-1.9-5.8-2.7-7-.5-.9 1.6 1.2 5.2-.6 5.6-2.4.6-2-2.3-1.8-3.4.3-1.5 1.1-3.2-.4-4.3-1.2-.9-4.7.3-5.9.5-2.4.5-2.5 1.4-3.6 3.3-1.2 2.1-1.4 1.7-3-.1-1.3-1.5-1.7-3.6-4-3.7-1.8-.1-3.4 1.7-4.2 3-1.4 2.2-1.3 4.1-1 6.5.2 1.4 1 3.8-.5 4.9-3.9 2.9-3.2-4.6-2.9-6.3.8-3.9-.4-8.1-5.4-5.6-3.8 1.9-4.1 6.7-4.1 10.5 0 1.6 1.2 5.8-.1 6.9-.8.7-1.8.3-2.4-.5-1.1-1.5.1-6.7 0-8.5-.1-3.5-.9-6.9-4.9-7.4-3.6-.6-6.7 1.2-6.8 4.9-.1 3.9 2 8.2.6 12-.9 2.4-2.9 2.9-4.6.9-2.4-2.8-.4-9 0-12.3.4-4.2.2-7-1.8-10.8C1.1 2.8.6 2.1 0 1.4v26.4h283.5V2.2c-.3.4-.6.8-.8 1.2z\"\/>\n<\/svg>\t\t<\/div>\n\t\t\t\t\t<div class=\"elementor-container elementor-column-gap-no\">\n\t\t\t\t\t<div class=\"elementor-column elementor-col-100 elementor-top-column elementor-element elementor-element-60851c1b\" data-id=\"60851c1b\" data-element_type=\"column\" data-e-type=\"column\">\n\t\t\t<div class=\"elementor-widget-wrap elementor-element-populated\">\n\t\t\t\t\t\t<div class=\"elementor-element elementor-element-1ffb5229 elementor-widget elementor-widget-heading\" data-id=\"1ffb5229\" data-element_type=\"widget\" data-e-type=\"widget\" data-widget_type=\"heading.default\">\n\t\t\t\t<div class=\"elementor-widget-container\">\n\t\t\t\t\t<h2 class=\"elementor-heading-title elementor-size-default\">PRIEZ AVEC NOUS<\/h2>\t\t\t\t<\/div>\n\t\t\t\t<\/div>\n\t\t\t\t<div class=\"elementor-element elementor-element-7e1a872e elementor-widget elementor-widget-text-editor\" data-id=\"7e1a872e\" data-element_type=\"widget\" data-e-type=\"widget\" data-widget_type=\"text-editor.default\">\n\t\t\t\t<div class=\"elementor-widget-container\">\n\t\t\t\t\t\t\t\t\t<p>Tous les mois, la famille montfortaine prie ensemble malgr\u00e9 la distance et les diff\u00e9rentes occupations<\/p>\t\t\t\t\t\t\t\t<\/div>\n\t\t\t\t<\/div>\n\t\t\t\t<section class=\"elementor-section elementor-inner-section elementor-element elementor-element-4c816d67 elementor-section-content-middle elementor-section-boxed elementor-section-height-default elementor-section-height-default\" data-id=\"4c816d67\" data-element_type=\"section\" data-e-type=\"section\">\n\t\t\t\t\t\t<div class=\"elementor-container elementor-column-gap-default\">\n\t\t\t\t\t<div class=\"elementor-column elementor-col-50 elementor-inner-column elementor-element elementor-element-382f847b\" data-id=\"382f847b\" data-element_type=\"column\" data-e-type=\"column\" data-settings=\"{&quot;background_background&quot;:&quot;classic&quot;}\">\n\t\t\t<div class=\"elementor-widget-wrap elementor-element-populated\">\n\t\t\t\t\t\t<div class=\"elementor-element elementor-element-41f7ddc8 elementor-widget elementor-widget-image\" data-id=\"41f7ddc8\" data-element_type=\"widget\" data-e-type=\"widget\" data-widget_type=\"image.default\">\n\t\t\t\t<div class=\"elementor-widget-container\">\n\t\t\t\t\t\t\t\t\t\t\t\t\t\t\t<img decoding=\"async\" width=\"150\" height=\"150\" src=\"https:\/\/missionnairesmontfortains.fr\/sitevaovao\/wp-content\/uploads\/2025\/03\/OIP-1-150x150.jpg\" class=\"attachment-thumbnail size-thumbnail wp-image-26315\" alt=\"\" srcset=\"https:\/\/missionnairesmontfortains.fr\/sitevaovao\/wp-content\/uploads\/2025\/03\/OIP-1-150x150.jpg 150w, https:\/\/missionnairesmontfortains.fr\/sitevaovao\/wp-content\/uploads\/2025\/03\/OIP-1-300x300.jpg 300w, https:\/\/missionnairesmontfortains.fr\/sitevaovao\/wp-content\/uploads\/2025\/03\/OIP-1.jpg 474w\" sizes=\"(max-width: 150px) 100vw, 150px\" \/>\t\t\t\t\t\t\t\t\t\t\t\t\t\t\t<\/div>\n\t\t\t\t<\/div>\n\t\t\t\t<div class=\"elementor-element elementor-element-1f857f91 elementor-widget elementor-widget-heading\" data-id=\"1f857f91\" data-element_type=\"widget\" data-e-type=\"widget\" data-widget_type=\"heading.default\">\n\t\t\t\t<div class=\"elementor-widget-container\">\n\t\t\t\t\t<h4 class=\"elementor-heading-title elementor-size-default\">Rosarium<\/h4>\t\t\t\t<\/div>\n\t\t\t\t<\/div>\n\t\t\t\t\t<\/div>\n\t\t<\/div>\n\t\t\t\t<div class=\"elementor-column elementor-col-50 elementor-inner-column elementor-element elementor-element-4ec67410\" data-id=\"4ec67410\" data-element_type=\"column\" data-e-type=\"column\">\n\t\t\t<div class=\"elementor-widget-wrap elementor-element-populated\">\n\t\t\t\t\t\t<div class=\"elementor-element elementor-element-7f8fe09d elementor-widget elementor-widget-heading\" data-id=\"7f8fe09d\" data-element_type=\"widget\" data-e-type=\"widget\" data-widget_type=\"heading.default\">\n\t\t\t\t<div class=\"elementor-widget-container\">\n\t\t\t\t\t<h3 class=\"elementor-heading-title elementor-size-medium\">Tous les premiers lundi du mois, priez le Rosaire avec tous les montfortains de l'Europe (EurHope) via zoom.<\/h3>\t\t\t\t<\/div>\n\t\t\t\t<\/div>\n\t\t\t\t<div class=\"elementor-element elementor-element-611c0827 elementor-align-center elementor-widget elementor-widget-button\" data-id=\"611c0827\" data-element_type=\"widget\" data-e-type=\"widget\" data-widget_type=\"button.default\">\n\t\t\t\t<div class=\"elementor-widget-container\">\n\t\t\t\t\t\t\t\t\t<div class=\"elementor-button-wrapper\">\n\t\t\t\t\t<a class=\"elementor-button elementor-button-link elementor-size-sm\" href=\"#\">\n\t\t\t\t\t\t<span class=\"elementor-button-content-wrapper\">\n\t\t\t\t\t\t\t\t\t<span class=\"elementor-button-text\">Cliquez ici pour participer<\/span>\n\t\t\t\t\t<\/span>\n\t\t\t\t\t<\/a>\n\t\t\t\t<\/div>\n\t\t\t\t\t\t\t\t<\/div>\n\t\t\t\t<\/div>\n\t\t\t\t\t<\/div>\n\t\t<\/div>\n\t\t\t\t\t<\/div>\n\t\t<\/section>\n\t\t\t\t\t<\/div>\n\t\t<\/div>\n\t\t\t\t\t<\/div>\n\t\t<\/section>\n\t\t\t\t<\/div>\n\t\t","protected":false},"excerpt":{"rendered":"<p>Pri\u00e8re pour les vocations D\u00e9cembre 2025 Pri\u00e8re pour les Vocations &#8211; D\u00e9cembre 2025 R\u00e9unis au Nom du P\u00e8re et du Fils, et du Saint-Esprit. Voici le temps de l\u2019Avent, temps de vigilance et de pri\u00e8re orient\u00e9 vers J\u00e9sus \u266b\u00a0\u00a0\u00a0\u00a0\u00a0 TROUVER DANS MA VIE TA PR\u00c9SENCE Trouver dans ma vie ta pr\u00e9sence, Tenir une lampe allum\u00e9eChoisir [&hellip;]<\/p>\n","protected":false},"author":3,"featured_media":0,"comment_status":"closed","ping_status":"closed","sticky":true,"template":"","format":"standard","meta":{"content-type":"","_uag_custom_page_level_css":"","site-sidebar-layout":"default","site-content-layout":"","ast-site-content-layout":"default","site-content-style":"default","site-sidebar-style":"default","ast-global-header-display":"","ast-banner-title-visibility":"","ast-main-header-display":"","ast-hfb-above-header-display":"","ast-hfb-below-header-display":"","ast-hfb-mobile-header-display":"","site-post-title":"","ast-breadcrumbs-content":"","ast-featured-img":"","footer-sml-layout":"","theme-transparent-header-meta":"","adv-header-id-meta":"","stick-header-meta":"","header-above-stick-meta":"","header-main-stick-meta":"","header-below-stick-meta":"","astra-migrate-meta-layouts":"set","ast-page-background-enabled":"default","ast-page-background-meta":{"desktop":{"background-color":"","background-image":"","background-repeat":"repeat","background-position":"center center","background-size":"auto","background-attachment":"scroll","background-type":"","background-media":"","overlay-type":"","overlay-color":"","overlay-opacity":"","overlay-gradient":""},"tablet":{"background-color":"","background-image":"","background-repeat":"repeat","background-position":"center center","background-size":"auto","background-attachment":"scroll","background-type":"","background-media":"","overlay-type":"","overlay-color":"","overlay-opacity":"","overlay-gradient":""},"mobile":{"background-color":"","background-image":"","background-repeat":"repeat","background-position":"center center","background-size":"auto","background-attachment":"scroll","background-type":"","background-media":"","overlay-type":"","overlay-color":"","overlay-opacity":"","overlay-gradient":""}},"ast-content-background-meta":{"desktop":{"background-color":"var(--ast-global-color-5)","background-image":"","background-repeat":"repeat","background-position":"center center","background-size":"auto","background-attachment":"scroll","background-type":"","background-media":"","overlay-type":"","overlay-color":"","overlay-opacity":"","overlay-gradient":""},"tablet":{"background-color":"var(--ast-global-color-5)","background-image":"","background-repeat":"repeat","background-position":"center center","background-size":"auto","background-attachment":"scroll","background-type":"","background-media":"","overlay-type":"","overlay-color":"","overlay-opacity":"","overlay-gradient":""},"mobile":{"background-color":"var(--ast-global-color-5)","background-image":"","background-repeat":"repeat","background-position":"center center","background-size":"auto","background-attachment":"scroll","background-type":"","background-media":"","overlay-type":"","overlay-color":"","overlay-opacity":"","overlay-gradient":""}},"footnotes":""},"categories":[45],"tags":[],"class_list":["post-29576","post","type-post","status-publish","format-standard","hentry","category-priere-pour-la-vocation"],"uagb_featured_image_src":{"full":false,"thumbnail":false,"medium":false,"medium_large":false,"large":false,"1536x1536":false,"2048x2048":false},"uagb_author_info":{"display_name":"Daniel Busnel","author_link":""},"uagb_comment_info":0,"uagb_excerpt":"Pri\u00e8re pour les vocations D\u00e9cembre 2025 Pri\u00e8re pour les Vocations &#8211; D\u00e9cembre 2025 R\u00e9unis au Nom du P\u00e8re et du Fils, et du Saint-Esprit. Voici le temps de l\u2019Avent, temps de vigilance et de pri\u00e8re orient\u00e9 vers J\u00e9sus \u266b\u00a0\u00a0\u00a0\u00a0\u00a0 TROUVER DANS MA VIE TA PR\u00c9SENCE Trouver dans ma vie ta pr\u00e9sence, Tenir une lampe allum\u00e9eChoisir\u2026","_links":{"self":[{"href":"https:\/\/missionnairesmontfortains.fr\/sitevaovao\/wp-json\/wp\/v2\/posts\/29576","targetHints":{"allow":["GET"]}}],"collection":[{"href":"https:\/\/missionnairesmontfortains.fr\/sitevaovao\/wp-json\/wp\/v2\/posts"}],"about":[{"href":"https:\/\/missionnairesmontfortains.fr\/sitevaovao\/wp-json\/wp\/v2\/types\/post"}],"author":[{"embeddable":true,"href":"https:\/\/missionnairesmontfortains.fr\/sitevaovao\/wp-json\/wp\/v2\/users\/3"}],"replies":[{"embeddable":true,"href":"https:\/\/missionnairesmontfortains.fr\/sitevaovao\/wp-json\/wp\/v2\/comments?post=29576"}],"version-history":[{"count":14,"href":"https:\/\/missionnairesmontfortains.fr\/sitevaovao\/wp-json\/wp\/v2\/posts\/29576\/revisions"}],"predecessor-version":[{"id":29864,"href":"https:\/\/missionnairesmontfortains.fr\/sitevaovao\/wp-json\/wp\/v2\/posts\/29576\/revisions\/29864"}],"wp:attachment":[{"href":"https:\/\/missionnairesmontfortains.fr\/sitevaovao\/wp-json\/wp\/v2\/media?parent=29576"}],"wp:term":[{"taxonomy":"category","embeddable":true,"href":"https:\/\/missionnairesmontfortains.fr\/sitevaovao\/wp-json\/wp\/v2\/categories?post=29576"},{"taxonomy":"post_tag","embeddable":true,"href":"https:\/\/missionnairesmontfortains.fr\/sitevaovao\/wp-json\/wp\/v2\/tags?post=29576"}],"curies":[{"name":"wp","href":"https:\/\/api.w.org\/{rel}","templated":true}]}}