{"id":29564,"date":"2025-11-30T08:27:29","date_gmt":"2025-11-30T08:27:29","guid":{"rendered":"https:\/\/missionnairesmontfortains.fr\/sitevaovao\/?p=29564"},"modified":"2025-12-03T16:40:51","modified_gmt":"2025-12-03T16:40:51","slug":"i-dimanche-de-lavent-2025","status":"publish","type":"post","link":"https:\/\/missionnairesmontfortains.fr\/sitevaovao\/i-dimanche-de-lavent-2025\/","title":{"rendered":"I dimanche de l&rsquo;Avent 2025"},"content":{"rendered":"\t\t<div data-elementor-type=\"wp-post\" data-elementor-id=\"29564\" class=\"elementor elementor-29564\">\n\t\t\t\t\t\t<section class=\"elementor-section elementor-top-section elementor-element elementor-element-5800c684 elementor-section-content-top elementor-section-full_width elementor-section-height-default elementor-section-height-default\" data-id=\"5800c684\" data-element_type=\"section\" data-e-type=\"section\" data-settings=\"{&quot;background_background&quot;:&quot;gradient&quot;}\">\n\t\t\t\t\t\t\t<div class=\"elementor-background-overlay\"><\/div>\n\t\t\t\t\t\t\t<div class=\"elementor-container elementor-column-gap-no\">\n\t\t\t\t\t<div class=\"elementor-column elementor-col-100 elementor-top-column elementor-element elementor-element-7166b034\" data-id=\"7166b034\" data-element_type=\"column\" data-e-type=\"column\">\n\t\t\t<div class=\"elementor-widget-wrap elementor-element-populated\">\n\t\t\t\t\t\t<div class=\"elementor-element elementor-element-65f02fda elementor-widget elementor-widget-heading\" data-id=\"65f02fda\" data-element_type=\"widget\" data-e-type=\"widget\" data-widget_type=\"heading.default\">\n\t\t\t\t<div class=\"elementor-widget-container\">\n\t\t\t\t\t<h2 class=\"elementor-heading-title elementor-size-default\">30 novembre 2025<\/h2>\t\t\t\t<\/div>\n\t\t\t\t<\/div>\n\t\t\t\t<div class=\"elementor-element elementor-element-249381ef elementor-widget elementor-widget-text-editor\" data-id=\"249381ef\" data-element_type=\"widget\" data-e-type=\"widget\" data-widget_type=\"text-editor.default\">\n\t\t\t\t<div class=\"elementor-widget-container\">\n\t\t\t\t\t\t\t\t\t<p><strong>Ann\u00e9e A<\/strong><\/p><h5><strong>Is 2,1-5; Ps 121 (122), 1-2, 3-4ab, 4cd-5, 6-7, 8-9; <\/strong><\/h5><p><strong>Rm 13,11-14a; Mt 24,37-44<\/strong><\/p><p>Fr\u00e8res et s\u0153urs,<\/p><p>L\u2019Avent commence par un appel vibrant : \u00a0\u00a0\u00a0\u00a0\u00a0\u00a0\u00a0\u00a0\u00a0\u00ab Venez, montons \u00e0 la montagne du Seigneur \u00bb (Is 2,3). Ce verbe, venir, porte tout le myst\u00e8re de notre foi. Dieu vient \u00e0 nous pour nous inviter \u00e0 aller vers lui, afin qu\u2019un jour nous puissions demeurer avec lui pour toujours. L\u2019Avent est ce temps de rencontre : celui qui vient et celui qui marche vers lui.<\/p><p>Dieu ne vient pas parce qu\u2019il n\u2019\u00e9tait pas. Il est de toute \u00e9ternit\u00e9. Mais il vient pour se rendre proche, visible, incarn\u00e9. Dans Isa\u00efe, il rassemble les nations : \u00ab Beaucoup de peuples y viendront et diront : \u00ab Venez, montons \u00e0 la montagne du Seigneur \u00bb (Is 2,3).<\/p><p>Dans l\u2019\u00c9vangile, il vient comme le Fils de l\u2019homme, surprenant et appelant chacun \u00e0 la vigilance (Mt 24,37\u201144). Dans nos vies, il se rend pr\u00e9sent chaque jour\u202f: dans sa Parole, dans les sacrements, et dans le visage du fr\u00e8re que nous rencontrons. Dieu passe ainsi du cach\u00e9 au r\u00e9v\u00e9l\u00e9, du myst\u00e8re \u00e0 la proximit\u00e9. \u00c0 ce Dieu qui vient, l\u2019homme est appel\u00e9 \u00e0 r\u00e9pondre, non seul, mais avec les autres\u202f: \u00ab Venez, maison de Jacob\u202f! Marchons \u00e0 la lumi\u00e8re du Seigneur \u00bb (Is 2,5).<\/p><p>L\u2019Avent est un temps de marche : il ne suffit pas de constater que Dieu vient, il faut se mettre en route. Saint Paul nous le rappelle : \u00ab La nuit est bient\u00f4t finie, le jour est tout proche. Rejetons les \u0153uvres des t\u00e9n\u00e8bres et rev\u00eatons les armes de la lumi\u00e8re \u00bb (Rm 13,12-13). Aller \u00e0 Dieu, c\u2019est r\u00e9pondre par la conversion, l\u2019engagement, et une esp\u00e9rance active.<\/p><p>Le but du venir de Dieu et de l\u2019aller de l\u2019homme, c\u2019est de demeurer ensemble. Isa\u00efe l\u2019exprime : un peuple rassembl\u00e9 dans la paix de la maison du Seigneur. J\u00e9sus le promet : ceux qui veillent entreront avec lui dans la joie \u00e9ternelle (Mt 24,44). Demeurer, c\u2019est go\u00fbter la paix du Royaume, vivre la communion accomplie et la joie sans fin.<\/p><p>Fr\u00e8res et s\u0153urs, l\u2019Avent est ce temps o\u00f9 Dieu vient vers nous, o\u00f9 il nous appelle \u00e0 marcher vers lui, afin qu\u2019un jour nous demeurions avec lui dans la lumi\u00e8re. Vivons ce temps comme une marche joyeuse : le Seigneur est d\u00e9j\u00e0 en route vers nous, osons aller \u00e0 sa rencontre et demeurer avec lui.<\/p><p>Bonne rencontre avec le Seigneur !<\/p><ol><li><em> Jean-Baptiste Bondele, SMM<\/em><\/li><\/ol>\t\t\t\t\t\t\t\t<\/div>\n\t\t\t\t<\/div>\n\t\t\t\t\t<\/div>\n\t\t<\/div>\n\t\t\t\t\t<\/div>\n\t\t<\/section>\n\t\t<div class=\"elementor-element elementor-element-9fae469 e-flex e-con-boxed e-con e-parent\" data-id=\"9fae469\" data-element_type=\"container\" data-e-type=\"container\">\n\t\t\t\t\t<div class=\"e-con-inner\">\n\t\t\t\t<div class=\"elementor-element elementor-element-68a7a8c elementor-widget elementor-widget-image\" data-id=\"68a7a8c\" data-element_type=\"widget\" data-e-type=\"widget\" data-widget_type=\"image.default\">\n\t\t\t\t<div class=\"elementor-widget-container\">\n\t\t\t\t\t\t\t\t\t\t\t\t\t\t\t\t<a href=\"https:\/\/missionnairesmontfortains.fr\/sitevaovao\/wp-content\/uploads\/2025\/11\/PartagEvangile30Novembre-2025.pdf\">\n\t\t\t\t\t\t\t<img decoding=\"async\" width=\"55\" height=\"67\" src=\"https:\/\/missionnairesmontfortains.fr\/sitevaovao\/wp-content\/uploads\/2025\/10\/telechargement-e1760478313423.png\" class=\"attachment-large size-large wp-image-28346\" alt=\"\" \/>\t\t\t\t\t\t\t\t<\/a>\n\t\t\t\t\t\t\t\t\t\t\t\t\t\t\t<\/div>\n\t\t\t\t<\/div>\n\t\t\t\t\t<\/div>\n\t\t\t\t<\/div>\n\t\t<div class=\"elementor-element elementor-element-56ef33cb e-con-full e-flex e-con e-parent\" data-id=\"56ef33cb\" data-element_type=\"container\" data-e-type=\"container\">\n\t\t\t\t<div class=\"elementor-element elementor-element-5fd96b07 elementor-widget elementor-widget-contentviews_widget_grid1\" data-id=\"5fd96b07\" data-element_type=\"widget\" data-e-type=\"widget\" data-widget_type=\"contentviews_widget_grid1.default\">\n\t\t\t\t<div class=\"elementor-widget-container\">\n\t\t\t\t\t<div class='pt-cv-wrapper'> <div class=\"pt-cv-view pt-cv-blockgrid iscvblock iscvelementor grid1 layout1\" id=\"pt-cv-view-5fd96b07\"><div data-id=\"pt-cv-page-1\" class=\"pt-cv-page\" data-cvc=\"3\"><div class=\" pt-cv-content-item pt-cv-1-col\" ><div class=\"pt-cv-thumb-wrapper  \"><a href=\"https:\/\/missionnairesmontfortains.fr\/sitevaovao\/iv-dimanche-de-paques-a-26-avril-2026\/\" class=\"_self pt-cv-href-thumbnail pt-cv-thumb-default\" target=\"_self\" ><img fetchpriority=\"high\" decoding=\"async\" width=\"425\" height=\"340\" src=\"https:\/\/missionnairesmontfortains.fr\/sitevaovao\/wp-content\/uploads\/2026\/04\/IVDimPaquesA02.jpg\" class=\"pt-cv-thumbnail\" alt=\"\" \/><\/a><\/div>\n<h4 class=\"pt-cv-title\"><a href=\"https:\/\/missionnairesmontfortains.fr\/sitevaovao\/iv-dimanche-de-paques-a-26-avril-2026\/\" class=\"_self\" target=\"_self\" >IV Dimanche de P\u00e2ques &#8211; A &#8211; 26 avril 2026<\/a><\/h4>\n<div class=\"pt-cv-content\">26 avril 2026 \u00a0- A -\u00a0Ac 2, 14a.36-41 - Ps 22 (23) - 1 P 2, 20b-25 - Jn 10, ...<\/div>\n<div class=\"pt-cv-rmwrap\"><a href=\"https:\/\/missionnairesmontfortains.fr\/sitevaovao\/iv-dimanche-de-paques-a-26-avril-2026\/\" class=\"_self pt-cv-readmore btn btn-success\" target=\"_self\" >Lire La Suite\u2026<\/a><\/div><\/div>\n<div class=\" pt-cv-content-item pt-cv-1-col\" ><div class=\"pt-cv-thumb-wrapper  \"><a href=\"https:\/\/missionnairesmontfortains.fr\/sitevaovao\/iii-dimanche-de-paques-a-19-avril-2026\/\" class=\"_self pt-cv-href-thumbnail pt-cv-thumb-default\" target=\"_self\" ><img decoding=\"async\" width=\"425\" height=\"340\" src=\"https:\/\/missionnairesmontfortains.fr\/sitevaovao\/wp-content\/uploads\/2026\/04\/SauronsNous01.jpg\" class=\"pt-cv-thumbnail\" alt=\"\" \/><\/a><\/div>\n<h4 class=\"pt-cv-title\"><a href=\"https:\/\/missionnairesmontfortains.fr\/sitevaovao\/iii-dimanche-de-paques-a-19-avril-2026\/\" class=\"_self\" target=\"_self\" >III dimanche de P\u00e2ques &#8211; A &#8211; 19 avril 2026<\/a><\/h4>\n<div class=\"pt-cv-content\">- 19 avril 2026 - \u00a0A -\u00a0\u00a0- Ac 2, 14.22b-33 - Ps 15 (16) - 1 P 1, 17-21 - ...<\/div>\n<div class=\"pt-cv-rmwrap\"><a href=\"https:\/\/missionnairesmontfortains.fr\/sitevaovao\/iii-dimanche-de-paques-a-19-avril-2026\/\" class=\"_self pt-cv-readmore btn btn-success\" target=\"_self\" >Lire La Suite\u2026<\/a><\/div><\/div>\n<div class=\" pt-cv-content-item pt-cv-1-col\" ><div class=\"pt-cv-thumb-wrapper  \"><a href=\"https:\/\/missionnairesmontfortains.fr\/sitevaovao\/ii-dimanche-de-paques-a-12-avril-2026\/\" class=\"_self pt-cv-href-thumbnail pt-cv-thumb-default\" target=\"_self\" ><img loading=\"lazy\" decoding=\"async\" width=\"425\" height=\"340\" src=\"https:\/\/missionnairesmontfortains.fr\/sitevaovao\/wp-content\/uploads\/2026\/04\/IIDimPaquesA04.jpg\" class=\"pt-cv-thumbnail\" alt=\"\" \/><\/a><\/div>\n<h4 class=\"pt-cv-title\"><a href=\"https:\/\/missionnairesmontfortains.fr\/sitevaovao\/ii-dimanche-de-paques-a-12-avril-2026\/\" class=\"_self\" target=\"_self\" >II dimanche de P\u00e2ques &#8211; A &#8211; 12 avril 2026<\/a><\/h4>\n<div class=\"pt-cv-content\">12 avril 2026 - \u00a0A -\u00a0 Ac 2, 42-47 ; Ps 117 (118) ; 1 P 1, 3-9 ; Jn ...<\/div>\n<div class=\"pt-cv-rmwrap\"><a href=\"https:\/\/missionnairesmontfortains.fr\/sitevaovao\/ii-dimanche-de-paques-a-12-avril-2026\/\" class=\"_self pt-cv-readmore btn btn-success\" target=\"_self\" >Lire La Suite\u2026<\/a><\/div><\/div>\n<div class=\" pt-cv-content-item pt-cv-1-col\" ><div class=\"pt-cv-thumb-wrapper  \"><a href=\"https:\/\/missionnairesmontfortains.fr\/sitevaovao\/la-resurrection-du-seigneur-5-avril-2026\/\" class=\"_self pt-cv-href-thumbnail pt-cv-thumb-default\" target=\"_self\" ><img loading=\"lazy\" decoding=\"async\" width=\"1024\" height=\"614\" src=\"https:\/\/missionnairesmontfortains.fr\/sitevaovao\/wp-content\/uploads\/2026\/04\/DimPaquesA03ES-1024x614.jpg\" class=\"pt-cv-thumbnail\" alt=\"\" \/><\/a><\/div>\n<h4 class=\"pt-cv-title\"><a href=\"https:\/\/missionnairesmontfortains.fr\/sitevaovao\/la-resurrection-du-seigneur-5-avril-2026\/\" class=\"_self\" target=\"_self\" >La r\u00e9surrection du Seigneur &#8211; 5 avril 2026<\/a><\/h4>\n<div class=\"pt-cv-content\">- 5 avril 2026 - Ann\u00e9e A - Ac 10, 34a.37-43 - Ps 117 (118) - Col 3, 1-4 - ...<\/div>\n<div class=\"pt-cv-rmwrap\"><a href=\"https:\/\/missionnairesmontfortains.fr\/sitevaovao\/la-resurrection-du-seigneur-5-avril-2026\/\" class=\"_self pt-cv-readmore btn btn-success\" target=\"_self\" >Lire La Suite\u2026<\/a><\/div><\/div>\n<div class=\" pt-cv-content-item pt-cv-1-col\" ><div class=\"pt-cv-thumb-wrapper  \"><a href=\"https:\/\/missionnairesmontfortains.fr\/sitevaovao\/dimanche-des-rameaux-29-mars-2026\/\" class=\"_self pt-cv-href-thumbnail pt-cv-thumb-default\" target=\"_self\" ><img loading=\"lazy\" decoding=\"async\" width=\"425\" height=\"340\" src=\"https:\/\/missionnairesmontfortains.fr\/sitevaovao\/wp-content\/uploads\/2026\/03\/DimRameauxA03FR.jpg\" class=\"pt-cv-thumbnail\" alt=\"\" \/><\/a><\/div>\n<h4 class=\"pt-cv-title\"><a href=\"https:\/\/missionnairesmontfortains.fr\/sitevaovao\/dimanche-des-rameaux-29-mars-2026\/\" class=\"_self\" target=\"_self\" >Dimanche des Rameaux &#8211; 29 Mars 2026<\/a><\/h4>\n<div class=\"pt-cv-content\">29 mars 2026 Ann\u00e9e A\u00a0Mt 21, 1-11;\u00a0 Is 50, 4- ;\u00a0 Ps 21 (22): Ph 2, 6-11; Mt 26, 14 ...<\/div>\n<div class=\"pt-cv-rmwrap\"><a href=\"https:\/\/missionnairesmontfortains.fr\/sitevaovao\/dimanche-des-rameaux-29-mars-2026\/\" class=\"_self pt-cv-readmore btn btn-success\" target=\"_self\" >Lire La Suite\u2026<\/a><\/div><\/div>\n<div class=\" pt-cv-content-item pt-cv-1-col\" ><div class=\"pt-cv-thumb-wrapper  \"><a href=\"https:\/\/missionnairesmontfortains.fr\/sitevaovao\/5eme-dimanche-de-careme-a\/\" class=\"_self pt-cv-href-thumbnail pt-cv-thumb-default\" target=\"_self\" ><img loading=\"lazy\" decoding=\"async\" width=\"584\" height=\"253\" src=\"https:\/\/missionnairesmontfortains.fr\/sitevaovao\/wp-content\/uploads\/2026\/03\/5DimCarA05.jpg\" class=\"pt-cv-thumbnail\" alt=\"\" \/><\/a><\/div>\n<h4 class=\"pt-cv-title\"><a href=\"https:\/\/missionnairesmontfortains.fr\/sitevaovao\/5eme-dimanche-de-careme-a\/\" class=\"_self\" target=\"_self\" >5\u00e8me dimanche de Car\u00eame &#8211; A<\/a><\/h4>\n<div class=\"pt-cv-content\">22 mars 2026 \u00a0- A -\u00a0Ez 37,\u00a012-14\u00a0; Ps 129 (130)\u00a0;\u00a0 Rm 8,\u00a08-11\u00a0; Jn 11,\u00a01-45Si vous avez bien lu les deux ...<\/div>\n<div class=\"pt-cv-rmwrap\"><a href=\"https:\/\/missionnairesmontfortains.fr\/sitevaovao\/5eme-dimanche-de-careme-a\/\" class=\"_self pt-cv-readmore btn btn-success\" target=\"_self\" >Lire La Suite\u2026<\/a><\/div><\/div><\/div><\/div> <\/div> \t\t\t\t<\/div>\n\t\t\t\t<\/div>\n\t\t\t\t<\/div>\n\t\t\t\t<section class=\"elementor-section elementor-top-section elementor-element elementor-element-6c1e1850 elementor-section-content-middle elementor-section-full_width elementor-section-height-default elementor-section-height-default\" data-id=\"6c1e1850\" data-element_type=\"section\" data-e-type=\"section\">\n\t\t\t\t\t\t<div class=\"elementor-container elementor-column-gap-no\">\n\t\t\t\t\t<div class=\"elementor-column elementor-col-20 elementor-top-column elementor-element elementor-element-3c131493 elementor-invisible\" data-id=\"3c131493\" data-element_type=\"column\" data-e-type=\"column\" data-settings=\"{&quot;background_background&quot;:&quot;classic&quot;,&quot;animation&quot;:&quot;slideInDown&quot;}\">\n\t\t\t<div class=\"elementor-widget-wrap elementor-element-populated\">\n\t\t\t\t\t<div class=\"elementor-background-overlay\"><\/div>\n\t\t\t\t\t\t<div class=\"elementor-element elementor-element-5004ceb5 elementor-widget elementor-widget-spacer\" data-id=\"5004ceb5\" data-element_type=\"widget\" data-e-type=\"widget\" data-widget_type=\"spacer.default\">\n\t\t\t\t<div class=\"elementor-widget-container\">\n\t\t\t\t\t\t\t<div class=\"elementor-spacer\">\n\t\t\t<div class=\"elementor-spacer-inner\"><\/div>\n\t\t<\/div>\n\t\t\t\t\t\t<\/div>\n\t\t\t\t<\/div>\n\t\t\t\t\t<\/div>\n\t\t<\/div>\n\t\t\t\t<div class=\"elementor-column elementor-col-20 elementor-top-column elementor-element elementor-element-2fb4a989 elementor-invisible\" data-id=\"2fb4a989\" data-element_type=\"column\" data-e-type=\"column\" data-settings=\"{&quot;background_background&quot;:&quot;classic&quot;,&quot;animation&quot;:&quot;slideInUp&quot;}\">\n\t\t\t<div class=\"elementor-widget-wrap elementor-element-populated\">\n\t\t\t\t\t\t<div class=\"elementor-element elementor-element-7deac858 elementor-widget elementor-widget-spacer\" data-id=\"7deac858\" data-element_type=\"widget\" data-e-type=\"widget\" data-widget_type=\"spacer.default\">\n\t\t\t\t<div class=\"elementor-widget-container\">\n\t\t\t\t\t\t\t<div class=\"elementor-spacer\">\n\t\t\t<div class=\"elementor-spacer-inner\"><\/div>\n\t\t<\/div>\n\t\t\t\t\t\t<\/div>\n\t\t\t\t<\/div>\n\t\t\t\t\t<\/div>\n\t\t<\/div>\n\t\t\t\t<div class=\"elementor-column elementor-col-20 elementor-top-column elementor-element elementor-element-4a3d6c7d elementor-invisible\" data-id=\"4a3d6c7d\" data-element_type=\"column\" data-e-type=\"column\" data-settings=\"{&quot;background_background&quot;:&quot;classic&quot;,&quot;animation&quot;:&quot;bounceInDown&quot;}\">\n\t\t\t<div class=\"elementor-widget-wrap elementor-element-populated\">\n\t\t\t\t\t\t<div class=\"elementor-element elementor-element-788600a elementor-widget elementor-widget-spacer\" data-id=\"788600a\" data-element_type=\"widget\" data-e-type=\"widget\" data-widget_type=\"spacer.default\">\n\t\t\t\t<div class=\"elementor-widget-container\">\n\t\t\t\t\t\t\t<div class=\"elementor-spacer\">\n\t\t\t<div class=\"elementor-spacer-inner\"><\/div>\n\t\t<\/div>\n\t\t\t\t\t\t<\/div>\n\t\t\t\t<\/div>\n\t\t\t\t\t<\/div>\n\t\t<\/div>\n\t\t\t\t<div class=\"elementor-column elementor-col-20 elementor-top-column elementor-element elementor-element-5ca4e4da elementor-invisible\" data-id=\"5ca4e4da\" data-element_type=\"column\" data-e-type=\"column\" data-settings=\"{&quot;background_background&quot;:&quot;classic&quot;,&quot;animation&quot;:&quot;bounceInUp&quot;}\">\n\t\t\t<div class=\"elementor-widget-wrap elementor-element-populated\">\n\t\t\t\t\t\t<div class=\"elementor-element elementor-element-43e66421 elementor-widget elementor-widget-spacer\" data-id=\"43e66421\" data-element_type=\"widget\" data-e-type=\"widget\" data-widget_type=\"spacer.default\">\n\t\t\t\t<div class=\"elementor-widget-container\">\n\t\t\t\t\t\t\t<div class=\"elementor-spacer\">\n\t\t\t<div class=\"elementor-spacer-inner\"><\/div>\n\t\t<\/div>\n\t\t\t\t\t\t<\/div>\n\t\t\t\t<\/div>\n\t\t\t\t\t<\/div>\n\t\t<\/div>\n\t\t\t\t<div class=\"elementor-column elementor-col-20 elementor-top-column elementor-element elementor-element-3e6d322b\" data-id=\"3e6d322b\" data-element_type=\"column\" data-e-type=\"column\">\n\t\t\t<div class=\"elementor-widget-wrap elementor-element-populated\">\n\t\t\t\t\t\t<div class=\"elementor-element elementor-element-2970f98 elementor-widget elementor-widget-heading\" data-id=\"2970f98\" data-element_type=\"widget\" data-e-type=\"widget\" data-widget_type=\"heading.default\">\n\t\t\t\t<div class=\"elementor-widget-container\">\n\t\t\t\t\t<h5 class=\"elementor-heading-title elementor-size-default\"><a href=\"https:\/\/missionnairesmontfortains.fr\/sitevaovao\/4-communautes\/?preview_id=28670&#038;preview_nonce=f6c8496c9b&#038;preview=true\">EN MISSION SUR LES HAUTS-LIEUX MONTFORTAINS<\/a><\/h5>\t\t\t\t<\/div>\n\t\t\t\t<\/div>\n\t\t\t\t<div class=\"elementor-element elementor-element-4b1bb4fa elementor-widget elementor-widget-image-box\" data-id=\"4b1bb4fa\" data-element_type=\"widget\" data-e-type=\"widget\" data-settings=\"{&quot;_animation&quot;:&quot;none&quot;}\" data-widget_type=\"image-box.default\">\n\t\t\t\t<div class=\"elementor-widget-container\">\n\t\t\t\t\t<div class=\"elementor-image-box-wrapper\"><div class=\"elementor-image-box-content\"><h2 class=\"elementor-image-box-title\"><a href=\"https:\/\/missionnairesmontfortains.fr\/sitevaovao\/4-communautes\/?preview_id=28670&#038;preview_nonce=f6c8496c9b&#038;preview=true\">\"Oser prendre des risques pour Dieu et pour l'Humanit\u00e9\"<\/a><\/h2><p class=\"elementor-image-box-description\">En France, les Missionnaires Montfortains sont sur 4 lieux: \nSaint-Laurent-sur-s\u00e8vre, le Calvaire de Pontch\u00e2teau, Montfort-sur-Meur et Notre-Dame du Marillais.<\/p><\/div><\/div>\t\t\t\t<\/div>\n\t\t\t\t<\/div>\n\t\t\t\t<div class=\"elementor-element elementor-element-56b4bfb9 elementor-align-center elementor-tablet-align-center elementor-mobile-align-center elementor-widget elementor-widget-button\" data-id=\"56b4bfb9\" data-element_type=\"widget\" data-e-type=\"widget\" data-widget_type=\"button.default\">\n\t\t\t\t<div class=\"elementor-widget-container\">\n\t\t\t\t\t\t\t\t\t<div class=\"elementor-button-wrapper\">\n\t\t\t\t\t<a class=\"elementor-button elementor-button-link elementor-size-md\" href=\"https:\/\/missionnairesmontfortains.fr\/sitevaovao\/4-communautes\/?preview_id=28670&#038;preview_nonce=f6c8496c9b&#038;preview=true\">\n\t\t\t\t\t\t<span class=\"elementor-button-content-wrapper\">\n\t\t\t\t\t\t\t\t\t<span class=\"elementor-button-text\">D\u00e9couvrir nos communaut\u00e9s<\/span>\n\t\t\t\t\t<\/span>\n\t\t\t\t\t<\/a>\n\t\t\t\t<\/div>\n\t\t\t\t\t\t\t\t<\/div>\n\t\t\t\t<\/div>\n\t\t\t\t\t<\/div>\n\t\t<\/div>\n\t\t\t\t\t<\/div>\n\t\t<\/section>\n\t\t<div class=\"elementor-element elementor-element-19be0ab2 e-flex e-con-boxed e-con e-parent\" data-id=\"19be0ab2\" data-element_type=\"container\" data-e-type=\"container\">\n\t\t\t\t\t<div class=\"e-con-inner\">\n\t\t\t\t<div class=\"elementor-element elementor-element-163fccb8 elementor-widget elementor-widget-image\" data-id=\"163fccb8\" data-element_type=\"widget\" data-e-type=\"widget\" data-widget_type=\"image.default\">\n\t\t\t\t<div class=\"elementor-widget-container\">\n\t\t\t\t\t\t\t\t\t\t\t\t\t\t\t<img loading=\"lazy\" decoding=\"async\" width=\"768\" height=\"1086\" src=\"https:\/\/missionnairesmontfortains.fr\/sitevaovao\/wp-content\/uploads\/2025\/10\/Affiche-Concert-Voix-de-Montfort-Clisson-768x1086.png\" class=\"attachment-medium_large size-medium_large wp-image-28825\" alt=\"\" srcset=\"https:\/\/missionnairesmontfortains.fr\/sitevaovao\/wp-content\/uploads\/2025\/10\/Affiche-Concert-Voix-de-Montfort-Clisson-768x1086.png 768w, https:\/\/missionnairesmontfortains.fr\/sitevaovao\/wp-content\/uploads\/2025\/10\/Affiche-Concert-Voix-de-Montfort-Clisson-212x300.png 212w, https:\/\/missionnairesmontfortains.fr\/sitevaovao\/wp-content\/uploads\/2025\/10\/Affiche-Concert-Voix-de-Montfort-Clisson-724x1024.png 724w, https:\/\/missionnairesmontfortains.fr\/sitevaovao\/wp-content\/uploads\/2025\/10\/Affiche-Concert-Voix-de-Montfort-Clisson-1086x1536.png 1086w, https:\/\/missionnairesmontfortains.fr\/sitevaovao\/wp-content\/uploads\/2025\/10\/Affiche-Concert-Voix-de-Montfort-Clisson-1448x2048.png 1448w, https:\/\/missionnairesmontfortains.fr\/sitevaovao\/wp-content\/uploads\/2025\/10\/Affiche-Concert-Voix-de-Montfort-Clisson.png 1587w\" sizes=\"(max-width: 768px) 100vw, 768px\" \/>\t\t\t\t\t\t\t\t\t\t\t\t\t\t\t<\/div>\n\t\t\t\t<\/div>\n\t\t\t\t\t<\/div>\n\t\t\t\t<\/div>\n\t\t<div class=\"elementor-element elementor-element-778e5a16 e-flex e-con-boxed e-con e-parent\" data-id=\"778e5a16\" data-element_type=\"container\" data-e-type=\"container\">\n\t\t\t\t\t<div class=\"e-con-inner\">\n\t\t<div class=\"elementor-element elementor-element-7195113b e-con-full e-flex e-con e-child\" data-id=\"7195113b\" data-element_type=\"container\" data-e-type=\"container\">\n\t\t\t\t<div class=\"elementor-element elementor-element-52fcdeb6 elementor-widget elementor-widget-heading\" data-id=\"52fcdeb6\" data-element_type=\"widget\" data-e-type=\"widget\" data-widget_type=\"heading.default\">\n\t\t\t\t<div class=\"elementor-widget-container\">\n\t\t\t\t\t<h1 class=\"elementor-heading-title elementor-size-default\">Restez inform\u00e9(e)<\/h1>\t\t\t\t<\/div>\n\t\t\t\t<\/div>\n\t\t\t\t<div class=\"elementor-element elementor-element-71729269 elementor-align-center elementor-widget elementor-widget-button\" data-id=\"71729269\" data-element_type=\"widget\" data-e-type=\"widget\" data-widget_type=\"button.default\">\n\t\t\t\t<div class=\"elementor-widget-container\">\n\t\t\t\t\t\t\t\t\t<div class=\"elementor-button-wrapper\">\n\t\t\t\t\t<a class=\"elementor-button elementor-button-link elementor-size-sm elementor-animation-grow\" href=\"#\">\n\t\t\t\t\t\t<span class=\"elementor-button-content-wrapper\">\n\t\t\t\t\t\t<span class=\"elementor-button-icon\">\n\t\t\t\t<svg aria-hidden=\"true\" class=\"e-font-icon-svg e-far-envelope\" viewBox=\"0 0 512 512\" xmlns=\"http:\/\/www.w3.org\/2000\/svg\"><path d=\"M464 64H48C21.49 64 0 85.49 0 112v288c0 26.51 21.49 48 48 48h416c26.51 0 48-21.49 48-48V112c0-26.51-21.49-48-48-48zm0 48v40.805c-22.422 18.259-58.168 46.651-134.587 106.49-16.841 13.247-50.201 45.072-73.413 44.701-23.208.375-56.579-31.459-73.413-44.701C106.18 199.465 70.425 171.067 48 152.805V112h416zM48 400V214.398c22.914 18.251 55.409 43.862 104.938 82.646 21.857 17.205 60.134 55.186 103.062 54.955 42.717.231 80.509-37.199 103.053-54.947 49.528-38.783 82.032-64.401 104.947-82.653V400H48z\"><\/path><\/svg>\t\t\t<\/span>\n\t\t\t\t\t\t\t\t\t<span class=\"elementor-button-text\">S'inscrire<\/span>\n\t\t\t\t\t<\/span>\n\t\t\t\t\t<\/a>\n\t\t\t\t<\/div>\n\t\t\t\t\t\t\t\t<\/div>\n\t\t\t\t<\/div>\n\t\t\t\t<div class=\"elementor-element elementor-element-771fa9e5 elementor-widget__width-inherit elementor-widget-mobile__width-inherit elementor-widget elementor-widget-text-editor\" data-id=\"771fa9e5\" data-element_type=\"widget\" data-e-type=\"widget\" data-widget_type=\"text-editor.default\">\n\t\t\t\t<div class=\"elementor-widget-container\">\n\t\t\t\t\t\t\t\t\t<p style=\"text-align: center;\">Abonnez-vous \u00e0 notre newsletter pour recevoir les derni\u00e8res m\u00e9ditations de la Parole de Dieu, les pri\u00e8res et des nouvelles<\/p><p style=\"text-align: center;\">\ud83d\ude4f <strong>Ne manquez rien de l&rsquo;audace des fils de Montfort<\/strong><\/p>\t\t\t\t\t\t\t\t<\/div>\n\t\t\t\t<\/div>\n\t\t\t\t<\/div>\n\t\t\t\t\t<\/div>\n\t\t\t\t<\/div>\n\t\t\t\t<\/div>\n\t\t","protected":false},"excerpt":{"rendered":"<p>30 novembre 2025 Ann\u00e9e A Is 2,1-5; Ps 121 (122), 1-2, 3-4ab, 4cd-5, 6-7, 8-9; Rm 13,11-14a; Mt 24,37-44 Fr\u00e8res et s\u0153urs, L\u2019Avent commence par un appel vibrant : \u00a0\u00a0\u00a0\u00a0\u00a0\u00a0\u00a0\u00a0\u00a0\u00ab Venez, montons \u00e0 la montagne du Seigneur \u00bb (Is 2,3). Ce verbe, venir, porte tout le myst\u00e8re de notre foi. Dieu vient \u00e0 nous pour [&hellip;]<\/p>\n","protected":false},"author":3,"featured_media":29570,"comment_status":"closed","ping_status":"open","sticky":true,"template":"","format":"standard","meta":{"content-type":"","_uag_custom_page_level_css":"","site-sidebar-layout":"default","site-content-layout":"","ast-site-content-layout":"default","site-content-style":"default","site-sidebar-style":"default","ast-global-header-display":"","ast-banner-title-visibility":"","ast-main-header-display":"","ast-hfb-above-header-display":"","ast-hfb-below-header-display":"","ast-hfb-mobile-header-display":"","site-post-title":"disabled","ast-breadcrumbs-content":"","ast-featured-img":"disabled","footer-sml-layout":"","theme-transparent-header-meta":"","adv-header-id-meta":"","stick-header-meta":"","header-above-stick-meta":"","header-main-stick-meta":"","header-below-stick-meta":"","astra-migrate-meta-layouts":"set","ast-page-background-enabled":"default","ast-page-background-meta":{"desktop":{"background-color":"","background-image":"","background-repeat":"repeat","background-position":"center center","background-size":"auto","background-attachment":"scroll","background-type":"","background-media":"","overlay-type":"","overlay-color":"","overlay-opacity":"","overlay-gradient":""},"tablet":{"background-color":"","background-image":"","background-repeat":"repeat","background-position":"center center","background-size":"auto","background-attachment":"scroll","background-type":"","background-media":"","overlay-type":"","overlay-color":"","overlay-opacity":"","overlay-gradient":""},"mobile":{"background-color":"","background-image":"","background-repeat":"repeat","background-position":"center center","background-size":"auto","background-attachment":"scroll","background-type":"","background-media":"","overlay-type":"","overlay-color":"","overlay-opacity":"","overlay-gradient":""}},"ast-content-background-meta":{"desktop":{"background-color":"var(--ast-global-color-5)","background-image":"","background-repeat":"repeat","background-position":"center center","background-size":"auto","background-attachment":"scroll","background-type":"","background-media":"","overlay-type":"","overlay-color":"","overlay-opacity":"","overlay-gradient":""},"tablet":{"background-color":"var(--ast-global-color-5)","background-image":"","background-repeat":"repeat","background-position":"center center","background-size":"auto","background-attachment":"scroll","background-type":"","background-media":"","overlay-type":"","overlay-color":"","overlay-opacity":"","overlay-gradient":""},"mobile":{"background-color":"var(--ast-global-color-5)","background-image":"","background-repeat":"repeat","background-position":"center center","background-size":"auto","background-attachment":"scroll","background-type":"","background-media":"","overlay-type":"","overlay-color":"","overlay-opacity":"","overlay-gradient":""}},"footnotes":""},"categories":[44],"tags":[],"class_list":["post-29564","post","type-post","status-publish","format-standard","has-post-thumbnail","hentry","category-relais-devangile"],"uagb_featured_image_src":{"full":["https:\/\/missionnairesmontfortains.fr\/sitevaovao\/wp-content\/uploads\/2025\/11\/1DimAventA04.jpg",1279,847,false],"thumbnail":["https:\/\/missionnairesmontfortains.fr\/sitevaovao\/wp-content\/uploads\/2025\/11\/1DimAventA04-150x150.jpg",150,150,true],"medium":["https:\/\/missionnairesmontfortains.fr\/sitevaovao\/wp-content\/uploads\/2025\/11\/1DimAventA04-300x199.jpg",300,199,true],"medium_large":["https:\/\/missionnairesmontfortains.fr\/sitevaovao\/wp-content\/uploads\/2025\/11\/1DimAventA04-768x509.jpg",768,509,true],"large":["https:\/\/missionnairesmontfortains.fr\/sitevaovao\/wp-content\/uploads\/2025\/11\/1DimAventA04-1024x678.jpg",1024,678,true],"1536x1536":["https:\/\/missionnairesmontfortains.fr\/sitevaovao\/wp-content\/uploads\/2025\/11\/1DimAventA04.jpg",1279,847,false],"2048x2048":["https:\/\/missionnairesmontfortains.fr\/sitevaovao\/wp-content\/uploads\/2025\/11\/1DimAventA04.jpg",1279,847,false]},"uagb_author_info":{"display_name":"Daniel Busnel","author_link":""},"uagb_comment_info":0,"uagb_excerpt":"30 novembre 2025 Ann\u00e9e A Is 2,1-5; Ps 121 (122), 1-2, 3-4ab, 4cd-5, 6-7, 8-9; Rm 13,11-14a; Mt 24,37-44 Fr\u00e8res et s\u0153urs, L\u2019Avent commence par un appel vibrant : \u00a0\u00a0\u00a0\u00a0\u00a0\u00a0\u00a0\u00a0\u00a0\u00ab Venez, montons \u00e0 la montagne du Seigneur \u00bb (Is 2,3). Ce verbe, venir, porte tout le myst\u00e8re de notre foi. Dieu vient \u00e0 nous pour\u2026","_links":{"self":[{"href":"https:\/\/missionnairesmontfortains.fr\/sitevaovao\/wp-json\/wp\/v2\/posts\/29564","targetHints":{"allow":["GET"]}}],"collection":[{"href":"https:\/\/missionnairesmontfortains.fr\/sitevaovao\/wp-json\/wp\/v2\/posts"}],"about":[{"href":"https:\/\/missionnairesmontfortains.fr\/sitevaovao\/wp-json\/wp\/v2\/types\/post"}],"author":[{"embeddable":true,"href":"https:\/\/missionnairesmontfortains.fr\/sitevaovao\/wp-json\/wp\/v2\/users\/3"}],"replies":[{"embeddable":true,"href":"https:\/\/missionnairesmontfortains.fr\/sitevaovao\/wp-json\/wp\/v2\/comments?post=29564"}],"version-history":[{"count":10,"href":"https:\/\/missionnairesmontfortains.fr\/sitevaovao\/wp-json\/wp\/v2\/posts\/29564\/revisions"}],"predecessor-version":[{"id":29589,"href":"https:\/\/missionnairesmontfortains.fr\/sitevaovao\/wp-json\/wp\/v2\/posts\/29564\/revisions\/29589"}],"wp:featuredmedia":[{"embeddable":true,"href":"https:\/\/missionnairesmontfortains.fr\/sitevaovao\/wp-json\/wp\/v2\/media\/29570"}],"wp:attachment":[{"href":"https:\/\/missionnairesmontfortains.fr\/sitevaovao\/wp-json\/wp\/v2\/media?parent=29564"}],"wp:term":[{"taxonomy":"category","embeddable":true,"href":"https:\/\/missionnairesmontfortains.fr\/sitevaovao\/wp-json\/wp\/v2\/categories?post=29564"},{"taxonomy":"post_tag","embeddable":true,"href":"https:\/\/missionnairesmontfortains.fr\/sitevaovao\/wp-json\/wp\/v2\/tags?post=29564"}],"curies":[{"name":"wp","href":"https:\/\/api.w.org\/{rel}","templated":true}]}}