{"id":29393,"date":"2025-11-13T10:39:09","date_gmt":"2025-11-13T10:39:09","guid":{"rendered":"https:\/\/missionnairesmontfortains.fr\/sitevaovao\/?p=29393"},"modified":"2025-12-22T07:58:32","modified_gmt":"2025-12-22T07:58:32","slug":"jubile-de-la-spiritualite-mariale","status":"publish","type":"post","link":"https:\/\/missionnairesmontfortains.fr\/sitevaovao\/jubile-de-la-spiritualite-mariale\/","title":{"rendered":"Jubil\u00e9 de la Spiritualit\u00e9 Mariale"},"content":{"rendered":"\t\t<div data-elementor-type=\"wp-post\" data-elementor-id=\"29393\" class=\"elementor elementor-29393\">\n\t\t\t\t<div class=\"elementor-element elementor-element-4da84b1 e-flex e-con-boxed e-con e-parent\" data-id=\"4da84b1\" data-element_type=\"container\" data-e-type=\"container\">\n\t\t\t\t\t<div class=\"e-con-inner\">\n\t\t\t\t<div class=\"elementor-element elementor-element-464801f elementor-widget elementor-widget-image\" data-id=\"464801f\" data-element_type=\"widget\" data-e-type=\"widget\" data-widget_type=\"image.default\">\n\t\t\t\t<div class=\"elementor-widget-container\">\n\t\t\t\t\t\t\t\t\t\t\t\t\t\t\t\t<a href=\"https:\/\/missionnairesmontfortains.fr\/sitevaovao\/wp-content\/uploads\/2025\/11\/NU-FRA-1303-FR-Jubile-de-la-Spiritualite-Mariale.pdf\">\n\t\t\t\t\t\t\t<img decoding=\"async\" width=\"55\" height=\"67\" src=\"https:\/\/missionnairesmontfortains.fr\/sitevaovao\/wp-content\/uploads\/2025\/10\/telechargement-e1760478313423.png\" class=\"attachment-large size-large wp-image-28346\" alt=\"\" \/>\t\t\t\t\t\t\t\t<\/a>\n\t\t\t\t\t\t\t\t\t\t\t\t\t\t\t<\/div>\n\t\t\t\t<\/div>\n\t\t\t\t\t<\/div>\n\t\t\t\t<\/div>\n\t\t<div class=\"elementor-element elementor-element-9342e8d e-flex e-con-boxed e-con e-parent\" data-id=\"9342e8d\" data-element_type=\"container\" data-e-type=\"container\">\n\t\t\t\t\t<div class=\"e-con-inner\">\n\t\t\t\t<div class=\"elementor-element elementor-element-05eb263 elementor-widget elementor-widget-text-editor\" data-id=\"05eb263\" data-element_type=\"widget\" data-e-type=\"widget\" data-widget_type=\"text-editor.default\">\n\t\t\t\t<div class=\"elementor-widget-container\">\n\t\t\t\t\t\t\t\t\t<p>NU-FRA-1303\u00a0 \u00a0&#8211;\u00a0 \u00a02025-10-24<\/p><p><strong>Jubil\u00e9 de la Spiritualit\u00e9 Mariale<\/strong><\/p><p><strong>PONTCH\u00c2TEAU, France<\/strong>\u2013 Le Jubil\u00e9 de l\u2019Esp\u00e9rance a \u00e9t\u00e9 une occasion pour la Fraternit\u00e9 Mariale Montfortaine (FMM) de franchir la Porte Sainte \u00e0 Rome, lors du Jubil\u00e9 de la Spiritualit\u00e9 Mariale qui s\u2019est tenu les 11 et 12 octobre 2025.<\/p><p>En tant qu\u2019associ\u00e9s montfortains, quatorze personnes de France ont v\u00e9cu ensemble le Jubil\u00e9 \u00e0 Rome. Nous avons \u00e9t\u00e9 rejoints par trois associ\u00e9es norv\u00e9giennes : Jofrid, Adriana et Lomita.<\/p><p>Ce fut une grande richesse d\u2019exp\u00e9rience, bien que de provenance et d\u2019horizons tr\u00e8s divers, au niveau de l\u2019\u00e2ge, du milieu professionnel, de la spiritualit\u00e9. Nous avons march\u00e9 ensemble comme une seule famille dans les rues de Rome, partageant et t\u00e9moignant divers aspects de nos vies et de notre culture. Ce qui nous a unis dans notre diversit\u00e9 c\u2019est que nous sommes tous enfants de Dieu, \u00e0 l\u2019aise dans nos diff\u00e9rentes mani\u00e8res de suivre le Christ.<\/p><p>Le jeudi, 9 octobre 2025, nous sommes donc partis du Calvaire de Pontch\u00e2teau, \u00e0 4h30 du matin, pour l\u2019a\u00e9roport de Nantes, conduits par le p\u00e8re Santino avec le minibus de la communaut\u00e9.<\/p><p>Pour l\u2019h\u00e9bergement, nous avons \u00e9t\u00e9 accueillis \u00e0 la maison g\u00e9n\u00e9rale des Fr\u00e8res de Saint Gabriel. Nous avons \u00e9t\u00e9 touch\u00e9s par l\u2019accueil chaleureux des Fr\u00e8res et leur joyeuse disponibilit\u00e9. Une immense merci \u00e0 nos h\u00f4tes : le fr\u00e8re Dionigi, le fr\u00e8re Michael et le fr\u00e8re Jean-Marie Ndour.<\/p><p>Pareillement, nous avons re\u00e7u le m\u00eame accueil chez les Missionnaires Montfortains \u00e0 la maison g\u00e9n\u00e9rale\u00a0 o\u00f9 le\u00a0 p\u00e8re Dwi,\u00a0 le p\u00e8re Marco\u00a0 et les\u00a0 autres membres\u00a0 de la communaut\u00e9 nous ont re\u00e7us dans la joie. D\u00e9j\u00e0, que dire de la disponibilit\u00e9 \u00e0 toute \u00e9preuve du fr\u00e8re D\u00e9sir\u00e9, du p\u00e8re Bala et du p\u00e8re Jailos pour assurer les navettes en voiture aux aurores afin d\u2019\u00e9viter les longues files d\u2019attente \u00e0 St Pierre ! Cet accueil chaleureux et permanent a contribu\u00e9 grandement \u00e0 garder un esprit serein pour rester dans la paix et le recueillement.<\/p><p>Pour entrer dans la d\u00e9marche du passage de la Porte Sainte, nous avons re\u00e7u un enseignement dans la chapelle des Fr\u00e8res, par le fr\u00e8re Jean-Marie Ndour, fsg, qui nous a parl\u00e9 du Jubil\u00e9 en trois parties : son histoire, sa signification et sa pratique. C\u2019\u00e9tait une bonne entr\u00e9e en mati\u00e8re, avant la c\u00e9l\u00e9bration de la messe d\u2019ouverture du p\u00e8lerinage.<\/p><p>Le vendredi 10 octobre, nous avons fait notre d\u00e9marche jubilaire \u00e0 la basilique Saint- Pierre. Nous avons d\u00e9but\u00e9 la journ\u00e9e avec la messe \u00e0 7h30, c\u00e9l\u00e9br\u00e9e dans la chapelle Saint Joseph de la basilique Saint-Pierre.<\/p><p>Le franchissement de la Porte Sainte est un acte spirituel fort pour toute personne qui veut placer sa vie dans les mains de Dieu, en J\u00e9sus Christ. Cet acte signifie le passage vers le salut et la mis\u00e9ricorde divine. En franchissant la Porte Sainte, les p\u00e8lerins manifestent leur d\u00e9sir de conversion et de renouvellement spirituel. Elle marque un passage d\u00e9lib\u00e9r\u00e9 entre le monde terrestre et un espace sacr\u00e9 li\u00e9 \u00e0 la purification spirituelle, au pardon, et \u00e0 la r\u00e9conciliation, ouvrant la voie \u00e0 la transformation int\u00e9rieure et \u00e0 la connexion avec le Seigneur.<\/p><p>Nous avons re\u00e7u ensuite, gr\u00e2ce aux pr\u00eatres qui nous accompagnaient, le sacrement de la R\u00e9conciliation, puis nous avons pris un temps devant le Saint Sacrement expos\u00e9 pour accueillir la gr\u00e2ce du Jubil\u00e9 et pr\u00e9parer nos c\u0153urs au renouvellement des promesses de notre bapt\u00eame du lendemain.<\/p><p>L\u2019apr\u00e8s-midi nous sommes all\u00e9s nous recueillir \u00e0 la Basilique Sainte Marie Majeure, puis nous avons march\u00e9 vers le Colis\u00e9e, lieu des premiers martyrs chr\u00e9tiens.<\/p><p>Nous avons v\u00e9cu la matin\u00e9e du samedi 11 octobre 2025 \u00e0 la chapelle des Missionnaires Montfortains. A 10h00, l\u2019adoration eucharistique puis la v\u00e9n\u00e9ration des reliques du P\u00e8re de Montfort et de la Bse Marie-Louise de J\u00e9sus, la c\u00e9l\u00e9bration de la cons\u00e9cration de nous-m\u00eames \u00e0 J\u00e9sus-Christ, la Sagesse incarn\u00e9e, par les mains de Marie au cours de la messe pr\u00e9par\u00e9e et c\u00e9l\u00e9br\u00e9e par le p\u00e8re Arnold, accompagn\u00e9 par le p\u00e8re Willi pour les chants nous ont recentr\u00e9s au sein de la spiritualit\u00e9 Montfortaine. Ce fut l\u2019un des moments forts de notre p\u00e8lerinage. Beaucoup d\u2019entre nous ont \u00e9t\u00e9 touch\u00e9s par la beaut\u00e9 lumineuse de la chapelle, l\u2019atmosph\u00e8re de ferveur dans la pri\u00e8re et la chaleur qui r\u00e9gnaient tout au long de la c\u00e9l\u00e9bration.<\/p><p>Dans l\u2019apr\u00e8s-midi, nous voil\u00e0 de nouveau sur la place Saint-Pierre pour la veill\u00e9e mariale avec le pape L\u00e9on XIV et une assistance de 30.000 fid\u00e8les.<\/p><p>Le message principal du pape : l\u2019appel \u00e0 \u00eatre des b\u00e2tisseurs de ponts et des diffuseurs d\u2019une culture de la rencontre. Le pape nous a encourag\u00e9s \u00e0 ne jamais cesser de prier pour la paix, \u00ab don de Dieu qui doit devenir notre conqu\u00eate et notre engagement \u00bb.<\/p><p>Le dimanche 12 octobre, c\u2019\u00e9tait la messe du 28\u00e8me dimanche du temps ordinaire, place Saint Pierre. Au terme de la messe, L\u00e9on XIV a repris opportun\u00e9ment le th\u00e8me de la spiritualit\u00e9 mariale en affirmant : \u00ab La spiritualit\u00e9 mariale, qui nourrit notre foi, a J\u00e9sus pour centre \u00bb.<\/p><p>Au terme de ce p\u00e8lerinage empreint de joie fraternelle sur le th\u00e8me \u00ab P\u00e8lerins de l\u2019Esp\u00e9rance \u00bb, chacun de nous a r\u00e9fl\u00e9chi sur son chemin de foi et, par le renouvellement de son engagement baptismal, \u00e0 r\u00e9pandre l\u2019esp\u00e9rance et l\u2019amour dans le monde o\u00f9 nous vivons. C\u2019est en effet J\u00e9sus qui nous donne toutes les raisons d\u2019esp\u00e9rer et de nous r\u00e9jouir. C\u2019est Lui qui peut transformer nos vies et illuminer notre esp\u00e9rance. Nous avons approfondi et m\u00fbri dans notre c\u0153ur la notion de disciples missionnaires.<\/p><p><em>Josiane Peltier,\u00a0<br \/><\/em><em>Coordinatrice<\/em> <em>de la Fraternit\u00e9 Mariale Montfortaine (FMM)<br \/><\/em><em>Pontch\u00e2teau, France<\/em><\/p>\t\t\t\t\t\t\t\t<\/div>\n\t\t\t\t<\/div>\n\t\t\t\t\t<\/div>\n\t\t\t\t<\/div>\n\t\t\t\t<\/div>\n\t\t","protected":false},"excerpt":{"rendered":"<p>NU-FRA-1303\u00a0 \u00a0&#8211;\u00a0 \u00a02025-10-24 Jubil\u00e9 de la Spiritualit\u00e9 Mariale PONTCH\u00c2TEAU, France\u2013 Le Jubil\u00e9 de l\u2019Esp\u00e9rance a \u00e9t\u00e9 une occasion pour la Fraternit\u00e9 Mariale Montfortaine (FMM) de franchir la Porte Sainte \u00e0 Rome, lors du Jubil\u00e9 de la Spiritualit\u00e9 Mariale qui s\u2019est tenu les 11 et 12 octobre 2025. En tant qu\u2019associ\u00e9s montfortains, quatorze personnes de France [&hellip;]<\/p>\n","protected":false},"author":3,"featured_media":29398,"comment_status":"closed","ping_status":"closed","sticky":true,"template":"","format":"standard","meta":{"content-type":"","_uag_custom_page_level_css":"","site-sidebar-layout":"default","site-content-layout":"","ast-site-content-layout":"default","site-content-style":"default","site-sidebar-style":"default","ast-global-header-display":"","ast-banner-title-visibility":"","ast-main-header-display":"","ast-hfb-above-header-display":"","ast-hfb-below-header-display":"","ast-hfb-mobile-header-display":"","site-post-title":"","ast-breadcrumbs-content":"","ast-featured-img":"","footer-sml-layout":"","theme-transparent-header-meta":"","adv-header-id-meta":"","stick-header-meta":"","header-above-stick-meta":"","header-main-stick-meta":"","header-below-stick-meta":"","astra-migrate-meta-layouts":"set","ast-page-background-enabled":"default","ast-page-background-meta":{"desktop":{"background-color":"","background-image":"","background-repeat":"repeat","background-position":"center center","background-size":"auto","background-attachment":"scroll","background-type":"","background-media":"","overlay-type":"","overlay-color":"","overlay-opacity":"","overlay-gradient":""},"tablet":{"background-color":"","background-image":"","background-repeat":"repeat","background-position":"center center","background-size":"auto","background-attachment":"scroll","background-type":"","background-media":"","overlay-type":"","overlay-color":"","overlay-opacity":"","overlay-gradient":""},"mobile":{"background-color":"","background-image":"","background-repeat":"repeat","background-position":"center center","background-size":"auto","background-attachment":"scroll","background-type":"","background-media":"","overlay-type":"","overlay-color":"","overlay-opacity":"","overlay-gradient":""}},"ast-content-background-meta":{"desktop":{"background-color":"var(--ast-global-color-5)","background-image":"","background-repeat":"repeat","background-position":"center center","background-size":"auto","background-attachment":"scroll","background-type":"","background-media":"","overlay-type":"","overlay-color":"","overlay-opacity":"","overlay-gradient":""},"tablet":{"background-color":"var(--ast-global-color-5)","background-image":"","background-repeat":"repeat","background-position":"center center","background-size":"auto","background-attachment":"scroll","background-type":"","background-media":"","overlay-type":"","overlay-color":"","overlay-opacity":"","overlay-gradient":""},"mobile":{"background-color":"var(--ast-global-color-5)","background-image":"","background-repeat":"repeat","background-position":"center center","background-size":"auto","background-attachment":"scroll","background-type":"","background-media":"","overlay-type":"","overlay-color":"","overlay-opacity":"","overlay-gradient":""}},"footnotes":""},"categories":[49],"tags":[],"class_list":["post-29393","post","type-post","status-publish","format-standard","has-post-thumbnail","hentry","category-actualites"],"uagb_featured_image_src":{"full":["https:\/\/missionnairesmontfortains.fr\/sitevaovao\/wp-content\/uploads\/2025\/11\/1303-FMM.jpg",605,454,false],"thumbnail":["https:\/\/missionnairesmontfortains.fr\/sitevaovao\/wp-content\/uploads\/2025\/11\/1303-FMM-150x150.jpg",150,150,true],"medium":["https:\/\/missionnairesmontfortains.fr\/sitevaovao\/wp-content\/uploads\/2025\/11\/1303-FMM-300x225.jpg",300,225,true],"medium_large":["https:\/\/missionnairesmontfortains.fr\/sitevaovao\/wp-content\/uploads\/2025\/11\/1303-FMM.jpg",605,454,false],"large":["https:\/\/missionnairesmontfortains.fr\/sitevaovao\/wp-content\/uploads\/2025\/11\/1303-FMM.jpg",605,454,false],"1536x1536":["https:\/\/missionnairesmontfortains.fr\/sitevaovao\/wp-content\/uploads\/2025\/11\/1303-FMM.jpg",605,454,false],"2048x2048":["https:\/\/missionnairesmontfortains.fr\/sitevaovao\/wp-content\/uploads\/2025\/11\/1303-FMM.jpg",605,454,false]},"uagb_author_info":{"display_name":"Daniel Busnel","author_link":""},"uagb_comment_info":0,"uagb_excerpt":"NU-FRA-1303\u00a0 \u00a0&#8211;\u00a0 \u00a02025-10-24 Jubil\u00e9 de la Spiritualit\u00e9 Mariale PONTCH\u00c2TEAU, France\u2013 Le Jubil\u00e9 de l\u2019Esp\u00e9rance a \u00e9t\u00e9 une occasion pour la Fraternit\u00e9 Mariale Montfortaine (FMM) de franchir la Porte Sainte \u00e0 Rome, lors du Jubil\u00e9 de la Spiritualit\u00e9 Mariale qui s\u2019est tenu les 11 et 12 octobre 2025. En tant qu\u2019associ\u00e9s montfortains, quatorze personnes de France\u2026","_links":{"self":[{"href":"https:\/\/missionnairesmontfortains.fr\/sitevaovao\/wp-json\/wp\/v2\/posts\/29393","targetHints":{"allow":["GET"]}}],"collection":[{"href":"https:\/\/missionnairesmontfortains.fr\/sitevaovao\/wp-json\/wp\/v2\/posts"}],"about":[{"href":"https:\/\/missionnairesmontfortains.fr\/sitevaovao\/wp-json\/wp\/v2\/types\/post"}],"author":[{"embeddable":true,"href":"https:\/\/missionnairesmontfortains.fr\/sitevaovao\/wp-json\/wp\/v2\/users\/3"}],"replies":[{"embeddable":true,"href":"https:\/\/missionnairesmontfortains.fr\/sitevaovao\/wp-json\/wp\/v2\/comments?post=29393"}],"version-history":[{"count":8,"href":"https:\/\/missionnairesmontfortains.fr\/sitevaovao\/wp-json\/wp\/v2\/posts\/29393\/revisions"}],"predecessor-version":[{"id":29403,"href":"https:\/\/missionnairesmontfortains.fr\/sitevaovao\/wp-json\/wp\/v2\/posts\/29393\/revisions\/29403"}],"wp:featuredmedia":[{"embeddable":true,"href":"https:\/\/missionnairesmontfortains.fr\/sitevaovao\/wp-json\/wp\/v2\/media\/29398"}],"wp:attachment":[{"href":"https:\/\/missionnairesmontfortains.fr\/sitevaovao\/wp-json\/wp\/v2\/media?parent=29393"}],"wp:term":[{"taxonomy":"category","embeddable":true,"href":"https:\/\/missionnairesmontfortains.fr\/sitevaovao\/wp-json\/wp\/v2\/categories?post=29393"},{"taxonomy":"post_tag","embeddable":true,"href":"https:\/\/missionnairesmontfortains.fr\/sitevaovao\/wp-json\/wp\/v2\/tags?post=29393"}],"curies":[{"name":"wp","href":"https:\/\/api.w.org\/{rel}","templated":true}]}}