{"id":29376,"date":"2025-11-12T20:18:10","date_gmt":"2025-11-12T20:18:10","guid":{"rendered":"https:\/\/missionnairesmontfortains.fr\/sitevaovao\/?p=29376"},"modified":"2025-11-12T20:19:00","modified_gmt":"2025-11-12T20:19:00","slug":"elementor-29376","status":"publish","type":"post","link":"https:\/\/missionnairesmontfortains.fr\/sitevaovao\/elementor-29376\/","title":{"rendered":"Elementor #29376"},"content":{"rendered":"\t\t<div data-elementor-type=\"wp-post\" data-elementor-id=\"29376\" class=\"elementor elementor-29376\">\n\t\t\t\t\t\t<section class=\"elementor-section elementor-top-section elementor-element elementor-element-21cac8a6 elementor-section-content-middle elementor-section-full_width elementor-section-height-default elementor-section-height-default\" data-id=\"21cac8a6\" data-element_type=\"section\" data-e-type=\"section\" data-settings=\"{&quot;background_background&quot;:&quot;classic&quot;}\">\n\t\t\t\t\t\t<div class=\"elementor-container elementor-column-gap-no\">\n\t\t\t\t\t<div class=\"elementor-column elementor-col-100 elementor-top-column elementor-element elementor-element-5f8c6aae\" data-id=\"5f8c6aae\" data-element_type=\"column\" data-e-type=\"column\">\n\t\t\t<div class=\"elementor-widget-wrap elementor-element-populated\">\n\t\t\t\t\t\t<div class=\"elementor-element elementor-element-13afc7dc elementor-widget elementor-widget-heading\" data-id=\"13afc7dc\" data-element_type=\"widget\" data-e-type=\"widget\" data-widget_type=\"heading.default\">\n\t\t\t\t<div class=\"elementor-widget-container\">\n\t\t\t\t\t<h3 class=\"elementor-heading-title elementor-size-default\">P\u00e8lerins de l\u2019esp\u00e9rance Jubil\u00e9 de la spiritualit\u00e9 Mariale<\/h3>\t\t\t\t<\/div>\n\t\t\t\t<\/div>\n\t\t\t\t<div class=\"elementor-element elementor-element-5304860 elementor-widget elementor-widget-image\" data-id=\"5304860\" data-element_type=\"widget\" data-e-type=\"widget\" data-widget_type=\"image.default\">\n\t\t\t\t<div class=\"elementor-widget-container\">\n\t\t\t\t\t\t\t\t\t\t\t\t\t\t\t<img fetchpriority=\"high\" decoding=\"async\" width=\"768\" height=\"446\" src=\"https:\/\/missionnairesmontfortains.fr\/sitevaovao\/wp-content\/uploads\/2025\/11\/1305-01-768x446.jpg\" class=\"attachment-medium_large size-medium_large wp-image-29317\" alt=\"\" srcset=\"https:\/\/missionnairesmontfortains.fr\/sitevaovao\/wp-content\/uploads\/2025\/11\/1305-01-768x446.jpg 768w, https:\/\/missionnairesmontfortains.fr\/sitevaovao\/wp-content\/uploads\/2025\/11\/1305-01-300x174.jpg 300w, https:\/\/missionnairesmontfortains.fr\/sitevaovao\/wp-content\/uploads\/2025\/11\/1305-01.jpg 829w\" sizes=\"(max-width: 768px) 100vw, 768px\" \/>\t\t\t\t\t\t\t\t\t\t\t\t\t\t\t<\/div>\n\t\t\t\t<\/div>\n\t\t\t\t<div class=\"elementor-element elementor-element-4a34220d elementor-widget elementor-widget-text-editor\" data-id=\"4a34220d\" data-element_type=\"widget\" data-e-type=\"widget\" data-widget_type=\"text-editor.default\">\n\t\t\t\t<div class=\"elementor-widget-container\">\n\t\t\t\t\t\t\t\t\t<p>Voici un bref r\u00e9cit de l\u2019exp\u00e9rience de Lomita, une Associ\u00e9e montfortaine de Bergen, en Norv\u00e8ge, qui a entrepris un p\u00e8lerinage \u00e0 Rome pour participer au Jubil\u00e9 de spiritualit\u00e9 mariale les 11 et 12 octobre. Durant ce p\u00e8lerinage, elle et deux Associ\u00e9es de Bergen ont s\u00e9journ\u00e9 \u00e0 la Maison g\u00e9n\u00e9ralice des Missionnaires Montfortains. Tout au long du p\u00e8lerinage, une s\u00e9rie d\u2019activit\u00e9s conjointes ont \u00e9t\u00e9 men\u00e9es avec des Associ\u00e9es de France.<\/p><p><strong>BERGEN, Norv\u00e8ge\u00a0<\/strong>\u2013 Notre Dieu est bon, aimant, tendre et mis\u00e9ricordieux. Il est plus proche que notre souffle. En route pour Rome, j\u2019ai r\u00e9alis\u00e9 qu\u2019il me conduisait \u00e0 ce que j\u2019avais perdu ces derni\u00e8res ann\u00e9es : l\u2019esp\u00e9rance !<\/p><p>En poursuivant notre p\u00e8lerinage, nous avons fait l\u2019exp\u00e9rience de l\u2019amour bienveillant de Dieu \u00e0 travers Dieu lui-m\u00eame. Je l\u2019ai \u00e9galement v\u00e9cu \u00e0 travers sa m\u00e8re, Maman Marie ! J\u2019ai constat\u00e9 la m\u00eame chose avec mes fr\u00e8res et s\u0153urs. Nous avons eu Je plaisir de rencontrer notre pape L\u00e9on XIV pendant Je p\u00e8lerinage . Nous avons pri\u00e9 Je rosaire, particip\u00e9 \u00e0 l\u2019adoration et c\u00e9l\u00e9br\u00e9 la messe avec lui. J\u2019ai \u00e9t\u00e9 profond\u00e9ment touch\u00e9e par l\u2019amiti\u00e9 et les pri\u00e8res partag\u00e9es avec les autres p\u00e8lerins et avec notre pape. J\u2019ai rencontr\u00e9 des gens bienveillants et inspirants.<\/p><p>Pendant notre p\u00e8lerinage, nous avons s\u00e9journ\u00e9 chez les Missionnaires Montfortains. Leur gentillesse et leur attention ont rendu notre exp\u00e9rience vraiment sp\u00e9ciale. Nous avons \u00e9t\u00e9 accueillies chaleureusement par leur communaut\u00e9. Ils ont tous fait de leur mieux pour que nous nous sentions \u00e0 l\u2019aise.<\/p><p>Ce p\u00e8lerinage m\u2019a montr\u00e9 que J\u00e9sus est toujours notre esp\u00e9rance, pour moi et pour nous tous. Dieu est avec nous au milieu de tout cela. La pr\u00e9sence de Notre Seigneur et de sa m\u00e8re m\u2019a redonn\u00e9 l\u2019esp\u00e9rance que j\u2019avais perdu.<\/p><p>Ce sont les b\u00e9n\u00e9dictions que j\u2019ai re\u00e7ues, et je suis certain que ses b\u00e9n\u00e9dictions sont bien plus profondes que je ne peux l\u2019imaginer.<\/p><p><em>Lomita Baheru Gabremichael<\/em><\/p>\t\t\t\t\t\t\t\t<\/div>\n\t\t\t\t<\/div>\n\t\t\t\t<div class=\"elementor-element elementor-element-7b508ebe elementor-widget-divider--view-line elementor-widget elementor-widget-divider\" data-id=\"7b508ebe\" data-element_type=\"widget\" data-e-type=\"widget\" data-widget_type=\"divider.default\">\n\t\t\t\t<div class=\"elementor-widget-container\">\n\t\t\t\t\t\t\t<div class=\"elementor-divider\">\n\t\t\t<span class=\"elementor-divider-separator\">\n\t\t\t\t\t\t<\/span>\n\t\t<\/div>\n\t\t\t\t\t\t<\/div>\n\t\t\t\t<\/div>\n\t\t\t\t<div class=\"elementor-element elementor-element-7d94e043 elementor-tablet-align-start elementor-icon-list--layout-traditional elementor-list-item-link-full_width elementor-widget elementor-widget-icon-list\" data-id=\"7d94e043\" data-element_type=\"widget\" data-e-type=\"widget\" data-widget_type=\"icon-list.default\">\n\t\t\t\t<div class=\"elementor-widget-container\">\n\t\t\t\t\t\t\t<ul class=\"elementor-icon-list-items\">\n\t\t\t\t\t\t\t<li class=\"elementor-icon-list-item\">\n\t\t\t\t\t\t\t\t\t\t\t<span class=\"elementor-icon-list-icon\">\n\t\t\t\t\t\t\t<svg aria-hidden=\"true\" class=\"e-font-icon-svg e-fas-file-pdf\" viewBox=\"0 0 384 512\" xmlns=\"http:\/\/www.w3.org\/2000\/svg\"><path d=\"M181.9 256.1c-5-16-4.9-46.9-2-46.9 8.4 0 7.6 36.9 2 46.9zm-1.7 47.2c-7.7 20.2-17.3 43.3-28.4 62.7 18.3-7 39-17.2 62.9-21.9-12.7-9.6-24.9-23.4-34.5-40.8zM86.1 428.1c0 .8 13.2-5.4 34.9-40.2-6.7 6.3-29.1 24.5-34.9 40.2zM248 160h136v328c0 13.3-10.7 24-24 24H24c-13.3 0-24-10.7-24-24V24C0 10.7 10.7 0 24 0h200v136c0 13.2 10.8 24 24 24zm-8 171.8c-20-12.2-33.3-29-42.7-53.8 4.5-18.5 11.6-46.6 6.2-64.2-4.7-29.4-42.4-26.5-47.8-6.8-5 18.3-.4 44.1 8.1 77-11.6 27.6-28.7 64.6-40.8 85.8-.1 0-.1.1-.2.1-27.1 13.9-73.6 44.5-54.5 68 5.6 6.9 16 10 21.5 10 17.9 0 35.7-18 61.1-61.8 25.8-8.5 54.1-19.1 79-23.2 21.7 11.8 47.1 19.5 64 19.5 29.2 0 31.2-32 19.7-43.4-13.9-13.6-54.3-9.7-73.6-7.2zM377 105L279 7c-4.5-4.5-10.6-7-17-7h-6v128h128v-6.1c0-6.3-2.5-12.4-7-16.9zm-74.1 255.3c4.1-2.7-2.5-11.9-42.8-9 37.1 15.8 42.8 9 42.8 9z\"><\/path><\/svg>\t\t\t\t\t\t<\/span>\n\t\t\t\t\t\t\t\t\t\t<span class=\"elementor-icon-list-text\">T\u00e9l\u00e9charger le PDF<\/span>\n\t\t\t\t\t\t\t\t\t<\/li>\n\t\t\t\t\t\t<\/ul>\n\t\t\t\t\t\t<\/div>\n\t\t\t\t<\/div>\n\t\t\t\t\t<\/div>\n\t\t<\/div>\n\t\t\t\t\t<\/div>\n\t\t<\/section>\n\t\t<div class=\"elementor-element elementor-element-58931138 e-con-full e-flex e-con e-parent\" data-id=\"58931138\" data-element_type=\"container\" data-e-type=\"container\">\n\t\t\t\t<div class=\"elementor-element elementor-element-7a69c1f5 elementor-widget elementor-widget-heading\" data-id=\"7a69c1f5\" data-element_type=\"widget\" data-e-type=\"widget\" data-widget_type=\"heading.default\">\n\t\t\t\t<div class=\"elementor-widget-container\">\n\t\t\t\t\t<h1 class=\"elementor-heading-title elementor-size-default\">Autres actualit\u00e9s r\u00e9centes<\/h1>\t\t\t\t<\/div>\n\t\t\t\t<\/div>\n\t\t\t\t<div class=\"elementor-element elementor-element-7ea3e0d4 elementor-widget elementor-widget-contentviews_widget_grid1\" data-id=\"7ea3e0d4\" data-element_type=\"widget\" data-e-type=\"widget\" data-widget_type=\"contentviews_widget_grid1.default\">\n\t\t\t\t<div class=\"elementor-widget-container\">\n\t\t\t\t\t<div class='pt-cv-wrapper'> <div class=\"pt-cv-view pt-cv-blockgrid iscvblock iscvelementor grid1 layout1\" id=\"pt-cv-view-7ea3e0d4\"><div data-id=\"pt-cv-page-1\" class=\"pt-cv-page\" data-cvc=\"3\"><div class=\" pt-cv-content-item pt-cv-1-col\" ><div class=\"pt-cv-thumb-wrapper  \"><a href=\"https:\/\/missionnairesmontfortains.fr\/sitevaovao\/elementor-30247\/\" class=\"_self pt-cv-href-thumbnail pt-cv-thumb-default\" target=\"_self\" ><img decoding=\"async\" width=\"882\" height=\"1024\" src=\"https:\/\/missionnairesmontfortains.fr\/sitevaovao\/wp-content\/uploads\/2026\/04\/WhatsApp-Image-2026-03-28-at-15.07.04-2-882x1024.jpeg\" class=\"pt-cv-thumbnail\" alt=\"\" \/><\/a><\/div>\n<div class=\"pt-cv-taxoterm above_title\"><a href='https:\/\/missionnairesmontfortains.fr\/sitevaovao\/category\/actualites\/' title='ACTUALITES' class='pt-cv-tax-actualites'>ACTUALITES<\/a><\/div>\n<h4 class=\"pt-cv-title\"><a href=\"https:\/\/missionnairesmontfortains.fr\/sitevaovao\/elementor-30247\/\" class=\"_self\" target=\"_self\" >Journ\u00e9e Montfortaine des Jeunes<\/a><\/h4>\n<div class=\"pt-cv-content\">Journ\u00e9e Montfortaine des Jeunes 2026 : Marcher avec saint Louis-Marie, dans la joie et la mission \u00a0Le samedi 28 mars, ...<\/div>\n<div class=\"pt-cv-rmwrap\"><a href=\"https:\/\/missionnairesmontfortains.fr\/sitevaovao\/elementor-30247\/\" class=\"_self pt-cv-readmore btn btn-success\" target=\"_self\" >Lire La Suite\u2026<\/a><\/div>\n<div class=\"pt-cv-meta-fields\"><span class=\"entry-date\"> <time datetime=\"2026-04-06T08:59:57+00:00\">avril 6, 2026<\/time><\/span><span> \/ <\/span><span class=\"author\"> <a href=\"\" rel=\"author\">olivier<\/a><\/span><\/div><\/div>\n<div class=\" pt-cv-content-item pt-cv-1-col\" ><div class=\"pt-cv-thumb-wrapper  \"><a href=\"https:\/\/missionnairesmontfortains.fr\/sitevaovao\/renouvellement-des-voeux-et-accueil-des-nouveaux-candidats-png\/\" class=\"_self pt-cv-href-thumbnail pt-cv-thumb-default\" target=\"_self\" ><img decoding=\"async\" width=\"456\" height=\"259\" src=\"https:\/\/missionnairesmontfortains.fr\/sitevaovao\/wp-content\/uploads\/2026\/02\/1330PNG-01.jpg\" class=\"pt-cv-thumbnail\" alt=\"\" \/><\/a><\/div>\n<div class=\"pt-cv-taxoterm above_title\"><a href='https:\/\/missionnairesmontfortains.fr\/sitevaovao\/category\/actualites\/' title='ACTUALITES' class='pt-cv-tax-actualites'>ACTUALITES<\/a><\/div>\n<h4 class=\"pt-cv-title\"><a href=\"https:\/\/missionnairesmontfortains.fr\/sitevaovao\/renouvellement-des-voeux-et-accueil-des-nouveaux-candidats-png\/\" class=\"_self\" target=\"_self\" >Renouvellement des v\u0153ux et accueil des nouveaux candidats &#8211; PNG<\/a><\/h4>\n<div class=\"pt-cv-content\">Renouvellement des v\u0153ux et accueil des nouveaux candidats PORT MORESBY, Papouasie-Nouvelle-Guin\u00e9e \u2013 L\u2019introduction de la Sainte Eucharistie nous rappelle que ...<\/div>\n<div class=\"pt-cv-rmwrap\"><a href=\"https:\/\/missionnairesmontfortains.fr\/sitevaovao\/renouvellement-des-voeux-et-accueil-des-nouveaux-candidats-png\/\" class=\"_self pt-cv-readmore btn btn-success\" target=\"_self\" >Lire La Suite\u2026<\/a><\/div>\n<div class=\"pt-cv-meta-fields\"><span class=\"entry-date\"> <time datetime=\"2026-02-25T16:44:45+00:00\">f\u00e9vrier 25, 2026<\/time><\/span><span> \/ <\/span><span class=\"author\"> <a href=\"\" rel=\"author\">Daniel Busnel<\/a><\/span><\/div><\/div>\n<div class=\" pt-cv-content-item pt-cv-1-col\" ><div class=\"pt-cv-thumb-wrapper  \"><a href=\"https:\/\/missionnairesmontfortains.fr\/sitevaovao\/montfort-sur-meu-a-celebre-saint-louis-marie-dans-sa-paroisse-de-naissance\/\" class=\"_self pt-cv-href-thumbnail pt-cv-thumb-default\" target=\"_self\" ><img loading=\"lazy\" decoding=\"async\" width=\"836\" height=\"676\" src=\"https:\/\/missionnairesmontfortains.fr\/sitevaovao\/wp-content\/uploads\/2026\/02\/Captura-de-pantalla-2026-02-22-a-las-20.02.01.png\" class=\"pt-cv-thumbnail\" alt=\"\" \/><\/a><\/div>\n<div class=\"pt-cv-taxoterm above_title\"><a href='https:\/\/missionnairesmontfortains.fr\/sitevaovao\/category\/actualites\/' title='ACTUALITES' class='pt-cv-tax-actualites'>ACTUALITES<\/a><\/div>\n<h4 class=\"pt-cv-title\"><a href=\"https:\/\/missionnairesmontfortains.fr\/sitevaovao\/montfort-sur-meu-a-celebre-saint-louis-marie-dans-sa-paroisse-de-naissance\/\" class=\"_self\" target=\"_self\" >Montfort-sur-Meu a c\u00e9l\u00e9br\u00e9 Saint Louis-Marie dans sa paroisse de naissance<\/a><\/h4>\n<div class=\"pt-cv-content\">31 janvier \u2013 1er f\u00e9vrier 2026 Les 31 janvier et 1er f\u00e9vrier 2026, la paroisse Saint-Louis-Marie en Broc\u00e9liande a c\u00e9l\u00e9br\u00e9 ...<\/div>\n<div class=\"pt-cv-rmwrap\"><a href=\"https:\/\/missionnairesmontfortains.fr\/sitevaovao\/montfort-sur-meu-a-celebre-saint-louis-marie-dans-sa-paroisse-de-naissance\/\" class=\"_self pt-cv-readmore btn btn-success\" target=\"_self\" >Lire La Suite\u2026<\/a><\/div>\n<div class=\"pt-cv-meta-fields\"><span class=\"entry-date\"> <time datetime=\"2026-02-22T19:40:33+00:00\">f\u00e9vrier 22, 2026<\/time><\/span><span> \/ <\/span><span class=\"author\"> <a href=\"\" rel=\"author\">Miralda Medina<\/a><\/span><\/div><\/div>\n<div class=\" pt-cv-content-item pt-cv-1-col\" ><div class=\"pt-cv-thumb-wrapper  \"><a href=\"https:\/\/missionnairesmontfortains.fr\/sitevaovao\/quatre-communautes-montfortaines-touchees-par-le-cyclone-gezani\/\" class=\"_self pt-cv-href-thumbnail pt-cv-thumb-default\" target=\"_self\" ><img loading=\"lazy\" decoding=\"async\" width=\"595\" height=\"285\" src=\"https:\/\/missionnairesmontfortains.fr\/sitevaovao\/wp-content\/uploads\/2026\/02\/Madagascar1329-01.jpg\" class=\"pt-cv-thumbnail\" alt=\"\" \/><\/a><\/div>\n<div class=\"pt-cv-taxoterm above_title\"><a href='https:\/\/missionnairesmontfortains.fr\/sitevaovao\/category\/actualites\/' title='ACTUALITES' class='pt-cv-tax-actualites'>ACTUALITES<\/a><\/div>\n<h4 class=\"pt-cv-title\"><a href=\"https:\/\/missionnairesmontfortains.fr\/sitevaovao\/quatre-communautes-montfortaines-touchees-par-le-cyclone-gezani\/\" class=\"_self\" target=\"_self\" >Quatre communaut\u00e9s montfortaines touch\u00e9es par le cyclone Gezani<\/a><\/h4>\n<div class=\"pt-cv-content\">Quatre communaut\u00e9s montfortaines touch\u00e9es par le cyclone Gezani TAMATAVE, Madagascar \u2013 Le mardi 10 f\u00e9vrier 2026 apr\u00e8s-midi, le cyclone Gezani ...<\/div>\n<div class=\"pt-cv-rmwrap\"><a href=\"https:\/\/missionnairesmontfortains.fr\/sitevaovao\/quatre-communautes-montfortaines-touchees-par-le-cyclone-gezani\/\" class=\"_self pt-cv-readmore btn btn-success\" target=\"_self\" >Lire La Suite\u2026<\/a><\/div>\n<div class=\"pt-cv-meta-fields\"><span class=\"entry-date\"> <time datetime=\"2026-02-21T10:04:20+00:00\">f\u00e9vrier 21, 2026<\/time><\/span><span> \/ <\/span><span class=\"author\"> <a href=\"\" rel=\"author\">Daniel Busnel<\/a><\/span><\/div><\/div>\n<div class=\" pt-cv-content-item pt-cv-1-col\" ><div class=\"pt-cv-thumb-wrapper  \"><a href=\"https:\/\/missionnairesmontfortains.fr\/sitevaovao\/elementor-30019\/\" class=\"_self pt-cv-href-thumbnail pt-cv-thumb-default\" target=\"_self\" ><img loading=\"lazy\" decoding=\"async\" width=\"1024\" height=\"768\" src=\"https:\/\/missionnairesmontfortains.fr\/sitevaovao\/wp-content\/uploads\/2026\/02\/WhatsApp-Image-2026-02-20-at-22.19.58-1024x768.jpeg\" class=\"pt-cv-thumbnail\" alt=\"\" \/><\/a><\/div>\n<div class=\"pt-cv-taxoterm above_title\"><a href='https:\/\/missionnairesmontfortains.fr\/sitevaovao\/category\/actualites\/' title='ACTUALITES' class='pt-cv-tax-actualites'>ACTUALITES<\/a><\/div>\n<h4 class=\"pt-cv-title\"><a href=\"https:\/\/missionnairesmontfortains.fr\/sitevaovao\/elementor-30019\/\" class=\"_self\" target=\"_self\" >A la construction du NOUS<\/a><\/h4>\n<div class=\"pt-cv-content\">A la construction du \"NOUS\" RENCONTRE INTER-COMMUNAUTAIRE AU MARILLAIS\u00a0VICE PROVINCE DE FRANCEMardi 17 f\u00e9vrier 2027Le Mardi 17 f\u00e9vrier 2027 a ...<\/div>\n<div class=\"pt-cv-rmwrap\"><a href=\"https:\/\/missionnairesmontfortains.fr\/sitevaovao\/elementor-30019\/\" class=\"_self pt-cv-readmore btn btn-success\" target=\"_self\" >Lire La Suite\u2026<\/a><\/div>\n<div class=\"pt-cv-meta-fields\"><span class=\"entry-date\"> <time datetime=\"2026-02-20T21:27:37+00:00\">f\u00e9vrier 20, 2026<\/time><\/span><span> \/ <\/span><span class=\"author\"> <a href=\"\" rel=\"author\">olivier<\/a><\/span><\/div><\/div>\n<div class=\" pt-cv-content-item pt-cv-1-col\" ><div class=\"pt-cv-thumb-wrapper  \"><a href=\"https:\/\/missionnairesmontfortains.fr\/sitevaovao\/proces-pour-lassassinat-du-pere-olivier-maire-smm\/\" class=\"_self pt-cv-href-thumbnail pt-cv-thumb-default\" target=\"_self\" ><img loading=\"lazy\" decoding=\"async\" width=\"768\" height=\"1024\" src=\"https:\/\/missionnairesmontfortains.fr\/sitevaovao\/wp-content\/uploads\/2026\/02\/1328Olivier01-768x1024.jpg\" class=\"pt-cv-thumbnail\" alt=\"\" \/><\/a><\/div>\n<div class=\"pt-cv-taxoterm above_title\"><a href='https:\/\/missionnairesmontfortains.fr\/sitevaovao\/category\/actualites\/' title='ACTUALITES' class='pt-cv-tax-actualites'>ACTUALITES<\/a><\/div>\n<h4 class=\"pt-cv-title\"><a href=\"https:\/\/missionnairesmontfortains.fr\/sitevaovao\/proces-pour-lassassinat-du-pere-olivier-maire-smm\/\" class=\"_self\" target=\"_self\" >Proc\u00e8s pour l\u2019assassinat du p\u00e8re Olivier Maire SMM<\/a><\/h4>\n<div class=\"pt-cv-content\">Proc\u00e8s pour l\u2019assassinat du p\u00e8re Olivier Maire SMM LA \u00a0ROCHE-SUR-YON, France - Le proc\u00e8s pour l'assassinat du p\u00e8re Olivier MAIRE, ...<\/div>\n<div class=\"pt-cv-rmwrap\"><a href=\"https:\/\/missionnairesmontfortains.fr\/sitevaovao\/proces-pour-lassassinat-du-pere-olivier-maire-smm\/\" class=\"_self pt-cv-readmore btn btn-success\" target=\"_self\" >Lire La Suite\u2026<\/a><\/div>\n<div class=\"pt-cv-meta-fields\"><span class=\"entry-date\"> <time datetime=\"2026-02-05T16:36:21+00:00\">f\u00e9vrier 5, 2026<\/time><\/span><span> \/ <\/span><span class=\"author\"> <a href=\"\" rel=\"author\">Daniel Busnel<\/a><\/span><\/div><\/div><\/div><\/div> <\/div> \t\t\t\t<\/div>\n\t\t\t\t<\/div>\n\t\t\t\t<\/div>\n\t\t\t\t<section class=\"elementor-section elementor-top-section elementor-element elementor-element-40b99277 elementor-section-content-middle elementor-section-boxed elementor-section-height-default elementor-section-height-default\" data-id=\"40b99277\" data-element_type=\"section\" data-e-type=\"section\">\n\t\t\t\t\t\t<div class=\"elementor-container elementor-column-gap-no\">\n\t\t\t\t\t<div class=\"elementor-column elementor-col-20 elementor-top-column elementor-element elementor-element-3e8fdc37 elementor-invisible\" data-id=\"3e8fdc37\" data-element_type=\"column\" data-e-type=\"column\" data-settings=\"{&quot;background_background&quot;:&quot;classic&quot;,&quot;animation&quot;:&quot;slideInDown&quot;}\">\n\t\t\t<div class=\"elementor-widget-wrap elementor-element-populated\">\n\t\t\t\t\t<div class=\"elementor-background-overlay\"><\/div>\n\t\t\t\t\t\t<div class=\"elementor-element elementor-element-4d6bdd2b elementor-widget elementor-widget-spacer\" data-id=\"4d6bdd2b\" data-element_type=\"widget\" data-e-type=\"widget\" data-widget_type=\"spacer.default\">\n\t\t\t\t<div class=\"elementor-widget-container\">\n\t\t\t\t\t\t\t<div class=\"elementor-spacer\">\n\t\t\t<div class=\"elementor-spacer-inner\"><\/div>\n\t\t<\/div>\n\t\t\t\t\t\t<\/div>\n\t\t\t\t<\/div>\n\t\t\t\t\t<\/div>\n\t\t<\/div>\n\t\t\t\t<div class=\"elementor-column elementor-col-20 elementor-top-column elementor-element elementor-element-12f9b847 elementor-invisible\" data-id=\"12f9b847\" data-element_type=\"column\" data-e-type=\"column\" data-settings=\"{&quot;background_background&quot;:&quot;classic&quot;,&quot;animation&quot;:&quot;slideInUp&quot;}\">\n\t\t\t<div class=\"elementor-widget-wrap elementor-element-populated\">\n\t\t\t\t\t\t<div class=\"elementor-element elementor-element-748f8f4a elementor-widget elementor-widget-spacer\" data-id=\"748f8f4a\" data-element_type=\"widget\" data-e-type=\"widget\" data-widget_type=\"spacer.default\">\n\t\t\t\t<div class=\"elementor-widget-container\">\n\t\t\t\t\t\t\t<div class=\"elementor-spacer\">\n\t\t\t<div class=\"elementor-spacer-inner\"><\/div>\n\t\t<\/div>\n\t\t\t\t\t\t<\/div>\n\t\t\t\t<\/div>\n\t\t\t\t\t<\/div>\n\t\t<\/div>\n\t\t\t\t<div class=\"elementor-column elementor-col-20 elementor-top-column elementor-element elementor-element-409f0705 elementor-invisible\" data-id=\"409f0705\" data-element_type=\"column\" data-e-type=\"column\" data-settings=\"{&quot;background_background&quot;:&quot;classic&quot;,&quot;animation&quot;:&quot;bounceInDown&quot;}\">\n\t\t\t<div class=\"elementor-widget-wrap elementor-element-populated\">\n\t\t\t\t\t\t<div class=\"elementor-element elementor-element-7af1a2d7 elementor-widget elementor-widget-spacer\" data-id=\"7af1a2d7\" data-element_type=\"widget\" data-e-type=\"widget\" data-widget_type=\"spacer.default\">\n\t\t\t\t<div class=\"elementor-widget-container\">\n\t\t\t\t\t\t\t<div class=\"elementor-spacer\">\n\t\t\t<div class=\"elementor-spacer-inner\"><\/div>\n\t\t<\/div>\n\t\t\t\t\t\t<\/div>\n\t\t\t\t<\/div>\n\t\t\t\t\t<\/div>\n\t\t<\/div>\n\t\t\t\t<div class=\"elementor-column elementor-col-20 elementor-top-column elementor-element elementor-element-1d7ae70 elementor-invisible\" data-id=\"1d7ae70\" data-element_type=\"column\" data-e-type=\"column\" data-settings=\"{&quot;background_background&quot;:&quot;classic&quot;,&quot;animation&quot;:&quot;bounceInUp&quot;}\">\n\t\t\t<div class=\"elementor-widget-wrap elementor-element-populated\">\n\t\t\t\t\t\t<div class=\"elementor-element elementor-element-252ed8af elementor-widget elementor-widget-spacer\" data-id=\"252ed8af\" data-element_type=\"widget\" data-e-type=\"widget\" data-widget_type=\"spacer.default\">\n\t\t\t\t<div class=\"elementor-widget-container\">\n\t\t\t\t\t\t\t<div class=\"elementor-spacer\">\n\t\t\t<div class=\"elementor-spacer-inner\"><\/div>\n\t\t<\/div>\n\t\t\t\t\t\t<\/div>\n\t\t\t\t<\/div>\n\t\t\t\t\t<\/div>\n\t\t<\/div>\n\t\t\t\t<div class=\"elementor-column elementor-col-20 elementor-top-column elementor-element elementor-element-45ab5bbb\" data-id=\"45ab5bbb\" data-element_type=\"column\" data-e-type=\"column\">\n\t\t\t<div class=\"elementor-widget-wrap elementor-element-populated\">\n\t\t\t\t\t\t<div class=\"elementor-element elementor-element-69f8a91e elementor-widget elementor-widget-heading\" data-id=\"69f8a91e\" data-element_type=\"widget\" data-e-type=\"widget\" data-widget_type=\"heading.default\">\n\t\t\t\t<div class=\"elementor-widget-container\">\n\t\t\t\t\t<h5 class=\"elementor-heading-title elementor-size-default\"><a href=\"https:\/\/missionnairesmontfortains.fr\/sitevaovao\/4-communautes\/?preview_id=28670&#038;preview_nonce=f6c8496c9b&#038;preview=true\">EN MISSION SUR LES HAUTS-LIEUX MONTFORTAINS<\/a><\/h5>\t\t\t\t<\/div>\n\t\t\t\t<\/div>\n\t\t\t\t<div class=\"elementor-element elementor-element-1d170ced elementor-widget elementor-widget-image-box\" data-id=\"1d170ced\" data-element_type=\"widget\" data-e-type=\"widget\" data-settings=\"{&quot;_animation&quot;:&quot;none&quot;}\" data-widget_type=\"image-box.default\">\n\t\t\t\t<div class=\"elementor-widget-container\">\n\t\t\t\t\t<div class=\"elementor-image-box-wrapper\"><div class=\"elementor-image-box-content\"><h2 class=\"elementor-image-box-title\"><a href=\"https:\/\/missionnairesmontfortains.fr\/sitevaovao\/4-communautes\/?preview_id=28670&#038;preview_nonce=f6c8496c9b&#038;preview=true\">\"Oser prendre des risques pour Dieu et pour l'Humanit\u00e9\"<\/a><\/h2><p class=\"elementor-image-box-description\">En France, les Missionnaires Montfortains sont sur 4 lieux: \nSaint-Laurent-sur-s\u00e8vre, le Calvaire de Pontch\u00e2teau, Montfort-sur-Meur et Notre-Dame du Marillais.<\/p><\/div><\/div>\t\t\t\t<\/div>\n\t\t\t\t<\/div>\n\t\t\t\t<div class=\"elementor-element elementor-element-78f1de91 elementor-align-center elementor-tablet-align-center elementor-mobile-align-center elementor-widget elementor-widget-button\" data-id=\"78f1de91\" data-element_type=\"widget\" data-e-type=\"widget\" data-widget_type=\"button.default\">\n\t\t\t\t<div class=\"elementor-widget-container\">\n\t\t\t\t\t\t\t\t\t<div class=\"elementor-button-wrapper\">\n\t\t\t\t\t<a class=\"elementor-button elementor-button-link elementor-size-md\" href=\"https:\/\/missionnairesmontfortains.fr\/sitevaovao\/4-communautes\/?preview_id=28670&#038;preview_nonce=f6c8496c9b&#038;preview=true\">\n\t\t\t\t\t\t<span class=\"elementor-button-content-wrapper\">\n\t\t\t\t\t\t\t\t\t<span class=\"elementor-button-text\">D\u00e9couvrir nos communaut\u00e9s<\/span>\n\t\t\t\t\t<\/span>\n\t\t\t\t\t<\/a>\n\t\t\t\t<\/div>\n\t\t\t\t\t\t\t\t<\/div>\n\t\t\t\t<\/div>\n\t\t\t\t\t<\/div>\n\t\t<\/div>\n\t\t\t\t\t<\/div>\n\t\t<\/section>\n\t\t<div class=\"elementor-element elementor-element-7ad3e44a e-flex e-con-boxed e-con e-parent\" data-id=\"7ad3e44a\" data-element_type=\"container\" data-e-type=\"container\">\n\t\t\t\t\t<div class=\"e-con-inner\">\n\t\t\t\t<div class=\"elementor-element elementor-element-6790d04f elementor-widget elementor-widget-image\" data-id=\"6790d04f\" data-element_type=\"widget\" data-e-type=\"widget\" data-widget_type=\"image.default\">\n\t\t\t\t<div class=\"elementor-widget-container\">\n\t\t\t\t\t\t\t\t\t\t\t\t\t\t\t<img loading=\"lazy\" decoding=\"async\" width=\"768\" height=\"1086\" src=\"https:\/\/missionnairesmontfortains.fr\/sitevaovao\/wp-content\/uploads\/2025\/10\/Affiche-Concert-Voix-de-Montfort-Clisson-768x1086.png\" class=\"attachment-medium_large size-medium_large wp-image-28825\" alt=\"\" srcset=\"https:\/\/missionnairesmontfortains.fr\/sitevaovao\/wp-content\/uploads\/2025\/10\/Affiche-Concert-Voix-de-Montfort-Clisson-768x1086.png 768w, https:\/\/missionnairesmontfortains.fr\/sitevaovao\/wp-content\/uploads\/2025\/10\/Affiche-Concert-Voix-de-Montfort-Clisson-212x300.png 212w, https:\/\/missionnairesmontfortains.fr\/sitevaovao\/wp-content\/uploads\/2025\/10\/Affiche-Concert-Voix-de-Montfort-Clisson-724x1024.png 724w, https:\/\/missionnairesmontfortains.fr\/sitevaovao\/wp-content\/uploads\/2025\/10\/Affiche-Concert-Voix-de-Montfort-Clisson-1086x1536.png 1086w, https:\/\/missionnairesmontfortains.fr\/sitevaovao\/wp-content\/uploads\/2025\/10\/Affiche-Concert-Voix-de-Montfort-Clisson-1448x2048.png 1448w, https:\/\/missionnairesmontfortains.fr\/sitevaovao\/wp-content\/uploads\/2025\/10\/Affiche-Concert-Voix-de-Montfort-Clisson.png 1587w\" sizes=\"(max-width: 768px) 100vw, 768px\" \/>\t\t\t\t\t\t\t\t\t\t\t\t\t\t\t<\/div>\n\t\t\t\t<\/div>\n\t\t\t\t\t<\/div>\n\t\t\t\t<\/div>\n\t\t<div class=\"elementor-element elementor-element-50cace44 e-flex e-con-boxed e-con e-parent\" data-id=\"50cace44\" data-element_type=\"container\" data-e-type=\"container\">\n\t\t\t\t\t<div class=\"e-con-inner\">\n\t\t<div class=\"elementor-element elementor-element-38179596 e-con-full e-flex e-con e-child\" data-id=\"38179596\" data-element_type=\"container\" data-e-type=\"container\">\n\t\t\t\t<div class=\"elementor-element elementor-element-646f4d50 elementor-widget elementor-widget-heading\" data-id=\"646f4d50\" data-element_type=\"widget\" data-e-type=\"widget\" data-widget_type=\"heading.default\">\n\t\t\t\t<div class=\"elementor-widget-container\">\n\t\t\t\t\t<h1 class=\"elementor-heading-title elementor-size-default\">Restez inform\u00e9(e)<\/h1>\t\t\t\t<\/div>\n\t\t\t\t<\/div>\n\t\t\t\t<div class=\"elementor-element elementor-element-7dda9e56 elementor-align-center elementor-widget elementor-widget-button\" data-id=\"7dda9e56\" data-element_type=\"widget\" data-e-type=\"widget\" data-widget_type=\"button.default\">\n\t\t\t\t<div class=\"elementor-widget-container\">\n\t\t\t\t\t\t\t\t\t<div class=\"elementor-button-wrapper\">\n\t\t\t\t\t<a class=\"elementor-button elementor-button-link elementor-size-sm elementor-animation-grow\" href=\"#\">\n\t\t\t\t\t\t<span class=\"elementor-button-content-wrapper\">\n\t\t\t\t\t\t<span class=\"elementor-button-icon\">\n\t\t\t\t<svg aria-hidden=\"true\" class=\"e-font-icon-svg e-far-envelope\" viewBox=\"0 0 512 512\" xmlns=\"http:\/\/www.w3.org\/2000\/svg\"><path d=\"M464 64H48C21.49 64 0 85.49 0 112v288c0 26.51 21.49 48 48 48h416c26.51 0 48-21.49 48-48V112c0-26.51-21.49-48-48-48zm0 48v40.805c-22.422 18.259-58.168 46.651-134.587 106.49-16.841 13.247-50.201 45.072-73.413 44.701-23.208.375-56.579-31.459-73.413-44.701C106.18 199.465 70.425 171.067 48 152.805V112h416zM48 400V214.398c22.914 18.251 55.409 43.862 104.938 82.646 21.857 17.205 60.134 55.186 103.062 54.955 42.717.231 80.509-37.199 103.053-54.947 49.528-38.783 82.032-64.401 104.947-82.653V400H48z\"><\/path><\/svg>\t\t\t<\/span>\n\t\t\t\t\t\t\t\t\t<span class=\"elementor-button-text\">S'inscrire<\/span>\n\t\t\t\t\t<\/span>\n\t\t\t\t\t<\/a>\n\t\t\t\t<\/div>\n\t\t\t\t\t\t\t\t<\/div>\n\t\t\t\t<\/div>\n\t\t\t\t<div class=\"elementor-element elementor-element-26ed800e elementor-widget__width-inherit elementor-widget-mobile__width-inherit elementor-widget elementor-widget-text-editor\" data-id=\"26ed800e\" data-element_type=\"widget\" data-e-type=\"widget\" data-widget_type=\"text-editor.default\">\n\t\t\t\t<div class=\"elementor-widget-container\">\n\t\t\t\t\t\t\t\t\t<p style=\"text-align: center;\">Abonnez-vous \u00e0 notre newsletter pour recevoir les derni\u00e8res m\u00e9ditations de la Parole de Dieu, les pri\u00e8res et des nouvelles<\/p><p style=\"text-align: center;\">\ud83d\ude4f <strong>Ne manquez rien de l&rsquo;audace des fils de Montfort<\/strong><\/p>\t\t\t\t\t\t\t\t<\/div>\n\t\t\t\t<\/div>\n\t\t\t\t<\/div>\n\t\t\t\t\t<\/div>\n\t\t\t\t<\/div>\n\t\t\t\t<\/div>\n\t\t","protected":false},"excerpt":{"rendered":"<p>P\u00e8lerins de l\u2019esp\u00e9rance Jubil\u00e9 de la spiritualit\u00e9 Mariale Voici un bref r\u00e9cit de l\u2019exp\u00e9rience de Lomita, une Associ\u00e9e montfortaine de Bergen, en Norv\u00e8ge, qui a entrepris un p\u00e8lerinage \u00e0 Rome pour participer au Jubil\u00e9 de spiritualit\u00e9 mariale les 11 et 12 octobre. Durant ce p\u00e8lerinage, elle et deux Associ\u00e9es de Bergen ont s\u00e9journ\u00e9 \u00e0 la [&hellip;]<\/p>\n","protected":false},"author":1,"featured_media":0,"comment_status":"open","ping_status":"open","sticky":false,"template":"","format":"standard","meta":{"content-type":"","_uag_custom_page_level_css":"","site-sidebar-layout":"default","site-content-layout":"","ast-site-content-layout":"default","site-content-style":"default","site-sidebar-style":"default","ast-global-header-display":"","ast-banner-title-visibility":"","ast-main-header-display":"","ast-hfb-above-header-display":"","ast-hfb-below-header-display":"","ast-hfb-mobile-header-display":"","site-post-title":"disabled","ast-breadcrumbs-content":"","ast-featured-img":"","footer-sml-layout":"","theme-transparent-header-meta":"","adv-header-id-meta":"","stick-header-meta":"","header-above-stick-meta":"","header-main-stick-meta":"","header-below-stick-meta":"","astra-migrate-meta-layouts":"set","ast-page-background-enabled":"default","ast-page-background-meta":{"desktop":{"background-color":"","background-image":"","background-repeat":"repeat","background-position":"center center","background-size":"auto","background-attachment":"scroll","background-type":"","background-media":"","overlay-type":"","overlay-color":"","overlay-opacity":"","overlay-gradient":""},"tablet":{"background-color":"","background-image":"","background-repeat":"repeat","background-position":"center center","background-size":"auto","background-attachment":"scroll","background-type":"","background-media":"","overlay-type":"","overlay-color":"","overlay-opacity":"","overlay-gradient":""},"mobile":{"background-color":"","background-image":"","background-repeat":"repeat","background-position":"center center","background-size":"auto","background-attachment":"scroll","background-type":"","background-media":"","overlay-type":"","overlay-color":"","overlay-opacity":"","overlay-gradient":""}},"ast-content-background-meta":{"desktop":{"background-color":"var(--ast-global-color-5)","background-image":"","background-repeat":"repeat","background-position":"center center","background-size":"auto","background-attachment":"scroll","background-type":"","background-media":"","overlay-type":"","overlay-color":"","overlay-opacity":"","overlay-gradient":""},"tablet":{"background-color":"var(--ast-global-color-5)","background-image":"","background-repeat":"repeat","background-position":"center center","background-size":"auto","background-attachment":"scroll","background-type":"","background-media":"","overlay-type":"","overlay-color":"","overlay-opacity":"","overlay-gradient":""},"mobile":{"background-color":"var(--ast-global-color-5)","background-image":"","background-repeat":"repeat","background-position":"center center","background-size":"auto","background-attachment":"scroll","background-type":"","background-media":"","overlay-type":"","overlay-color":"","overlay-opacity":"","overlay-gradient":""}},"footnotes":""},"categories":[1],"tags":[],"class_list":["post-29376","post","type-post","status-publish","format-standard","hentry","category-uncategorized"],"uagb_featured_image_src":{"full":false,"thumbnail":false,"medium":false,"medium_large":false,"large":false,"1536x1536":false,"2048x2048":false},"uagb_author_info":{"display_name":"olivier","author_link":""},"uagb_comment_info":21,"uagb_excerpt":"P\u00e8lerins de l\u2019esp\u00e9rance Jubil\u00e9 de la spiritualit\u00e9 Mariale Voici un bref r\u00e9cit de l\u2019exp\u00e9rience de Lomita, une Associ\u00e9e montfortaine de Bergen, en Norv\u00e8ge, qui a entrepris un p\u00e8lerinage \u00e0 Rome pour participer au Jubil\u00e9 de spiritualit\u00e9 mariale les 11 et 12 octobre. Durant ce p\u00e8lerinage, elle et deux Associ\u00e9es de Bergen ont s\u00e9journ\u00e9 \u00e0 la\u2026","_links":{"self":[{"href":"https:\/\/missionnairesmontfortains.fr\/sitevaovao\/wp-json\/wp\/v2\/posts\/29376","targetHints":{"allow":["GET"]}}],"collection":[{"href":"https:\/\/missionnairesmontfortains.fr\/sitevaovao\/wp-json\/wp\/v2\/posts"}],"about":[{"href":"https:\/\/missionnairesmontfortains.fr\/sitevaovao\/wp-json\/wp\/v2\/types\/post"}],"author":[{"embeddable":true,"href":"https:\/\/missionnairesmontfortains.fr\/sitevaovao\/wp-json\/wp\/v2\/users\/1"}],"replies":[{"embeddable":true,"href":"https:\/\/missionnairesmontfortains.fr\/sitevaovao\/wp-json\/wp\/v2\/comments?post=29376"}],"version-history":[{"count":4,"href":"https:\/\/missionnairesmontfortains.fr\/sitevaovao\/wp-json\/wp\/v2\/posts\/29376\/revisions"}],"predecessor-version":[{"id":29380,"href":"https:\/\/missionnairesmontfortains.fr\/sitevaovao\/wp-json\/wp\/v2\/posts\/29376\/revisions\/29380"}],"wp:attachment":[{"href":"https:\/\/missionnairesmontfortains.fr\/sitevaovao\/wp-json\/wp\/v2\/media?parent=29376"}],"wp:term":[{"taxonomy":"category","embeddable":true,"href":"https:\/\/missionnairesmontfortains.fr\/sitevaovao\/wp-json\/wp\/v2\/categories?post=29376"},{"taxonomy":"post_tag","embeddable":true,"href":"https:\/\/missionnairesmontfortains.fr\/sitevaovao\/wp-json\/wp\/v2\/tags?post=29376"}],"curies":[{"name":"wp","href":"https:\/\/api.w.org\/{rel}","templated":true}]}}