{"id":29224,"date":"2025-11-11T20:20:57","date_gmt":"2025-11-11T20:20:57","guid":{"rendered":"https:\/\/missionnairesmontfortains.fr\/sitevaovao\/?p=29224"},"modified":"2025-11-11T20:23:50","modified_gmt":"2025-11-11T20:23:50","slug":"elementor-29224","status":"publish","type":"post","link":"https:\/\/missionnairesmontfortains.fr\/sitevaovao\/elementor-29224\/","title":{"rendered":"Pri\u00e8re pour les vocations-Novembre"},"content":{"rendered":"\t\t<div data-elementor-type=\"wp-post\" data-elementor-id=\"29224\" class=\"elementor elementor-29224\">\n\t\t\t\t<div class=\"elementor-element elementor-element-3a2cf26b e-flex e-con-boxed e-con e-parent\" data-id=\"3a2cf26b\" data-element_type=\"container\" data-e-type=\"container\">\n\t\t\t\t\t<div class=\"e-con-inner\">\n\t\t<div class=\"elementor-element elementor-element-668fd3cb e-con-full e-flex e-con e-child\" data-id=\"668fd3cb\" data-element_type=\"container\" data-e-type=\"container\">\n\t\t\t\t<div class=\"elementor-element elementor-element-3fbf95b7 e-transform elementor-widget elementor-widget-text-editor\" data-id=\"3fbf95b7\" data-element_type=\"widget\" data-e-type=\"widget\" data-settings=\"{&quot;_transform_translateX_effect&quot;:{&quot;unit&quot;:&quot;px&quot;,&quot;size&quot;:&quot;&quot;,&quot;sizes&quot;:[]},&quot;_transform_translateX_effect_tablet&quot;:{&quot;unit&quot;:&quot;px&quot;,&quot;size&quot;:&quot;&quot;,&quot;sizes&quot;:[]},&quot;_transform_translateX_effect_mobile&quot;:{&quot;unit&quot;:&quot;px&quot;,&quot;size&quot;:&quot;&quot;,&quot;sizes&quot;:[]},&quot;_transform_translateY_effect&quot;:{&quot;unit&quot;:&quot;px&quot;,&quot;size&quot;:&quot;&quot;,&quot;sizes&quot;:[]},&quot;_transform_translateY_effect_tablet&quot;:{&quot;unit&quot;:&quot;px&quot;,&quot;size&quot;:&quot;&quot;,&quot;sizes&quot;:[]},&quot;_transform_translateY_effect_mobile&quot;:{&quot;unit&quot;:&quot;px&quot;,&quot;size&quot;:&quot;&quot;,&quot;sizes&quot;:[]}}\" data-widget_type=\"text-editor.default\">\n\t\t\t\t<div class=\"elementor-widget-container\">\n\t\t\t\t\t\t\t\t\t<h3><strong>PRI\u00c8RE POUR LES VOCATIONS \u2013\u00a0<\/strong>Novembre 2025<\/h3><p>La vocation est un mouvement int\u00e9rieur par lequel on se sent appel\u00e9 par Dieu.<\/p><p>YAVEH dit a J\u00e9r\u00e9mie\u00a0: \u00ab\u00a0Ne dis pas \u2018je suis un enfant\u2019\u00a0\u00bb. Tu iras vers ceux \u00e0 qui je t\u2019enverrai. Tout ce je t\u2019ordonnerai, tu le diras. Ne les crains pas car je suis avec toi pour te d\u00e9livrer.<\/p><p><strong>Un chant au St Esprit<\/strong><\/p><ol><li><strong>Seigneur J\u00e9sus<\/strong><\/li><\/ol><p>Toi qui as dit par la bouche de tes saints proph\u00e8tes \u00ab\u00a0je vous donnerai des pasteurs selon mon c\u0153ur\u00a0\u00bb, nous te demandons d\u2019attirer \u00e0 ton Sacr\u00e9-C\u0153ur de nombreux jeunes, qui accepteront de te consacrer leur vie comme pr\u00eatres de ton \u00c9glise, afin de t\u00e9moigner de l\u2019\u00c9vangile par toute leur vie et de dispenser ta gr\u00e2ce par tes sacrements.<\/p><ol><li><strong>\u00d4 Seigneur, \u00e9coute-nous, entends notre pri\u00e8re,\u00a0<\/strong>(P.U.010)<strong><br \/><\/strong><\/li><\/ol><p>* Toi qui as insuffl\u00e9 au long des si\u00e8cles dans l\u2019\u00e2me de nombreux saints pr\u00eatres ton peuple qui est dans le monde, nous te demandons par l\u2019intercession de saint Louis Marie Grignion de Montfort, de saint Jean-Paul II et de la bienheureuse Marie-Louise de J\u00e9sus, de susciter dans le c\u0153ur de nombreux jeunes de ce monde d\u2019aujourd\u2019hui, le d\u00e9sir d\u2019aimer et de servir leurs fr\u00e8res par le minist\u00e8re sacerdotal et \u00e0 la vie religieuse.<\/p><ol><li><strong>Seigneur entends nos pri\u00e8res qui montent de nos c\u0153urs<\/strong><\/li><\/ol><p>* Toi dont les ap\u00f4tres et les disciples ont port\u00e9 l\u2019\u00e9vangile sur nos rives, nous te demandons, par l\u2019intercession de saint Paul ap\u00f4tre, sainte Marie-Madeleine et sainte Marthe, la gr\u00e2ce d\u2019ouvrir notre c\u0153ur \u00e0 ta pr\u00e9sence dans nos vies de chaque jour et d\u2019\u00eatre disponibles dans nos paroisses, nos familles et nos communaut\u00e9s, pour accueillir, former et accompagner tous ceux que tu appelleras \u00e0 la vie religieuse, pour notre \u00c9glise<\/p><ol><li><strong>Envoie tes messagers Seigneur dans le Monde entier<\/strong><\/li><\/ol><p>Trois \u00ab\u00a0Je vous salue Marie\u2026\u00a0\u00bb<\/p><ol start=\"2\"><li><strong>Seigneur,<\/strong>\u00a0dans ton amour pour ton peuple, tu as voulu le guider par tes pasteurs et nous rendre gr\u00e2ce pour ceux que tu nous donnes. Que ton Esprit suscite aujourd\u2019hui dans l\u2019\u00c9glise, les pr\u00eatres dont le monde as besoins pour annoncer l\u2019\u00c9vangile du Christ, pour c\u00e9l\u00e9brer les myst\u00e8res du salut et pour rassembler ton peuple dans l\u2019unit\u00e9 de ton amour. Fais lever parmi nous des hommes et des femmes qui en r\u00e9ponse \u00e0 ton appel, choisiront de vivre pour toi en servant leurs fr\u00e8res. Comme Saint Jean Marie Vianney qu\u2019ils soient passionn\u00e9ment d\u00e9vou\u00e9 \u00e0 leur minist\u00e8re. Amen.<\/li><\/ol><ol><li><strong>\u00d4 Seigneur, \u00e9coute-nous, entends notre pri\u00e8re\u00a0<\/strong>(P.U.010)<\/li><\/ol><ol start=\"3\"><li><strong>Seigneur J\u00e9sus-Christ,\u00a0<\/strong>tu nous demandes de prier le Ma\u00eetre de la moisson (Mt 9, 38). Gr\u00e2ce \u00e0 la pri\u00e8re, nous sommes connect\u00e9s avec celui qui envoie, et de ne pas regarder notre petit nombril en pleurant parce qu\u2019il y a de moins en moins de jeunes qui d\u00e9sirent consacrer leur vie au Seigneur.<\/li><\/ol><p>Nous venons vers Toi afin que tu donnes aussi \u00e0 chacun d\u2019entre nous d\u2019accueillir g\u00e9n\u00e9reusement ta Volont\u00e9. Amen<\/p><ol><li><strong>Seigneur entends nos pri\u00e8res qui montent de nos c\u0153urs<\/strong><\/li><\/ol><p>Un moment de silence<\/p><p>Trois \u00ab\u00a0Je vous salue Marie\u2026\u00a0\u00bb<\/p><ol start=\"4\"><li><strong>Pour les familles qui ont des enfants.<\/strong><\/li><\/ol><p>O Dieu, tu as confi\u00e9 \u00e0 nos familles des enfants \u00e0 notre charge. Tu as aussi confi\u00e9 \u00e0 l\u2019\u00c9glise les \u0153uvres de l\u2019\u00c9vangile, fais m\u00fbrir aussi en nos familles, si cela te convient, les germes de vocation que tu s\u00e8mes \u00e0 pleines mains dans le champ de l\u2019\u00c9glise, afin qu\u2019il y ait dans nos familles quelqu\u2019un qui choisisse comme id\u00e9al de te servir ainsi que nos fr\u00e8res par le Christ Notre Seigneur. Amen<\/p><ol><li><strong>Envoie tes messagers Seigneur dans le Monde entier<\/strong><\/li><\/ol><p>Trois \u00ab\u00a0Je vous salue Marie\u2026\u00a0\u00bb<\/p><p>*\u00a0\u00a0<strong>Seigneur J\u00e9sus,\u00a0<\/strong>derri\u00e8re toute vocation et avant elle, il y a toujours la pri\u00e8re forte et intense de quelqu\u2019un\u00a0: d\u2019une grand-m\u00e8re, d\u2019un grand p\u00e8re, d\u2019une m\u00e8re, d\u2019un p\u00e8re, d\u2019une communaut\u00e9, d\u2019une personne proche\u2026 Voil\u00e0 pourquoi tu ne cesses de demander\u00a0: \u00ab\u00a0Priez le Ma\u00eetre de la moisson\u00a0\u00bb.<\/p><p>Nous savons que les vocations naissent dans la pri\u00e8re et de la pri\u00e8re\u00a0; et elles ne peuvent pers\u00e9v\u00e9rer et porter du fruit que dans la pri\u00e8re. C\u2019est pourquoi Dieu notre p\u00e8re, nous te rendons gr\u00e2ce par ton Fils J\u00e9sus-Christ, aujourd\u2019hui, il nous invite \u00e0 devenir serviteurs \u00e0 sa suite, qu\u2019il donne \u00e0 chaque baptis\u00e9 de d\u00e9couvrir et de vivre sa vocation dans l\u2019Esprit. Qu\u2019il donne sa force \u00e0 ceux qui choisissent de suivre le Christ dans la vie consacr\u00e9e, les minist\u00e8res ordonn\u00e9s.<\/p><p>Dieu notre P\u00e8re, que ton Esprit donne \u00e0 nos communaut\u00e9s de devenir pr\u00eatre, diacres, d\u2019inviter \u00e0 la vie consacr\u00e9e et d\u2019accompagner les \u00e9poux chr\u00e9tiens.<\/p><p>Que ton Esprit d\u2019amour fasse de nous des serviteurs joyeux de l\u2019\u00c9vangile, \u00e0 la suite de ton Fils. Amen<\/p><p><em>\u00a0Pape Fran\u00e7ois<\/em><\/p><p><em>Un moment de silence<\/em><\/p><p><strong>\u00c9vangile selon St Mathieu (9, 36-38)<\/strong><\/p><p>Voyant les foules, J\u00e9sus fut saisi de compassion envers elles parce qu\u2019elles \u00e9taient d\u00e9sempar\u00e9es et abattues comme des brebis sans berger.<\/p><p>Il dit alors \u00e0 ses disciples\u00a0:<\/p><p>\u00ab\u00a0La moisson est abondante, mais les ouvriers sont peu nombreux.<\/p><p>Priez donc le ma\u00eetre de la moisson d\u2019envoyer des ouvriers pour sa moisson.\u00a0\u00bb<\/p><p><em>*\u00a0\u00a0<\/em><strong>A Notre-Dame du sacerdoce.<\/strong><\/p><p>Vierge Marie, M\u00e8re du Christ Pr\u00eatre,<\/p><p>M\u00e8re des pr\u00eatres du monde entier,<\/p><p>Vous aimez tout particuli\u00e8rement les pr\u00eatres, parce qu\u2019ils sont des images vivantes de votre Fils Unique.<\/p><p>Vous avez aid\u00e9 J\u00e9sus par toute votre vie terrestre, et vous l\u2019aidez encore dans le ciel. Nous vous supplions, priez pour les pr\u00eatres, priez le P\u00e8re des cieux pour qu\u2019il envoie des ouvriers \u00e0 sa moisson, priez pour que nous ayons toujours des pr\u00eatres, qui nous donnent les sacrements, nous expliquent l\u2019\u00c9vangile du Christ, et nous enseignent \u00e0 devenir de vrais enfants de Dieu.<\/p><p>Vierge Marie, demandez vous-m\u00eame \u00e0 Dieu le P\u00e8re, les pr\u00eatres dont nous avons tant besoin, et puisque votre C\u0153ur \u00e0 tout pouvoir sur Lui, obtenez-nous, \u00d4 Marie, des pr\u00eatres qui soient des saints. Amen<\/p><p><strong>Pri\u00e8re Embras\u00e9e (Cf PE, 7-11)<\/strong><\/p><p>Qu\u2019est-ce que je vous demande?<\/p><p>Liberos: des pr\u00eatres libres de votre libert\u00e9, d\u00e9tach\u00e9s de tout, sans p\u00e8re, sans m\u00e8re, sans fr\u00e8res, sans s\u0153urs, sans parents selon la chair, sans amis selon le monde, sans biens, sans embarras et sans soins et m\u00eame sans volont\u00e9 propre.<\/p><p>Liberos: des esclaves de votre amour et de votre volont\u00e9, des hommes selon votre c\u0153ur \u2026<\/p><p>Liberos: des nues \u00e9lev\u00e9es de la terre et pleines de ros\u00e9e c\u00e9leste qui sans emp\u00eachement volent de tous c\u00f4t\u00e9s selon le souffle du Saint-Esprit\u2026<\/p><p>Liberos: des gens toujours \u00e0 votre main, toujours pr\u00eats \u00e0 vous ob\u00e9ir \u2026<\/p><p>Liberos: de vrais enfants de Marie, votre sainte M\u00e8re, qui soient engendr\u00e9s et con\u00e7us par sa charit\u00e9, port\u00e9s dans son sein, attach\u00e9s \u00e0 ses mamelles, nourris de son lait, \u00e9lev\u00e9s par ses soins, soutenus de son bras et enrichis de ses gr\u00e2ces.<\/p><p>Liberos: de vrais serviteurs de la Sainte Vierge\u2026<\/p><p>*\u00a0\u00a0<strong>A Marie, m\u00e8re du \u00ab\u00a0OUI\u00a0\u00bb<\/strong><\/p><p>Marie, m\u00e8re du \u2018Oui\u2019, apprends-nous \u00e0 go\u00fbter la brise l\u00e9g\u00e8re de l\u2019Esprit qui travaille en nous. Aide-nous \u00e0 retrouver le chemin de l\u2019int\u00e9riorit\u00e9 pour m\u00fbrir nos engagements et nos choix avec un intense d\u00e9sir de saintet\u00e9. Marie, m\u00e8re de J\u00e9sus, tus as \u00e9cout\u00e9 le timbre de sa voix et le battement de son c\u0153ur. Mets dans notre vie tes sentiments, ta docilit\u00e9, ton silence qui \u00e9coute et transforme la parole en chois de v\u00e9ritable libert\u00e9.<\/p><p>Marie m\u00e8re de l\u2019\u00c9glise, interc\u00e8de aupr\u00e8s du P\u00e8re, qu\u2019il d\u00e9pose dans le c\u0153ur des jeunes la semence de son appel et la joie de r\u00e9pondre.<\/p><p>Qu\u2019il \u00e9claire et fortifie ceux qui sont appel\u00e9s \u00e0 se donner pleinement sur le chemin du sacerdoce et de la vie consacr\u00e9e. Amen<\/p><p><strong>Chant du Magnificat<\/strong><\/p><p><em>Pr\u00e9par\u00e9 par la communaut\u00e9<\/em><\/p><p><em>de St Laurent-sur-S\u00e8vre<\/em><\/p>\t\t\t\t\t\t\t\t<\/div>\n\t\t\t\t<\/div>\n\t\t\t\t<\/div>\n\t\t<div class=\"elementor-element elementor-element-3e6dc26a e-con-full e-flex e-con e-child\" data-id=\"3e6dc26a\" data-element_type=\"container\" data-e-type=\"container\">\n\t\t\t\t<div class=\"elementor-element elementor-element-107de548 elementor-widget elementor-widget-link-in-bio\" data-id=\"107de548\" data-element_type=\"widget\" data-e-type=\"widget\" data-widget_type=\"link-in-bio.default\">\n\t\t\t\t<div class=\"elementor-widget-container\">\n\t\t\t\t\t\t\t<div class=\"e-link-in-bio e-link-in-bio\">\n\t\t\t<div class=\"e-link-in-bio__content\">\n\n\t\t\t\t\t\t<div class=\"e-link-in-bio__identity\">\n\t\t\t\t\t\t\t\t\t<div class=\"e-link-in-bio__identity-image e-link-in-bio__identity-image-profile has-style-circle\">\n\t\t\t\t\t\t\t<img fetchpriority=\"high\" decoding=\"async\" width=\"204\" height=\"300\" src=\"https:\/\/missionnairesmontfortains.fr\/sitevaovao\/wp-content\/uploads\/2025\/03\/1000027263-204x300.jpg\" class=\"e-link-in-bio__identity-image-element\" alt=\"\" srcset=\"https:\/\/missionnairesmontfortains.fr\/sitevaovao\/wp-content\/uploads\/2025\/03\/1000027263-204x300.jpg 204w, https:\/\/missionnairesmontfortains.fr\/sitevaovao\/wp-content\/uploads\/2025\/03\/1000027263.jpg 545w\" sizes=\"(max-width: 204px) 100vw, 204px\" \/>\t\t\t\t\t\t\t\t\t\t\t\t\t<\/div>\n\t\t\t\t\t\t\t<\/div>\n\t\t\t\t\t<div class=\"e-link-in-bio__bio\">\n\t\t\t\t<h2 class=\"e-link-in-bio__heading\">Se former<\/h2>\t\t\t\t<h3 class=\"e-link-in-bio__title\">\u00e0 la spiritualit\u00e9 montfortaine<\/h3>\t\t\t\t\t\t\t\t<p class=\"e-link-in-bio__description\">Tous les mois, une formation via zoom est propos\u00e9e par l&#039;Association Marie Reine des c\u0153urs<\/p>\t\t\t<\/div>\n\t\t\t\t\t<div class=\"e-link-in-bio__icons has-size-medium\">\n\t\t\t\t\t\t\t<div class=\"e-link-in-bio__icon is-size-medium\">\n\t\t\t\t\t<a href=\"https:\/\/youtube.com\/live\/THq1ihIBGwU\" target=\"_blank\" rel=\"noopener \" aria-label=\"YouTube\" class=\"e-link-in-bio__icon-link\">\n\t\t\t\t\t\t<span class=\"e-link-in-bio__icon-svg\">\n\t\t\t\t\t\t\t<svg aria-hidden=\"true\" class=\"e-font-icon-svg e-fab-youtube\" viewBox=\"0 0 576 512\" xmlns=\"http:\/\/www.w3.org\/2000\/svg\"><path d=\"M549.655 124.083c-6.281-23.65-24.787-42.276-48.284-48.597C458.781 64 288 64 288 64S117.22 64 74.629 75.486c-23.497 6.322-42.003 24.947-48.284 48.597-11.412 42.867-11.412 132.305-11.412 132.305s0 89.438 11.412 132.305c6.281 23.65 24.787 41.5 48.284 47.821C117.22 448 288 448 288 448s170.78 0 213.371-11.486c23.497-6.321 42.003-24.171 48.284-47.821 11.412-42.867 11.412-132.305 11.412-132.305s0-89.438-11.412-132.305zm-317.51 213.508V175.185l142.739 81.205-142.739 81.201z\"><\/path><\/svg>\t\t\t\t\t\t<\/span>\n\t\t\t\t\t\t\t\t\t\t\t<\/a>\n\t\t\t\t<\/div>\n\t\t\t\t\t\t\t<div class=\"e-link-in-bio__icon is-size-medium\">\n\t\t\t\t\t<a href=\"https:\/\/www.facebook.com\/events\/627719333624653\" target=\"_blank\" rel=\"noopener \" aria-label=\"Facebook\" class=\"e-link-in-bio__icon-link\">\n\t\t\t\t\t\t<span class=\"e-link-in-bio__icon-svg\">\n\t\t\t\t\t\t\t<svg aria-hidden=\"true\" class=\"e-font-icon-svg e-fab-facebook\" viewBox=\"0 0 512 512\" xmlns=\"http:\/\/www.w3.org\/2000\/svg\"><path d=\"M504 256C504 119 393 8 256 8S8 119 8 256c0 123.78 90.69 226.38 209.25 245V327.69h-63V256h63v-54.64c0-62.15 37-96.48 93.67-96.48 27.14 0 55.52 4.84 55.52 4.84v61h-31.28c-30.8 0-40.41 19.12-40.41 38.73V256h68.78l-11 71.69h-57.78V501C413.31 482.38 504 379.78 504 256z\"><\/path><\/svg>\t\t\t\t\t\t<\/span>\n\t\t\t\t\t\t\t\t\t\t\t<\/a>\n\t\t\t\t<\/div>\n\t\t\t\t\t<\/div>\n\t\t\n\t\t<div class=\"e-link-in-bio__ctas has-type-button\">\n\t\t\t\t\t\t\t<a href=\"https:\/\/us02web.zoom.us\/j\/89456156887\" target=\"_blank\" rel=\"noopener \" class=\"e-link-in-bio__cta is-type-button has-border has-corners-round\">\n\t\t\t\t\t\t\t\t\t\t<span class=\"e-link-in-bio__cta-text\">\n\t\t\t\t\t\trecevoir le lien\t\t\t\t\t<\/span>\n\t\t\t\t<\/a>\n\t\t\t\t\t<\/div>\n\t\t\n\t\t\t<\/div>\n\t\t\t<div class=\"e-link-in-bio__bg\">\n\t\t\t\t<div class=\"e-link-in-bio__bg-overlay\"><\/div>\n\t\t\t<\/div>\n\t\t<\/div>\n\t\t\t\t\t\t<\/div>\n\t\t\t\t<\/div>\n\t\t\t\t<\/div>\n\t\t\t\t\t<\/div>\n\t\t\t\t<\/div>\n\t\t<div class=\"elementor-element elementor-element-71cd8b57 e-flex e-con-boxed e-con e-parent\" data-id=\"71cd8b57\" data-element_type=\"container\" data-e-type=\"container\">\n\t\t\t\t\t<div class=\"e-con-inner\">\n\t\t\t\t<div class=\"elementor-element elementor-element-36f8824f elementor-widget elementor-widget-image\" data-id=\"36f8824f\" data-element_type=\"widget\" data-e-type=\"widget\" data-widget_type=\"image.default\">\n\t\t\t\t<div class=\"elementor-widget-container\">\n\t\t\t\t\t\t\t\t\t\t\t\t\t\t\t\t<a href=\"https:\/\/missionnairesmontfortains.fr\/sitevaovao\/wp-content\/uploads\/2025\/11\/PRIERE-POUR-LES-VOCATIONS-Novembre-SMM-25.pdf\">\n\t\t\t\t\t\t\t<img decoding=\"async\" width=\"55\" height=\"67\" src=\"https:\/\/missionnairesmontfortains.fr\/sitevaovao\/wp-content\/uploads\/2025\/10\/telechargement-e1760478313423.png\" class=\"attachment-large size-large wp-image-28346\" alt=\"\" \/>\t\t\t\t\t\t\t\t<\/a>\n\t\t\t\t\t\t\t\t\t\t\t\t\t\t\t<\/div>\n\t\t\t\t<\/div>\n\t\t\t\t\t<\/div>\n\t\t\t\t<\/div>\n\t\t<div class=\"elementor-element elementor-element-3a5934bf e-flex e-con-boxed e-con e-parent\" data-id=\"3a5934bf\" data-element_type=\"container\" data-e-type=\"container\">\n\t\t\t\t\t<div class=\"e-con-inner\">\n\t\t\t\t<div class=\"elementor-element elementor-element-36cc35c8 elementor-widget elementor-widget-contentviews_widget_list1\" data-id=\"36cc35c8\" data-element_type=\"widget\" data-e-type=\"widget\" data-widget_type=\"contentviews_widget_list1.default\">\n\t\t\t\t<div class=\"elementor-widget-container\">\n\t\t\t\t\t<div class='pt-cv-wrapper'> <div class=\"pt-cv-view pt-cv-blockgrid iscvblock iscvelementor list1 layout1\" id=\"pt-cv-view-36cc35c8\"><div data-id=\"pt-cv-page-1\" class=\"pt-cv-page\" data-cvc=\"1\"><div class=\" pt-cv-content-item pt-cv-2-col\" ><h4 class=\"pt-cv-title\"><a href=\"https:\/\/missionnairesmontfortains.fr\/sitevaovao\/priere-pour-les-vocations-mai-2026\/\" class=\"_self\" target=\"_self\" >Pri\u00e8re pour les vocations &#8211; Mai 2026<\/a><\/h4><\/div>\n<div class=\" pt-cv-content-item pt-cv-2-col\" ><h4 class=\"pt-cv-title\"><a href=\"https:\/\/missionnairesmontfortains.fr\/sitevaovao\/priere-pour-les-vocations-avril\/\" class=\"_self\" target=\"_self\" >Pri\u00e8re pour les vocations &#8211; Avril 2026<\/a><\/h4><\/div>\n<div class=\" pt-cv-content-item pt-cv-2-col\" ><h4 class=\"pt-cv-title\"><a href=\"https:\/\/missionnairesmontfortains.fr\/sitevaovao\/priere-pour-les-vocation-mars-2026\/\" class=\"_self\" target=\"_self\" >Pri\u00e8re pour les vocations &#8211; Mars 2026<\/a><\/h4><\/div>\n<div class=\" pt-cv-content-item pt-cv-2-col\" ><h4 class=\"pt-cv-title\"><a href=\"https:\/\/missionnairesmontfortains.fr\/sitevaovao\/priere-pour-les-vocations-fevrier-2026\/\" class=\"_self\" target=\"_self\" >Pri\u00e8re pour les Vocations &#8211; F\u00e9vrier 2026<\/a><\/h4><\/div>\n<div class=\" pt-cv-content-item pt-cv-2-col\" ><h4 class=\"pt-cv-title\"><a href=\"https:\/\/missionnairesmontfortains.fr\/sitevaovao\/priere-pour-les-vocations-janvier-2026\/\" class=\"_self\" target=\"_self\" >Pri\u00e8re pour les Vocations &#8211; Janvier 2026<\/a><\/h4><\/div>\n<div class=\" pt-cv-content-item pt-cv-2-col\" ><h4 class=\"pt-cv-title\"><a href=\"https:\/\/missionnairesmontfortains.fr\/sitevaovao\/priere-pour-les-vocation-decembre-2025\/\" class=\"_self\" target=\"_self\" >Pri\u00e8re pour les vocations D\u00e9cembre 2025<\/a><\/h4><\/div><\/div><\/div> <\/div> \t\t\t\t<\/div>\n\t\t\t\t<\/div>\n\t\t\t\t\t<\/div>\n\t\t\t\t<\/div>\n\t\t\t\t<section class=\"elementor-section elementor-top-section elementor-element elementor-element-11005a5a elementor-section-boxed elementor-section-height-default elementor-section-height-default\" data-id=\"11005a5a\" data-element_type=\"section\" data-e-type=\"section\" data-settings=\"{&quot;background_background&quot;:&quot;classic&quot;,&quot;shape_divider_bottom&quot;:&quot;drops&quot;,&quot;shape_divider_top&quot;:&quot;drops&quot;,&quot;shape_divider_bottom_negative&quot;:&quot;yes&quot;}\">\n\t\t\t\t\t<div class=\"elementor-shape elementor-shape-top\" aria-hidden=\"true\" data-negative=\"false\">\n\t\t\t<svg xmlns=\"http:\/\/www.w3.org\/2000\/svg\" height=\"100%\" viewBox=\"0 0 283.5 27.8\" preserveAspectRatio=\"xMidYMax slice\">\n\t<path class=\"elementor-shape-fill\" d=\"M0 0v1.4c.6.7 1.1 1.4 1.4 2 2 3.8 2.2 6.6 1.8 10.8-.3 3.3-2.4 9.4 0 12.3 1.7 2 3.7 1.4 4.6-.9 1.4-3.8-.7-8.2-.6-12 .1-3.7 3.2-5.5 6.9-4.9 4 .6 4.8 4 4.9 7.4.1 1.8-1.1 7 0 8.5.6.8 1.6 1.2 2.4.5 1.4-1.1.1-5.4.1-6.9.1-3.7.3-8.6 4.1-10.5 5-2.5 6.2 1.6 5.4 5.6-.4 1.7-1 9.2 2.9 6.3 1.5-1.1.7-3.5.5-4.9-.4-2.4-.4-4.3 1-6.5.9-1.4 2.4-3.1 4.2-3 2.4.1 2.7 2.2 4 3.7 1.5 1.8 1.8 2.2 3 .1 1.1-1.9 1.2-2.8 3.6-3.3 1.3-.3 4.8-1.4 5.9-.5 1.5 1.1.6 2.8.4 4.3-.2 1.1-.6 4 1.8 3.4 1.7-.4-.3-4.1.6-5.6 1.3-2.2 5.8-1.4 7 .5 1.3 2.1.5 5.8.1 8.1s-1.2 5-.6 7.4c1.3 5.1 4.4.9 4.3-2.4-.1-4.4-2-8.8-.5-13 .9-2.4 4.6-6.6 7.7-4.5 2.7 1.8.5 7.8.2 10.3-.2 1.7-.8 4.6.2 6.2.9 1.4 2 1.5 2.6-.3.5-1.5-.9-4.5-1-6.1-.2-1.7-.4-3.7.2-5.4 1.8-5.6 3.5 2.4 6.3.6 1.4-.9 4.3-9.4 6.1-3.1.6 2.2-1.3 7.8.7 8.9 4.2 2.3 1.5-7.1 2.2-8 3.1-4 4.7 3.8 6.1 4.1 3.1.7 2.8-7.9 8.1-4.5 1.7 1.1 2.9 3.3 3.2 5.2.4 2.2-1 4.5-.6 6.6 1 4.3 4.4 1.5 4.4-1.7 0-2.7-3-8.3 1.4-9.1 4.4-.9 7.3 3.5 7.8 6.9.3 2-1.5 10.9 1.3 11.3 4.1.6-3.2-15.7 4.8-15.8 4.7-.1 2.8 4.1 3.9 6.6 1 2.4 2.1 1 2.3-.8.3-1.9-.9-3.2 1.3-4.3 5.9-2.9 5.9 5.4 5.5 8.5-.3 2-1.7 8.4 2 8.1 6.9-.5-2.8-16.9 4.8-18.7 4.7-1.2 6.1 3.6 6.3 7.1.1 1.7-1.2 8.1.6 9.1 3.5 2 1.9-7 2-8.4.2-4 1.2-9.6 6.4-9.8 4.7-.2 3.2 4.6 2.7 7.5-.4 2.2 1.3 8.6 3.8 4.4 1.1-1.9-.3-4.1-.3-6 0-1.7.4-3.2 1.3-4.6 1-1.6 2.9-3.5 5.1-2.9 2.5.6 2.3 4.1 4.1 4.9 1.9.8 1.6-.9 2.3-2.1 1.2-2.1 2.1-2.1 4.4-2.4 1.4-.2 3.6-1.5 4.9-.5 2.3 1.7-.7 4.4.1 6.5.6 1.5 2.1 1.7 2.8.3.7-1.4-1.1-3.4-.3-4.8 1.4-2.5 6.2-1.2 7.2 1 2.3 4.8-3.3 12-.2 16.3 3 4.1 3.9-2.8 3.8-4.8-.4-4.3-2.1-8.9 0-13.1 1.3-2.5 5.9-5.7 7.9-2.4 2 3.2-1.3 9.8-.8 13.4.5 4.4 3.5 3.3 2.7-.8-.4-1.9-2.4-10 .6-11.1 3.7-1.4 2.8 7.2 6.5.4 2.2-4.1 4.9-3.1 5.2 1.2.1 1.5-.6 3.1-.4 4.6.2 1.9 1.8 3.7 3.3 1.3 1-1.6-2.6-10.4 2.9-7.3 2.6 1.5 1.6 6.5 4.8 2.7 1.3-1.5 1.7-3.6 4-3.7 2.2-.1 4 2.3 4.8 4.1 1.3 2.9-1.5 8.4.9 10.3 4.2 3.3 3-5.5 2.7-6.9-.6-3.9 1-7.2 5.5-5 4.1 2.1 4.3 7.7 4.1 11.6 0 .8-.6 9.5 2.5 5.2 1.2-1.7-.1-7.7.1-9.6.3-2.9 1.2-5.5 4.3-6.2 4.5-1 7.7 1.5 7.4 5.8-.2 3.5-1.8 7.7-.5 11.1 1 2.7 3.6 2.8 5 .2 1.6-3.1 0-8.3-.4-11.6-.4-4.2-.2-7 1.8-10.8 0 0-.1.1-.1.2-.2.4-.3.7-.4.8v.1c-.1.2-.1.2 0 0v-.1l.4-.8c0-.1.1-.1.1-.2.2-.4.5-.8.8-1.2V0H0zM282.7 3.4z\"\/>\n<\/svg>\t\t<\/div>\n\t\t\t\t<div class=\"elementor-shape elementor-shape-bottom\" aria-hidden=\"true\" data-negative=\"true\">\n\t\t\t<svg xmlns=\"http:\/\/www.w3.org\/2000\/svg\" height=\"100%\" viewBox=\"0 0 283.5 27.8\" preserveAspectRatio=\"xMidYMax slice\">\n\t<path class=\"elementor-shape-fill\" d=\"M282.7 3.4c-2 3.8-2.2 6.6-1.8 10.8.3 3.3 2 8.5.4 11.6-1.4 2.6-4 2.5-5-.2-1.2-3.4.3-7.6.5-11.1.3-4.3-2.9-6.9-7.4-5.8-3.1.7-4.1 3.3-4.3 6.2-.2 2 1.2 8-.1 9.6-3.1 4.3-2.5-4.5-2.5-5.2.1-4-.1-9.6-4.1-11.6-4.5-2.3-6.1 1-5.5 5 .2 1.4 1.5 10.2-2.7 6.9-2.5-1.9.4-7.5-.9-10.3-.8-1.8-2.6-4.2-4.8-4.1-2.4.1-2.7 2.2-4 3.7-3.3 3.8-2.2-1.2-4.8-2.7-5.5-3.1-2 5.6-2.9 7.3-1.4 2.4-3.1.6-3.3-1.3-.1-1.5.5-3.1.4-4.6-.3-4.3-2.9-5.3-5.2-1.2-3.7 6.7-2.8-1.9-6.5-.4-3 1.1-.9 9.2-.6 11.1.7 4.1-2.2 5.2-2.7.8-.4-3.6 2.8-10.2.8-13.4-2.1-3.3-6.7-.1-7.9 2.4-2.1 4.2-.4 8.7 0 13.1.2 2-.8 8.9-3.8 4.8-3.1-4.3 2.5-11.6.2-16.3-1.1-2.2-5.8-3.5-7.2-1-.8 1.4 1 3.4.3 4.8s-2.2 1.2-2.8-.3c-.8-2.1 2.2-4.8-.1-6.5-1.3-.9-3.5.3-4.9.5-2.4-.1-3.3 0-4.5 2-.7 1.2-.4 3-2.3 2.1-1.9-.8-1.7-4.3-4.1-4.9-2.1-.6-4 1.3-5.1 2.9-.9 1.4-1.3 3-1.3 4.6 0 1.9 1.4 4.2.3 6-2.4 4.2-4.2-2.2-3.8-4.4.5-2.9 2-7.7-2.7-7.5-5.2.3-6.1 5.8-6.4 9.8-.1 1.3 1.5 10.4-2 8.4-1.8-1-.5-7.5-.6-9.1-.1-3.5-1.6-8.3-6.3-7.1-7.6 1.9 2.1 18.2-4.8 18.7-3.7.3-2.3-6.2-2-8.1.5-3.1.5-11.4-5.5-8.5-2.2 1.1-1 2.3-1.3 4.3-.2 1.8-1.3 3.2-2.3.8-1.1-2.5.8-6.7-3.9-6.6-8 .1-.7 16.4-4.8 15.8-2.8-.4-1-9.3-1.3-11.3-.6-3.5-3.5-7.8-7.8-6.9-4.4.9-1.4 6.5-1.4 9.1 0 3.1-3.4 5.9-4.4 1.7-.5-2.2.9-4.4.6-6.6-.3-1.9-1.5-4.1-3.2-5.2-5.3-3.4-4.9 5.2-8.1 4.5-1.4-.3-3-8.1-6.1-4.1-.7.9 2 10.3-2.2 8-2-1.1-.1-6.7-.7-8.9-1.8-6.2-4.7 2.3-6.1 3.1-2.9 1.7-4.6-6.2-6.3-.6-.5 1.7-.4 3.7-.2 5.4.2 1.6 1.5 4.6 1 6.1-.6 1.8-1.7 1.7-2.6.3-1-1.6-.4-4.5-.2-6.2.3-2.5 2.4-8.4-.2-10.3-3.1-2.1-6.8 2.1-7.7 4.5-1.5 4.3.3 8.7.5 13 .1 3.2-3 7.5-4.3 2.4-.6-2.4.2-5.1.6-7.4.4-2.3 1.2-6-.1-8.1-1.2-1.9-5.8-2.7-7-.5-.9 1.6 1.2 5.2-.6 5.6-2.4.6-2-2.3-1.8-3.4.3-1.5 1.1-3.2-.4-4.3-1.2-.9-4.7.3-5.9.5-2.4.5-2.5 1.4-3.6 3.3-1.2 2.1-1.4 1.7-3-.1-1.3-1.5-1.7-3.6-4-3.7-1.8-.1-3.4 1.7-4.2 3-1.4 2.2-1.3 4.1-1 6.5.2 1.4 1 3.8-.5 4.9-3.9 2.9-3.2-4.6-2.9-6.3.8-3.9-.4-8.1-5.4-5.6-3.8 1.9-4.1 6.7-4.1 10.5 0 1.6 1.2 5.8-.1 6.9-.8.7-1.8.3-2.4-.5-1.1-1.5.1-6.7 0-8.5-.1-3.5-.9-6.9-4.9-7.4-3.6-.6-6.7 1.2-6.8 4.9-.1 3.9 2 8.2.6 12-.9 2.4-2.9 2.9-4.6.9-2.4-2.8-.4-9 0-12.3.4-4.2.2-7-1.8-10.8C1.1 2.8.6 2.1 0 1.4v26.4h283.5V2.2c-.3.4-.6.8-.8 1.2z\"\/>\n<\/svg>\t\t<\/div>\n\t\t\t\t\t<div class=\"elementor-container elementor-column-gap-no\">\n\t\t\t\t\t<div class=\"elementor-column elementor-col-100 elementor-top-column elementor-element elementor-element-e8e0b8d\" data-id=\"e8e0b8d\" data-element_type=\"column\" data-e-type=\"column\">\n\t\t\t<div class=\"elementor-widget-wrap elementor-element-populated\">\n\t\t\t\t\t\t<div class=\"elementor-element elementor-element-64deb3e5 elementor-widget elementor-widget-heading\" data-id=\"64deb3e5\" data-element_type=\"widget\" data-e-type=\"widget\" data-widget_type=\"heading.default\">\n\t\t\t\t<div class=\"elementor-widget-container\">\n\t\t\t\t\t<h2 class=\"elementor-heading-title elementor-size-default\">PRIEZ AVEC NOUS<\/h2>\t\t\t\t<\/div>\n\t\t\t\t<\/div>\n\t\t\t\t<div class=\"elementor-element elementor-element-5c599131 elementor-widget elementor-widget-text-editor\" data-id=\"5c599131\" data-element_type=\"widget\" data-e-type=\"widget\" data-widget_type=\"text-editor.default\">\n\t\t\t\t<div class=\"elementor-widget-container\">\n\t\t\t\t\t\t\t\t\t<p>Tous les mois, la famille montfortaine prie ensemble malgr\u00e9 la distance et les diff\u00e9rentes occupations<\/p>\t\t\t\t\t\t\t\t<\/div>\n\t\t\t\t<\/div>\n\t\t\t\t<section class=\"elementor-section elementor-inner-section elementor-element elementor-element-13758265 elementor-section-content-middle elementor-section-boxed elementor-section-height-default elementor-section-height-default\" data-id=\"13758265\" data-element_type=\"section\" data-e-type=\"section\">\n\t\t\t\t\t\t<div class=\"elementor-container elementor-column-gap-default\">\n\t\t\t\t\t<div class=\"elementor-column elementor-col-50 elementor-inner-column elementor-element elementor-element-51ac9248\" data-id=\"51ac9248\" data-element_type=\"column\" data-e-type=\"column\" data-settings=\"{&quot;background_background&quot;:&quot;classic&quot;}\">\n\t\t\t<div class=\"elementor-widget-wrap elementor-element-populated\">\n\t\t\t\t\t\t<div class=\"elementor-element elementor-element-6910cf08 elementor-widget elementor-widget-image\" data-id=\"6910cf08\" data-element_type=\"widget\" data-e-type=\"widget\" data-widget_type=\"image.default\">\n\t\t\t\t<div class=\"elementor-widget-container\">\n\t\t\t\t\t\t\t\t\t\t\t\t\t\t\t<img decoding=\"async\" width=\"150\" height=\"150\" src=\"https:\/\/missionnairesmontfortains.fr\/sitevaovao\/wp-content\/uploads\/2025\/03\/OIP-1-150x150.jpg\" class=\"attachment-thumbnail size-thumbnail wp-image-26315\" alt=\"\" srcset=\"https:\/\/missionnairesmontfortains.fr\/sitevaovao\/wp-content\/uploads\/2025\/03\/OIP-1-150x150.jpg 150w, https:\/\/missionnairesmontfortains.fr\/sitevaovao\/wp-content\/uploads\/2025\/03\/OIP-1-300x300.jpg 300w, https:\/\/missionnairesmontfortains.fr\/sitevaovao\/wp-content\/uploads\/2025\/03\/OIP-1.jpg 474w\" sizes=\"(max-width: 150px) 100vw, 150px\" \/>\t\t\t\t\t\t\t\t\t\t\t\t\t\t\t<\/div>\n\t\t\t\t<\/div>\n\t\t\t\t<div class=\"elementor-element elementor-element-28893ecd elementor-widget elementor-widget-heading\" data-id=\"28893ecd\" data-element_type=\"widget\" data-e-type=\"widget\" data-widget_type=\"heading.default\">\n\t\t\t\t<div class=\"elementor-widget-container\">\n\t\t\t\t\t<h4 class=\"elementor-heading-title elementor-size-default\">Rosarium<\/h4>\t\t\t\t<\/div>\n\t\t\t\t<\/div>\n\t\t\t\t\t<\/div>\n\t\t<\/div>\n\t\t\t\t<div class=\"elementor-column elementor-col-50 elementor-inner-column elementor-element elementor-element-3be8e7dd\" data-id=\"3be8e7dd\" data-element_type=\"column\" data-e-type=\"column\">\n\t\t\t<div class=\"elementor-widget-wrap elementor-element-populated\">\n\t\t\t\t\t\t<div class=\"elementor-element elementor-element-521a6095 elementor-widget elementor-widget-heading\" data-id=\"521a6095\" data-element_type=\"widget\" data-e-type=\"widget\" data-widget_type=\"heading.default\">\n\t\t\t\t<div class=\"elementor-widget-container\">\n\t\t\t\t\t<h3 class=\"elementor-heading-title elementor-size-medium\">Tous les premiers lundi du mois, priez le Rosaire avec tous les montfortains de l'Europe (EurHope) via zoom.<\/h3>\t\t\t\t<\/div>\n\t\t\t\t<\/div>\n\t\t\t\t<div class=\"elementor-element elementor-element-4dd68909 elementor-align-center elementor-widget elementor-widget-button\" data-id=\"4dd68909\" data-element_type=\"widget\" data-e-type=\"widget\" data-widget_type=\"button.default\">\n\t\t\t\t<div class=\"elementor-widget-container\">\n\t\t\t\t\t\t\t\t\t<div class=\"elementor-button-wrapper\">\n\t\t\t\t\t<a class=\"elementor-button elementor-button-link elementor-size-sm\" href=\"#\">\n\t\t\t\t\t\t<span class=\"elementor-button-content-wrapper\">\n\t\t\t\t\t\t\t\t\t<span class=\"elementor-button-text\">Cliquez ici pour participer<\/span>\n\t\t\t\t\t<\/span>\n\t\t\t\t\t<\/a>\n\t\t\t\t<\/div>\n\t\t\t\t\t\t\t\t<\/div>\n\t\t\t\t<\/div>\n\t\t\t\t\t<\/div>\n\t\t<\/div>\n\t\t\t\t\t<\/div>\n\t\t<\/section>\n\t\t\t\t\t<\/div>\n\t\t<\/div>\n\t\t\t\t\t<\/div>\n\t\t<\/section>\n\t\t\t\t<\/div>\n\t\t","protected":false},"excerpt":{"rendered":"<p>PRI\u00c8RE POUR LES VOCATIONS \u2013\u00a0Novembre 2025 La vocation est un mouvement int\u00e9rieur par lequel on se sent appel\u00e9 par Dieu. YAVEH dit a J\u00e9r\u00e9mie\u00a0: \u00ab\u00a0Ne dis pas \u2018je suis un enfant\u2019\u00a0\u00bb. Tu iras vers ceux \u00e0 qui je t\u2019enverrai. Tout ce je t\u2019ordonnerai, tu le diras. Ne les crains pas car je suis avec toi [&hellip;]<\/p>\n","protected":false},"author":1,"featured_media":0,"comment_status":"closed","ping_status":"closed","sticky":false,"template":"","format":"standard","meta":{"content-type":"","_uag_custom_page_level_css":"","site-sidebar-layout":"default","site-content-layout":"","ast-site-content-layout":"default","site-content-style":"default","site-sidebar-style":"default","ast-global-header-display":"","ast-banner-title-visibility":"","ast-main-header-display":"","ast-hfb-above-header-display":"","ast-hfb-below-header-display":"","ast-hfb-mobile-header-display":"","site-post-title":"","ast-breadcrumbs-content":"","ast-featured-img":"","footer-sml-layout":"","theme-transparent-header-meta":"","adv-header-id-meta":"","stick-header-meta":"","header-above-stick-meta":"","header-main-stick-meta":"","header-below-stick-meta":"","astra-migrate-meta-layouts":"set","ast-page-background-enabled":"default","ast-page-background-meta":{"desktop":{"background-color":"","background-image":"","background-repeat":"repeat","background-position":"center center","background-size":"auto","background-attachment":"scroll","background-type":"","background-media":"","overlay-type":"","overlay-color":"","overlay-opacity":"","overlay-gradient":""},"tablet":{"background-color":"","background-image":"","background-repeat":"repeat","background-position":"center center","background-size":"auto","background-attachment":"scroll","background-type":"","background-media":"","overlay-type":"","overlay-color":"","overlay-opacity":"","overlay-gradient":""},"mobile":{"background-color":"","background-image":"","background-repeat":"repeat","background-position":"center center","background-size":"auto","background-attachment":"scroll","background-type":"","background-media":"","overlay-type":"","overlay-color":"","overlay-opacity":"","overlay-gradient":""}},"ast-content-background-meta":{"desktop":{"background-color":"var(--ast-global-color-5)","background-image":"","background-repeat":"repeat","background-position":"center center","background-size":"auto","background-attachment":"scroll","background-type":"","background-media":"","overlay-type":"","overlay-color":"","overlay-opacity":"","overlay-gradient":""},"tablet":{"background-color":"var(--ast-global-color-5)","background-image":"","background-repeat":"repeat","background-position":"center center","background-size":"auto","background-attachment":"scroll","background-type":"","background-media":"","overlay-type":"","overlay-color":"","overlay-opacity":"","overlay-gradient":""},"mobile":{"background-color":"var(--ast-global-color-5)","background-image":"","background-repeat":"repeat","background-position":"center center","background-size":"auto","background-attachment":"scroll","background-type":"","background-media":"","overlay-type":"","overlay-color":"","overlay-opacity":"","overlay-gradient":""}},"footnotes":""},"categories":[45],"tags":[],"class_list":["post-29224","post","type-post","status-publish","format-standard","hentry","category-priere-pour-la-vocation"],"uagb_featured_image_src":{"full":false,"thumbnail":false,"medium":false,"medium_large":false,"large":false,"1536x1536":false,"2048x2048":false},"uagb_author_info":{"display_name":"olivier","author_link":""},"uagb_comment_info":0,"uagb_excerpt":"PRI\u00c8RE POUR LES VOCATIONS \u2013\u00a0Novembre 2025 La vocation est un mouvement int\u00e9rieur par lequel on se sent appel\u00e9 par Dieu. YAVEH dit a J\u00e9r\u00e9mie\u00a0: \u00ab\u00a0Ne dis pas \u2018je suis un enfant\u2019\u00a0\u00bb. Tu iras vers ceux \u00e0 qui je t\u2019enverrai. Tout ce je t\u2019ordonnerai, tu le diras. Ne les crains pas car je suis avec toi\u2026","_links":{"self":[{"href":"https:\/\/missionnairesmontfortains.fr\/sitevaovao\/wp-json\/wp\/v2\/posts\/29224","targetHints":{"allow":["GET"]}}],"collection":[{"href":"https:\/\/missionnairesmontfortains.fr\/sitevaovao\/wp-json\/wp\/v2\/posts"}],"about":[{"href":"https:\/\/missionnairesmontfortains.fr\/sitevaovao\/wp-json\/wp\/v2\/types\/post"}],"author":[{"embeddable":true,"href":"https:\/\/missionnairesmontfortains.fr\/sitevaovao\/wp-json\/wp\/v2\/users\/1"}],"replies":[{"embeddable":true,"href":"https:\/\/missionnairesmontfortains.fr\/sitevaovao\/wp-json\/wp\/v2\/comments?post=29224"}],"version-history":[{"count":5,"href":"https:\/\/missionnairesmontfortains.fr\/sitevaovao\/wp-json\/wp\/v2\/posts\/29224\/revisions"}],"predecessor-version":[{"id":29229,"href":"https:\/\/missionnairesmontfortains.fr\/sitevaovao\/wp-json\/wp\/v2\/posts\/29224\/revisions\/29229"}],"wp:attachment":[{"href":"https:\/\/missionnairesmontfortains.fr\/sitevaovao\/wp-json\/wp\/v2\/media?parent=29224"}],"wp:term":[{"taxonomy":"category","embeddable":true,"href":"https:\/\/missionnairesmontfortains.fr\/sitevaovao\/wp-json\/wp\/v2\/categories?post=29224"},{"taxonomy":"post_tag","embeddable":true,"href":"https:\/\/missionnairesmontfortains.fr\/sitevaovao\/wp-json\/wp\/v2\/tags?post=29224"}],"curies":[{"name":"wp","href":"https:\/\/api.w.org\/{rel}","templated":true}]}}