{"id":28496,"date":"2025-10-23T09:27:18","date_gmt":"2025-10-23T09:27:18","guid":{"rendered":"https:\/\/missionnairesmontfortains.fr\/sitevaovao\/?p=28496"},"modified":"2025-12-07T07:36:31","modified_gmt":"2025-12-07T07:36:31","slug":"partage-dexperience-sur-la-spiritualite-mariale-jubilaire","status":"publish","type":"post","link":"https:\/\/missionnairesmontfortains.fr\/sitevaovao\/partage-dexperience-sur-la-spiritualite-mariale-jubilaire\/","title":{"rendered":"Partage d\u2019exp\u00e9rience sur la spiritualit\u00e9 mariale jubilaire"},"content":{"rendered":"\t\t<div data-elementor-type=\"wp-post\" data-elementor-id=\"28496\" class=\"elementor elementor-28496\">\n\t\t\t\t<div class=\"elementor-element elementor-element-605c87a e-flex e-con-boxed e-con e-parent\" data-id=\"605c87a\" data-element_type=\"container\" data-e-type=\"container\">\n\t\t\t\t\t<div class=\"e-con-inner\">\n\t\t\t\t<div class=\"elementor-element elementor-element-389f5ac elementor-widget__width-initial elementor-widget elementor-widget-text-editor\" data-id=\"389f5ac\" data-element_type=\"widget\" data-e-type=\"widget\" data-widget_type=\"text-editor.default\">\n\t\t\t\t<div class=\"elementor-widget-container\">\n\t\t\t\t\t\t\t\t\t<h2><strong>Partage d\u2019exp\u00e9rience sur la spiritualit\u00e9 mariale jubilaire<\/strong><\/h2><p><strong>BERGEN, Norv\u00e8ge <\/strong>\u2013 Du 9 au 13 octobre 2025, j\u2019ai eu la grande joie, avec deux autres associ\u00e9es de Norv\u00e8ge, de s\u00e9journer \u00e0 la Maison G\u00e9n\u00e9rale des Missionnaires Montfortains tout en participant aux journ\u00e9es jubilaires de d\u00e9votion mariale au Vatican et \u00e0 Rome. Je partagerai mon exp\u00e9rience comme une triple aventure:<\/p><p><strong>L\u2019exp\u00e9rience d\u2019\u00eatre p\u00e8lerine en Ann\u00e9e jubilaire \u00e0 Rome<\/strong><br \/>Faire un p\u00e8lerinage est toujours une gr\u00e2ce de Dieu. Dieu m\u2019appelle \u00e0 m\u2019approcher davantage de Lui, \u00e0 grandir dans ma relation avec Lui. C\u2019\u00e9tait la premi\u00e8re fois que je partais en p\u00e8lerinage \u00e0 Rome, que je consid\u00e8re comme une marche vers le c\u0153ur de l\u2019\u00c9glise. Cette ann\u00e9e, le fait de partir en p\u00e8lerinage \u00e0 Rome rev\u00eatait une signification toute particuli\u00e8re \u00e0 cause de l\u2019Ann\u00e9e jubilaire : Dieu nous appelle, \u00e0 travers le pape qui nous invite, \u00e0 venir recevoir les gr\u00e2ces et la mis\u00e9ricorde qu\u2019Il r\u00e9pand sur nous en abondance.<img fetchpriority=\"high\" decoding=\"async\" class=\"wp-image-28502 size-full alignright\" src=\"https:\/\/missionnairesmontfortains.fr\/sitevaovao\/wp-content\/uploads\/2025\/10\/1302-Roma-Experiencia.jpg\" alt=\"\" width=\"606\" height=\"351\" srcset=\"https:\/\/missionnairesmontfortains.fr\/sitevaovao\/wp-content\/uploads\/2025\/10\/1302-Roma-Experiencia.jpg 606w, https:\/\/missionnairesmontfortains.fr\/sitevaovao\/wp-content\/uploads\/2025\/10\/1302-Roma-Experiencia-300x174.jpg 300w\" sizes=\"(max-width: 606px) 100vw, 606px\" \/><\/p><p>Bien qu\u2019il y ait des \u00e9glises d\u00e9sign\u00e9es comme lieux de p\u00e8lerinage dans notre propre pays, c\u2019\u00e9tait tr\u00e8s sp\u00e9cial d\u2019aller \u00e0 Rome pour recevoir ces gr\u00e2ces, le pardon de Dieu et l\u2019indulgence, en me confessant \u00e0 la Basilique Saint-Pierre et en franchissant les Portes Saintes, la pri\u00e8re pour les intentions du pape sur mes l\u00e8vres, exprimant tout mon amour et mon appartenance \u00e0 Dieu. Dieu est si mis\u00e9ricordieux!<\/p><p><strong>La participation aux journ\u00e9es jubilaires au Vatican<br \/><\/strong>Comme je viens d\u2019un pays o\u00f9 les catholiques sont minoritaires, ce fut une exp\u00e9rience tr\u00e8s forte d\u2019\u00eatre rassembl\u00e9e sur la place Saint-Pierre avec des milliers de catholiques venus du monde entier. M\u00eame si la plupart des personnes pr\u00e9sentes m\u2019\u00e9taient inconnues, l\u2019unit\u00e9 \u00e9tait bien visible dans notre expression commune de la foi et dans la c\u00e9l\u00e9bration de la Messe, surtout gr\u00e2ce \u00e0 la pr\u00e9sence et \u00e0 la direction du Pasteur de l\u2019\u00c9glise, le pape L\u00e9on XIV.<\/p><p>Dans toutes les langues, nous avons pri\u00e9 ensemble le Rosaire, comme la Vierge Marie nous l\u2019a demand\u00e9 tant de fois dans l\u2019histoire. La pr\u00e9sence de la statue originale de Notre- Dame de Fatima nous l\u2019a rappel\u00e9 d\u2019une mani\u00e8re tr\u00e8s touchante. Son message reste le m\u00eame aujourd\u2019hui : Continuez \u00e0 prier le Rosaire! Et priez-le avec joie, confiance et esp\u00e9rance, car Marie est notre tendre et ch\u00e8re M\u00e8re, toujours proche de nous et qui nous conduit \u00e0 J\u00e9sus. C\u2019est aussi ce que le pape L\u00e9on XIV a exprim\u00e9 avec clart\u00e9 et douceur.<\/p><p><strong>L\u2019aventure sp\u00e9ciale de vivre avec les Missionnaires Montfortains et d\u2019\u00eatre en communion avec d\u2019autres associ\u00e9s de la Famille Montfortaine<br \/><\/strong>Lomita Baheru Gabremichael, Adriana Burgos et moi-m\u00eame, du groupe Marie, Reine de tous les C\u0153urs en Norv\u00e8ge, sommes reconnaissantes envers les Missionnaires Montfortains qui nous ont invit\u00e9es \u00e0 s\u00e9journer avec eux dans leur Maison G\u00e9n\u00e9rale pendant ces journ\u00e9es. Ils ont \u00e9t\u00e9 d\u2019une grande gentillesse, attentionn\u00e9s et fraternels, avec un soin paternel, nous guidant vers les Messes et quelques lieux saints de Rome. Nous avons vraiment eu le sentiment d\u2019\u00eatre parmi nos fr\u00e8res, ce que nous sommes en effet.<\/p><p>Ce fut un moment fort de renouveler notre cons\u00e9cration dans leur chapelle, o\u00f9 se trouvent les reliques de saint Louis-Marie Grignion de Montfort et de la bienheureuse Marie-Louise de J\u00e9sus, et de contempler la reproduction du manuscrit original du Trait\u00e9 de la vraie d\u00e9votion \u00e0 la Sainte Vierge.<\/p><p>Le temps pass\u00e9 ensemble, les repas et les \u00e9changes partag\u00e9s avec le groupe d\u2019associ\u00e9s fran\u00e7ais furent \u00e9galement une b\u00e9n\u00e9diction. Nous esp\u00e9rons les revoir bient\u00f4t, sur les pas de Montfort, en France.<\/p><p>Enfin, je dois dire que je n\u2019ai jamais autant ri en jouant au <em>UNO <\/em>que pendant nos soir\u00e9es avec les Missionnaires Montfortain!<\/p><p style=\"text-align: right;\"><em style=\"font-weight: inherit;\">Par Reidun Jofrid Kleppestrand<br \/><\/em><em style=\"font-size: 16px;\">Coordinatrice du groupe Marie Reine de tous les C\u0153urs \u00e0 Bergen, Norv\u00e8ge<\/em><\/p>\t\t\t\t\t\t\t\t<\/div>\n\t\t\t\t<\/div>\n\t\t\t\t\t<\/div>\n\t\t\t\t<\/div>\n\t\t<div class=\"elementor-element elementor-element-9fcc435 e-flex e-con-boxed e-con e-parent\" data-id=\"9fcc435\" data-element_type=\"container\" data-e-type=\"container\">\n\t\t\t\t\t<div class=\"e-con-inner\">\n\t\t\t\t<div class=\"elementor-element elementor-element-49dfa8a elementor-widget elementor-widget-image\" data-id=\"49dfa8a\" data-element_type=\"widget\" data-e-type=\"widget\" data-widget_type=\"image.default\">\n\t\t\t\t<div class=\"elementor-widget-container\">\n\t\t\t\t\t\t\t\t\t\t\t\t\t\t\t\t<a href=\"https:\/\/missionnairesmontfortains.fr\/sitevaovao\/wp-content\/uploads\/2025\/10\/NU-GEN-1302-FR-Partage-experience-sur-la-spiritualite-mariale-jubilaire-1.pdf\">\n\t\t\t\t\t\t\t<img decoding=\"async\" width=\"55\" height=\"67\" src=\"https:\/\/missionnairesmontfortains.fr\/sitevaovao\/wp-content\/uploads\/2025\/10\/telechargement-e1760478313423.png\" class=\"attachment-large size-large wp-image-28346\" alt=\"\" \/>\t\t\t\t\t\t\t\t<\/a>\n\t\t\t\t\t\t\t\t\t\t\t\t\t\t\t<\/div>\n\t\t\t\t<\/div>\n\t\t\t\t\t<\/div>\n\t\t\t\t<\/div>\n\t\t\t\t<\/div>\n\t\t","protected":false},"excerpt":{"rendered":"<p>Partage d\u2019exp\u00e9rience sur la spiritualit\u00e9 mariale jubilaire BERGEN, Norv\u00e8ge \u2013 Du 9 au 13 octobre 2025, j\u2019ai eu la grande joie, avec deux autres associ\u00e9es de Norv\u00e8ge, de s\u00e9journer \u00e0 la Maison G\u00e9n\u00e9rale des Missionnaires Montfortains tout en participant aux journ\u00e9es jubilaires de d\u00e9votion mariale au Vatican et \u00e0 Rome. Je partagerai mon exp\u00e9rience comme [&hellip;]<\/p>\n","protected":false},"author":3,"featured_media":28502,"comment_status":"closed","ping_status":"closed","sticky":false,"template":"","format":"standard","meta":{"content-type":"","_uag_custom_page_level_css":"","site-sidebar-layout":"default","site-content-layout":"","ast-site-content-layout":"default","site-content-style":"default","site-sidebar-style":"default","ast-global-header-display":"","ast-banner-title-visibility":"","ast-main-header-display":"","ast-hfb-above-header-display":"","ast-hfb-below-header-display":"","ast-hfb-mobile-header-display":"","site-post-title":"","ast-breadcrumbs-content":"","ast-featured-img":"disabled","footer-sml-layout":"","theme-transparent-header-meta":"","adv-header-id-meta":"","stick-header-meta":"","header-above-stick-meta":"","header-main-stick-meta":"","header-below-stick-meta":"","astra-migrate-meta-layouts":"set","ast-page-background-enabled":"default","ast-page-background-meta":{"desktop":{"background-color":"","background-image":"","background-repeat":"repeat","background-position":"center center","background-size":"auto","background-attachment":"scroll","background-type":"","background-media":"","overlay-type":"","overlay-color":"","overlay-opacity":"","overlay-gradient":""},"tablet":{"background-color":"","background-image":"","background-repeat":"repeat","background-position":"center center","background-size":"auto","background-attachment":"scroll","background-type":"","background-media":"","overlay-type":"","overlay-color":"","overlay-opacity":"","overlay-gradient":""},"mobile":{"background-color":"","background-image":"","background-repeat":"repeat","background-position":"center center","background-size":"auto","background-attachment":"scroll","background-type":"","background-media":"","overlay-type":"","overlay-color":"","overlay-opacity":"","overlay-gradient":""}},"ast-content-background-meta":{"desktop":{"background-color":"var(--ast-global-color-5)","background-image":"","background-repeat":"repeat","background-position":"center center","background-size":"auto","background-attachment":"scroll","background-type":"","background-media":"","overlay-type":"","overlay-color":"","overlay-opacity":"","overlay-gradient":""},"tablet":{"background-color":"var(--ast-global-color-5)","background-image":"","background-repeat":"repeat","background-position":"center center","background-size":"auto","background-attachment":"scroll","background-type":"","background-media":"","overlay-type":"","overlay-color":"","overlay-opacity":"","overlay-gradient":""},"mobile":{"background-color":"var(--ast-global-color-5)","background-image":"","background-repeat":"repeat","background-position":"center center","background-size":"auto","background-attachment":"scroll","background-type":"","background-media":"","overlay-type":"","overlay-color":"","overlay-opacity":"","overlay-gradient":""}},"footnotes":""},"categories":[49],"tags":[],"class_list":["post-28496","post","type-post","status-publish","format-standard","has-post-thumbnail","hentry","category-actualites"],"uagb_featured_image_src":{"full":["https:\/\/missionnairesmontfortains.fr\/sitevaovao\/wp-content\/uploads\/2025\/10\/1302-Roma-Experiencia.jpg",606,351,false],"thumbnail":["https:\/\/missionnairesmontfortains.fr\/sitevaovao\/wp-content\/uploads\/2025\/10\/1302-Roma-Experiencia-150x150.jpg",150,150,true],"medium":["https:\/\/missionnairesmontfortains.fr\/sitevaovao\/wp-content\/uploads\/2025\/10\/1302-Roma-Experiencia-300x174.jpg",300,174,true],"medium_large":["https:\/\/missionnairesmontfortains.fr\/sitevaovao\/wp-content\/uploads\/2025\/10\/1302-Roma-Experiencia.jpg",606,351,false],"large":["https:\/\/missionnairesmontfortains.fr\/sitevaovao\/wp-content\/uploads\/2025\/10\/1302-Roma-Experiencia.jpg",606,351,false],"1536x1536":["https:\/\/missionnairesmontfortains.fr\/sitevaovao\/wp-content\/uploads\/2025\/10\/1302-Roma-Experiencia.jpg",606,351,false],"2048x2048":["https:\/\/missionnairesmontfortains.fr\/sitevaovao\/wp-content\/uploads\/2025\/10\/1302-Roma-Experiencia.jpg",606,351,false]},"uagb_author_info":{"display_name":"Daniel Busnel","author_link":""},"uagb_comment_info":0,"uagb_excerpt":"Partage d\u2019exp\u00e9rience sur la spiritualit\u00e9 mariale jubilaire BERGEN, Norv\u00e8ge \u2013 Du 9 au 13 octobre 2025, j\u2019ai eu la grande joie, avec deux autres associ\u00e9es de Norv\u00e8ge, de s\u00e9journer \u00e0 la Maison G\u00e9n\u00e9rale des Missionnaires Montfortains tout en participant aux journ\u00e9es jubilaires de d\u00e9votion mariale au Vatican et \u00e0 Rome. Je partagerai mon exp\u00e9rience comme\u2026","_links":{"self":[{"href":"https:\/\/missionnairesmontfortains.fr\/sitevaovao\/wp-json\/wp\/v2\/posts\/28496","targetHints":{"allow":["GET"]}}],"collection":[{"href":"https:\/\/missionnairesmontfortains.fr\/sitevaovao\/wp-json\/wp\/v2\/posts"}],"about":[{"href":"https:\/\/missionnairesmontfortains.fr\/sitevaovao\/wp-json\/wp\/v2\/types\/post"}],"author":[{"embeddable":true,"href":"https:\/\/missionnairesmontfortains.fr\/sitevaovao\/wp-json\/wp\/v2\/users\/3"}],"replies":[{"embeddable":true,"href":"https:\/\/missionnairesmontfortains.fr\/sitevaovao\/wp-json\/wp\/v2\/comments?post=28496"}],"version-history":[{"count":25,"href":"https:\/\/missionnairesmontfortains.fr\/sitevaovao\/wp-json\/wp\/v2\/posts\/28496\/revisions"}],"predecessor-version":[{"id":29707,"href":"https:\/\/missionnairesmontfortains.fr\/sitevaovao\/wp-json\/wp\/v2\/posts\/28496\/revisions\/29707"}],"wp:featuredmedia":[{"embeddable":true,"href":"https:\/\/missionnairesmontfortains.fr\/sitevaovao\/wp-json\/wp\/v2\/media\/28502"}],"wp:attachment":[{"href":"https:\/\/missionnairesmontfortains.fr\/sitevaovao\/wp-json\/wp\/v2\/media?parent=28496"}],"wp:term":[{"taxonomy":"category","embeddable":true,"href":"https:\/\/missionnairesmontfortains.fr\/sitevaovao\/wp-json\/wp\/v2\/categories?post=28496"},{"taxonomy":"post_tag","embeddable":true,"href":"https:\/\/missionnairesmontfortains.fr\/sitevaovao\/wp-json\/wp\/v2\/tags?post=28496"}],"curies":[{"name":"wp","href":"https:\/\/api.w.org\/{rel}","templated":true}]}}