{"id":28407,"date":"2025-10-22T19:23:33","date_gmt":"2025-10-22T19:23:33","guid":{"rendered":"https:\/\/missionnairesmontfortains.fr\/sitevaovao\/?p=28407"},"modified":"2025-10-23T08:51:00","modified_gmt":"2025-10-23T08:51:00","slug":"unis-dans-lesperance-en-europe","status":"publish","type":"post","link":"https:\/\/missionnairesmontfortains.fr\/sitevaovao\/unis-dans-lesperance-en-europe\/","title":{"rendered":"Unis dans l&rsquo;Esp\u00e9rance en Europe"},"content":{"rendered":"\t\t<div data-elementor-type=\"wp-post\" data-elementor-id=\"28407\" class=\"elementor elementor-28407\">\n\t\t\t\t<div class=\"elementor-element elementor-element-49b6b03 e-flex e-con-boxed e-con e-parent\" data-id=\"49b6b03\" data-element_type=\"container\" data-e-type=\"container\">\n\t\t\t\t\t<div class=\"e-con-inner\">\n\t\t\t\t<div class=\"elementor-element elementor-element-23e896d elementor-widget elementor-widget-heading\" data-id=\"23e896d\" data-element_type=\"widget\" data-e-type=\"widget\" data-widget_type=\"heading.default\">\n\t\t\t\t<div class=\"elementor-widget-container\">\n\t\t\t\t\t<h1 class=\"elementor-heading-title elementor-size-default\"><strong>Unis dans l'esp\u00e9rance pour l'avenir \nde la mission en Europe<\/strong><\/h1>\t\t\t\t<\/div>\n\t\t\t\t<\/div>\n\t\t\t\t\t<\/div>\n\t\t\t\t<\/div>\n\t\t<div class=\"elementor-element elementor-element-4c272d0 e-flex e-con-boxed e-con e-parent\" data-id=\"4c272d0\" data-element_type=\"container\" data-e-type=\"container\">\n\t\t\t\t\t<div class=\"e-con-inner\">\n\t\t\t\t<div class=\"elementor-element elementor-element-a19d0c5 elementor-widget elementor-widget-image\" data-id=\"a19d0c5\" data-element_type=\"widget\" data-e-type=\"widget\" data-widget_type=\"image.default\">\n\t\t\t\t<div class=\"elementor-widget-container\">\n\t\t\t\t\t\t\t\t\t\t\t\t\t\t\t<img fetchpriority=\"high\" decoding=\"async\" width=\"949\" height=\"529\" src=\"https:\/\/missionnairesmontfortains.fr\/sitevaovao\/wp-content\/uploads\/2025\/10\/1301Jeuneurope01.jpg\" class=\"attachment-large size-large wp-image-28409\" alt=\"\" srcset=\"https:\/\/missionnairesmontfortains.fr\/sitevaovao\/wp-content\/uploads\/2025\/10\/1301Jeuneurope01.jpg 949w, https:\/\/missionnairesmontfortains.fr\/sitevaovao\/wp-content\/uploads\/2025\/10\/1301Jeuneurope01-300x167.jpg 300w, https:\/\/missionnairesmontfortains.fr\/sitevaovao\/wp-content\/uploads\/2025\/10\/1301Jeuneurope01-768x428.jpg 768w\" sizes=\"(max-width: 949px) 100vw, 949px\" \/>\t\t\t\t\t\t\t\t\t\t\t\t\t\t\t<\/div>\n\t\t\t\t<\/div>\n\t\t\t\t\t<\/div>\n\t\t\t\t<\/div>\n\t\t<div class=\"elementor-element elementor-element-3c0cf4c e-flex e-con-boxed e-con e-parent\" data-id=\"3c0cf4c\" data-element_type=\"container\" data-e-type=\"container\">\n\t\t\t\t\t<div class=\"e-con-inner\">\n\t\t\t\t<div class=\"elementor-element elementor-element-0ad1073 elementor-widget elementor-widget-image\" data-id=\"0ad1073\" data-element_type=\"widget\" data-e-type=\"widget\" data-widget_type=\"image.default\">\n\t\t\t\t<div class=\"elementor-widget-container\">\n\t\t\t\t\t\t\t\t\t\t\t\t\t\t\t\t<a href=\"https:\/\/missionnairesmontfortains.fr\/sitevaovao\/wp-content\/uploads\/2025\/10\/NU-GEN-1301-FR-Unis-dans-lesperance-pour-lavenir-de-la-mission-en-Europe.pdf\">\n\t\t\t\t\t\t\t<img decoding=\"async\" width=\"55\" height=\"67\" src=\"https:\/\/missionnairesmontfortains.fr\/sitevaovao\/wp-content\/uploads\/2025\/10\/telechargement-e1760478313423.png\" class=\"attachment-large size-large wp-image-28346\" alt=\"\" \/>\t\t\t\t\t\t\t\t<\/a>\n\t\t\t\t\t\t\t\t\t\t\t\t\t\t\t<\/div>\n\t\t\t\t<\/div>\n\t\t\t\t<div class=\"elementor-element elementor-element-56162d8 elementor-widget__width-initial elementor-widget elementor-widget-text-editor\" data-id=\"56162d8\" data-element_type=\"widget\" data-e-type=\"widget\" data-widget_type=\"text-editor.default\">\n\t\t\t\t<div class=\"elementor-widget-container\">\n\t\t\t\t\t\t\t\t\t<p style=\"text-align: left;\"><span style=\"color: #000000;\"><strong>CURIE G\u00c9N\u00c9RALE, Rome <\/strong>&#8211; La r\u00e9union annuelle Zoom du groupe JME (Jeunes Montfortains en Europe) s&rsquo;est tenue le 20 octobre 2025 dans une ambiance fraternelle et d&rsquo;\u00e9coute. Plus de vingt confr\u00e8res de diff\u00e9rents pays europ\u00e9ens \u00e9taient pr\u00e9sents et la r\u00e9union \u00e9tait coordonn\u00e9e par le P. Marco PASINATO, SMM, avec traduction simultan\u00e9e assur\u00e9e pour garantir une participation totale.\u00a0<\/span><\/p><p style=\"text-align: left;\"><span style=\"color: #000000;\">Un d\u00e9but inspir\u00e9 par le Jubil\u00e9 des Jeunes Montfortains (MJ25). La r\u00e9union s&rsquo;est ouverte \u00e0 14h30 par un moment de pri\u00e8re accompagn\u00e9 d&rsquo;une vid\u00e9o \u00e9mouvante du Jubil\u00e9 des Jeunes Montfortains 2025 r\u00e9cemment c\u00e9l\u00e9br\u00e9. Ensuite, six nouveaux membres du groupe se sont bri\u00e8vement pr\u00e9sent\u00e9s, marquant une nouvelle \u00e9tape vers l&rsquo;inclusion et le renouveau g\u00e9n\u00e9rationnel dans la mission. <\/span><span style=\"color: #000000;\">Partage de l&rsquo;exp\u00e9rience du MJ25 et t\u00e9moignage du P. Santino BREMBILLA SMM. Le P\u00e8re Jailos MPINA, SMM, a partag\u00e9 avec enthousiasme l&rsquo;impact positif de la MJ25, soulignant l&rsquo;enthousiasme et la motivation suscit\u00e9s parmi les participants. Le t\u00e9moignage du P\u00e8re Santino BREMBILLA, SMM, intitul\u00e9 \u00ab Missionnaires au service de l&rsquo;esp\u00e9rance en Europe aujourd&rsquo;hui \u00bb, a \u00e9t\u00e9 particuli\u00e8rement \u00e9mouvant. Un parcours missionnaire marqu\u00e9 par les d\u00e9fis et les espoirs, culminant avec sa mission actuelle \u00e0 Pontch\u00e2teau (France). Ses paroles ont encourag\u00e9 chacun \u00e0 envisager l&rsquo;avenir avec confiance, en continuant \u00e0 t\u00e9moigner du charisme montfortain dans les contextes europ\u00e9ens contemporains.<\/span><\/p><p style=\"text-align: left;\"><span style=\"color: #000000;\">Trois propositions pour 2026 : chemin, assembl\u00e9e, formation. Dans la deuxi\u00e8me partie de la rencontre, le P\u00e8re Marco PASINATO SMM a pr\u00e9sent\u00e9 trois \u00e9v\u00e9nements importants pr\u00e9vus pour le Projet MME 2024-2029 : <\/span><\/p><p><span style=\"color: #000000;\">Marche montfortaine (31 mai &#8211; 5 juin 2026). Un p\u00e8lerinage de Lorette \u00e0 Assise puis \u00e0 Rome, sur les traces de saint Louis-Marie de Cette initiative, con\u00e7ue avec une approche jeune et dynamique, vise \u00e0 faire revivre l&rsquo;exp\u00e9rience du saint en Italie. L&rsquo;\u00e9quipe organisatrice fran\u00e7aise ouvrira bient\u00f4t les inscriptions.<\/span><\/p><p><span style=\"color: #000000;\">Assembl\u00e9e continentale \u00ab EurHope26 \u00bb (du 8 au 11 juin 2026, Rome). Cette r\u00e9union en pr\u00e9sentiel a \u00e9t\u00e9 demand\u00e9e par le Conseil g\u00e9n\u00e9ral des Missionnaires d&rsquo;Europe. Le programme sera finalis\u00e9 dans les prochaines Les inscriptions seront coordonn\u00e9es par les sup\u00e9rieurs des diff\u00e9rentes entit\u00e9s.<\/span><\/p><p><span style=\"color: #000000;\">Prochaine r\u00e9union Zoom JME (19 octobre 2026). La r\u00e9union en ligne a \u00e9t\u00e9 confirm\u00e9e de 14 h 30 \u00e0 16 h 30, sur le th\u00e8me : \u00ab Le don montfortain de toucher les c\u0153urs \u00bb, anim\u00e9e par le P\u00e8re Arnold SUHARDI,<\/span><\/p><p style=\"text-align: left;\"><span style=\"color: #000000;\">Apr\u00e8s un temps de questions et de commentaires, la r\u00e9union s&rsquo;est conclue par une pri\u00e8re \u00e0 Marie, M\u00e8re de l&rsquo;Esp\u00e9rance, renouvelant ainsi l&rsquo;engagement commun \u00e0 cheminer en missionnaires, empreints de foi, de cr\u00e9ativit\u00e9 et de courage, au c\u0153ur de l&rsquo;Europe.<\/span><\/p><p style=\"text-align: right;\"><span style=\"color: #000000;\"><em style=\"font-size: 16px;\">P<\/em><em style=\"font-size: 16px;\">. Marco PASINATO, SMM<br \/><\/em><em>Coordinateur<\/em> <em>JME<\/em><\/span><\/p>\t\t\t\t\t\t\t\t<\/div>\n\t\t\t\t<\/div>\n\t\t\t\t\t<\/div>\n\t\t\t\t<\/div>\n\t\t\t\t<\/div>\n\t\t","protected":false},"excerpt":{"rendered":"<p>Unis dans l&rsquo;esp\u00e9rance pour l&rsquo;avenir de la mission en Europe CURIE G\u00c9N\u00c9RALE, Rome &#8211; La r\u00e9union annuelle Zoom du groupe JME (Jeunes Montfortains en Europe) s&rsquo;est tenue le 20 octobre 2025 dans une ambiance fraternelle et d&rsquo;\u00e9coute. Plus de vingt confr\u00e8res de diff\u00e9rents pays europ\u00e9ens \u00e9taient pr\u00e9sents et la r\u00e9union \u00e9tait coordonn\u00e9e par le P. [&hellip;]<\/p>\n","protected":false},"author":3,"featured_media":28409,"comment_status":"closed","ping_status":"closed","sticky":false,"template":"elementor_header_footer","format":"standard","meta":{"content-type":"","_uag_custom_page_level_css":"","site-sidebar-layout":"default","site-content-layout":"","ast-site-content-layout":"default","site-content-style":"default","site-sidebar-style":"default","ast-global-header-display":"","ast-banner-title-visibility":"","ast-main-header-display":"","ast-hfb-above-header-display":"","ast-hfb-below-header-display":"","ast-hfb-mobile-header-display":"","site-post-title":"","ast-breadcrumbs-content":"","ast-featured-img":"","footer-sml-layout":"","theme-transparent-header-meta":"","adv-header-id-meta":"","stick-header-meta":"","header-above-stick-meta":"","header-main-stick-meta":"","header-below-stick-meta":"","astra-migrate-meta-layouts":"set","ast-page-background-enabled":"default","ast-page-background-meta":{"desktop":{"background-color":"","background-image":"","background-repeat":"repeat","background-position":"center center","background-size":"auto","background-attachment":"scroll","background-type":"","background-media":"","overlay-type":"","overlay-color":"","overlay-opacity":"","overlay-gradient":""},"tablet":{"background-color":"","background-image":"","background-repeat":"repeat","background-position":"center center","background-size":"auto","background-attachment":"scroll","background-type":"","background-media":"","overlay-type":"","overlay-color":"","overlay-opacity":"","overlay-gradient":""},"mobile":{"background-color":"","background-image":"","background-repeat":"repeat","background-position":"center center","background-size":"auto","background-attachment":"scroll","background-type":"","background-media":"","overlay-type":"","overlay-color":"","overlay-opacity":"","overlay-gradient":""}},"ast-content-background-meta":{"desktop":{"background-color":"var(--ast-global-color-5)","background-image":"","background-repeat":"repeat","background-position":"center center","background-size":"auto","background-attachment":"scroll","background-type":"","background-media":"","overlay-type":"","overlay-color":"","overlay-opacity":"","overlay-gradient":""},"tablet":{"background-color":"var(--ast-global-color-5)","background-image":"","background-repeat":"repeat","background-position":"center center","background-size":"auto","background-attachment":"scroll","background-type":"","background-media":"","overlay-type":"","overlay-color":"","overlay-opacity":"","overlay-gradient":""},"mobile":{"background-color":"var(--ast-global-color-5)","background-image":"","background-repeat":"repeat","background-position":"center center","background-size":"auto","background-attachment":"scroll","background-type":"","background-media":"","overlay-type":"","overlay-color":"","overlay-opacity":"","overlay-gradient":""}},"footnotes":""},"categories":[49],"tags":[],"class_list":["post-28407","post","type-post","status-publish","format-standard","has-post-thumbnail","hentry","category-actualites"],"uagb_featured_image_src":{"full":["https:\/\/missionnairesmontfortains.fr\/sitevaovao\/wp-content\/uploads\/2025\/10\/1301Jeuneurope01.jpg",949,529,false],"thumbnail":["https:\/\/missionnairesmontfortains.fr\/sitevaovao\/wp-content\/uploads\/2025\/10\/1301Jeuneurope01-150x150.jpg",150,150,true],"medium":["https:\/\/missionnairesmontfortains.fr\/sitevaovao\/wp-content\/uploads\/2025\/10\/1301Jeuneurope01-300x167.jpg",300,167,true],"medium_large":["https:\/\/missionnairesmontfortains.fr\/sitevaovao\/wp-content\/uploads\/2025\/10\/1301Jeuneurope01-768x428.jpg",768,428,true],"large":["https:\/\/missionnairesmontfortains.fr\/sitevaovao\/wp-content\/uploads\/2025\/10\/1301Jeuneurope01.jpg",949,529,false],"1536x1536":["https:\/\/missionnairesmontfortains.fr\/sitevaovao\/wp-content\/uploads\/2025\/10\/1301Jeuneurope01.jpg",949,529,false],"2048x2048":["https:\/\/missionnairesmontfortains.fr\/sitevaovao\/wp-content\/uploads\/2025\/10\/1301Jeuneurope01.jpg",949,529,false]},"uagb_author_info":{"display_name":"Daniel Busnel","author_link":""},"uagb_comment_info":0,"uagb_excerpt":"Unis dans l&rsquo;esp\u00e9rance pour l&rsquo;avenir de la mission en Europe CURIE G\u00c9N\u00c9RALE, Rome &#8211; La r\u00e9union annuelle Zoom du groupe JME (Jeunes Montfortains en Europe) s&rsquo;est tenue le 20 octobre 2025 dans une ambiance fraternelle et d&rsquo;\u00e9coute. Plus de vingt confr\u00e8res de diff\u00e9rents pays europ\u00e9ens \u00e9taient pr\u00e9sents et la r\u00e9union \u00e9tait coordonn\u00e9e par le P.\u2026","_links":{"self":[{"href":"https:\/\/missionnairesmontfortains.fr\/sitevaovao\/wp-json\/wp\/v2\/posts\/28407","targetHints":{"allow":["GET"]}}],"collection":[{"href":"https:\/\/missionnairesmontfortains.fr\/sitevaovao\/wp-json\/wp\/v2\/posts"}],"about":[{"href":"https:\/\/missionnairesmontfortains.fr\/sitevaovao\/wp-json\/wp\/v2\/types\/post"}],"author":[{"embeddable":true,"href":"https:\/\/missionnairesmontfortains.fr\/sitevaovao\/wp-json\/wp\/v2\/users\/3"}],"replies":[{"embeddable":true,"href":"https:\/\/missionnairesmontfortains.fr\/sitevaovao\/wp-json\/wp\/v2\/comments?post=28407"}],"version-history":[{"count":49,"href":"https:\/\/missionnairesmontfortains.fr\/sitevaovao\/wp-json\/wp\/v2\/posts\/28407\/revisions"}],"predecessor-version":[{"id":28461,"href":"https:\/\/missionnairesmontfortains.fr\/sitevaovao\/wp-json\/wp\/v2\/posts\/28407\/revisions\/28461"}],"wp:featuredmedia":[{"embeddable":true,"href":"https:\/\/missionnairesmontfortains.fr\/sitevaovao\/wp-json\/wp\/v2\/media\/28409"}],"wp:attachment":[{"href":"https:\/\/missionnairesmontfortains.fr\/sitevaovao\/wp-json\/wp\/v2\/media?parent=28407"}],"wp:term":[{"taxonomy":"category","embeddable":true,"href":"https:\/\/missionnairesmontfortains.fr\/sitevaovao\/wp-json\/wp\/v2\/categories?post=28407"},{"taxonomy":"post_tag","embeddable":true,"href":"https:\/\/missionnairesmontfortains.fr\/sitevaovao\/wp-json\/wp\/v2\/tags?post=28407"}],"curies":[{"name":"wp","href":"https:\/\/api.w.org\/{rel}","templated":true}]}}