{"id":28357,"date":"2025-10-15T00:00:00","date_gmt":"2025-10-15T00:00:00","guid":{"rendered":"https:\/\/missionnairesmontfortains.fr\/sitevaovao\/?p=28357"},"modified":"2025-10-21T13:35:47","modified_gmt":"2025-10-21T13:35:47","slug":"dimanche-12-octobre-2025","status":"publish","type":"post","link":"https:\/\/missionnairesmontfortains.fr\/sitevaovao\/dimanche-12-octobre-2025\/","title":{"rendered":"Dimanche 12 octobre 2025"},"content":{"rendered":"\t\t<div data-elementor-type=\"wp-post\" data-elementor-id=\"28357\" class=\"elementor elementor-28357\">\n\t\t\t\t<div class=\"elementor-element elementor-element-b897af2 e-flex e-con-boxed e-con e-parent\" data-id=\"b897af2\" data-element_type=\"container\" data-e-type=\"container\">\n\t\t\t\t\t<div class=\"e-con-inner\">\n\t\t\t\t<div class=\"elementor-element elementor-element-bfe8011 elementor-widget elementor-widget-text-editor\" data-id=\"bfe8011\" data-element_type=\"widget\" data-e-type=\"widget\" data-widget_type=\"text-editor.default\">\n\t\t\t\t<div class=\"elementor-widget-container\">\n\t\t\t\t\t\t\t\t\t<p><strong>28<sup>\u00e8me<\/sup> Dimanche T. Ordinaire C \u2013 12 octobre 2025<\/strong><\/p><p><strong>2 R 5, 14-17\u00a0; Ps 97(98)\u00a0; 2Tm 2, 8-13\u00a0; Lc 17, 11-19<\/strong><\/p><p><strong>Sauv\u00e9s par la Gratitude<\/strong><\/p><p>\u00a0\u00a0\u00a0\u00a0\u00a0\u00a0\u00a0\u00a0 Dans sa lettre aux \u00c9ph\u00e9siens, saint Paul \u00e9crit\u00a0: \u00ab C\u2019est bien par la gr\u00e2ce que vous \u00eates sauv\u00e9s, et par le moyen de la foi. Cela ne vient pas de vous, c\u2019est le don de Dieu\u00a0\u00bb (Ep 2, 8).\u00a0 En tant que faveur accord\u00e9e librement, la gr\u00e2ce s\u2019appuie davantage sur la g\u00e9n\u00e9rosit\u00e9 de celui qui l\u2019accorde que sur le m\u00e9rite de celui \u00e0 qui elle est accord\u00e9e. Dieu, dans sa mis\u00e9ricorde infinie, r\u00e9pand sa gr\u00e2ce sur nous tous. Dans ce cas, nous sommes forc\u00e9s de poser des questions\u00a0: pourquoi nous ne vivons pas tous selon la gr\u00e2ce\u00a0? Pourquoi le salut ne s\u2019obtient-il pas automatiquement en vertu de la gr\u00e2ce\u00a0? A travers l\u2019\u00e9pisode de la purification de Naaman et la gu\u00e9rison des dix l\u00e9preux de l\u2019\u00e9vangile, nous tenterons de comprendre que la gr\u00e2ce, pour porter des fruits de salut, doit \u00eatre re\u00e7ue dans la foi et la gratitude.\u00a0<\/p><p>\u00a0\u00a0\u00a0\u00a0\u00a0\u00a0\u00a0\u00a0 Naaman, en acceptant d\u2019aller se plonger sept fois dans le Jourdain, s\u2019est d\u00e9pouill\u00e9 de tout ce qu\u2019il avait comme fiert\u00e9\u00a0; il a enfin compris que ni son titre (g\u00e9n\u00e9ral de l\u2019arm\u00e9e), ni son rang (riche), ni son origine (Aram, un royaume puissant \u00e0 l\u2019\u00e9poque) ne pouvaient le sauver, sinon qu\u2019une intervention mis\u00e9ricordieuse de Dieu. s\u2019\u00e9tant d\u00e9couvert si petit, si pauvre, si vuln\u00e9rable, il devient capable de reconna\u00eetre la valeur de la gr\u00e2ce dont il a b\u00e9n\u00e9fici\u00e9, gr\u00e2ce qu\u2019il a re\u00e7ue dans la foi. C\u2019est pourquoi il ne pouvait s\u2019emp\u00eacher de rendre gr\u00e2ce \u00e0 Celui qui lui a fait gr\u00e2ce\u00a0: \u00ab Il n\u2019y a pas d\u2019autre Dieu, sur toute la terre, que celui d\u2019Isra\u00ebl\u00a0\u00bb.\u00a0 L\u2019exp\u00e9rience de d\u00e9pouillement que Naaman a faite est fondamentale dans l\u2019accueil de la gr\u00e2ce. si nous sommes d\u00e9j\u00e0 remplis de nous-m\u00eames, il n\u2019y aura plus d\u2019espace pour que Dieu agisse en nous. Et l\u2019un des obstacles \u00e0 l\u2019accueil de la gr\u00e2ce est la pr\u00e9tention du m\u00e9rite\u00a0: je suis juif et l\u2019autre est pa\u00efen, je connais la bible, j\u2019ai re\u00e7u les sacrements, j\u2019ai une bonne conduite&#8230;\u00a0 Peu importe l\u2019effort que nous faisons, il ne sera jamais \u00e0 la hauteur de l\u2019amour de Dieu pour nous\u00a0: \u00ab La preuve que Dieu nous aime, c\u2019est que le Christ est mort pour nous, alors que nous \u00e9tions encore p\u00e9cheurs\u00a0\u00bb (Rm 5, 8). En effet, au lieu de nous \u00e9lever dans l\u2019orgueil cherchant \u00e0 \u2018atteindre\u2019 des faveurs par nos m\u00e9rites, nous ferions mieux de nous vider pour accueillir la gr\u00e2ce du Seigneur avec un c\u0153ur reconnaissant.\u00a0<\/p><p>\u00a0\u00a0\u00a0\u00a0\u00a0\u00a0\u00a0\u00a0 Dans l\u2019\u00e9vangile, les dix l\u00e9preux ont fait la m\u00eame pri\u00e8re, la m\u00eame faveur leur a \u00e9t\u00e9 accord\u00e9e, pourtant un seul a accueilli v\u00e9ritablement la gr\u00e2ce. Et comme un symbole, c\u2019est l\u2019\u00e9tranger qui est revenu aupr\u00e8s de J\u00e9sus en rendant gr\u00e2ce\u00a0; peut-\u00eatre, reconnaissait-il qu\u2019il n\u2019avait aucun m\u00e9rite, il s\u2019est alors ouvert \u00e0 la gr\u00e2ce. Les dix ont \u00e9t\u00e9 gu\u00e9ris de la l\u00e8pre, mais seul celui qui a fait preuve de gratitude avait b\u00e9n\u00e9fici\u00e9 de la gr\u00e2ce du salut\u00a0: \u00ab\u00a0Rel\u00e8ve-toi et va\u00a0: ta foi t\u2019a sauv\u00e9\u00a0\u00bb. Mais pourquoi Dieu attend-il quelque chose en retour pour ce qu\u2019il donne gratuitement\u00a0? La 4<sup>e<\/sup> pr\u00e9face commune du missel romain nous aide \u00e0 r\u00e9pondre\u00a0: \u00ab\u00a0Tu n\u2019as pas besoin de notre louange, et pourtant c\u2019est toi qui nous inspires de te rendre gr\u00e2ce : nos chants n\u2019ajoutent rien \u00e0 ce que tu es, mais ils nous rapprochent de toi&#8230;\u00a0\u00bb. Donc, la gratitude \u00e0 notre Seigneur est plus que dire merci ou donner un t\u00e9moignage de reconnaissance, elle est une adh\u00e9sion de foi \u00e0 l\u2019amour de Celui qui fait gr\u00e2ce.<\/p><p>\u00a0\u00a0\u00a0\u00a0\u00a0\u00a0\u00a0\u00a0 Enfin, pour revenir \u00e0 l\u2019affirmation de d\u00e9part, nous croyons fermement que nous sommes,\u00a0 sauv\u00e9s par la gr\u00e2ce, mais aussi et surtout, par l\u2019accueil dans la foi de la gr\u00e2ce, donc la Gratitude.\u00a0<\/p><p><em>Pour les exc\u00e8s de votre amour, je n\u2019ai point de retour, mais je veux chanter nuit et jour\u00a0:<\/em><\/p><p><em>Deo gratias, Deo gratias, Deo gratias.<\/em><\/p><p><em>Grand Dieu, vous m\u2019avez fait de rien, c\u2019est de vous que je tiens tout bien.<\/em><\/p><p><em>Vous seul \u00eates tout mon soutien.<\/em><\/p><p><em>Deo gratias, Deo gratias, Deo gratias.\u00a0\u00a0\u00a0\u00a0\u00a0\u00a0\u00a0\u00a0\u00a0\u00a0\u00a0\u00a0\u00a0\u00a0\u00a0\u00a0\u00a0\u00a0\u00a0\u00a0\u00a0\u00a0\u00a0 <\/em><\/p><p><em>(St Montfort, cantique 27, 2-3)<\/em><\/p><p><strong><em>P. Ekenley JEAN-NO\u00cbL (Tito), smm<\/em><\/strong><\/p>\t\t\t\t\t\t\t\t<\/div>\n\t\t\t\t<\/div>\n\t\t\t\t\t<\/div>\n\t\t\t\t<\/div>\n\t\t<div class=\"elementor-element elementor-element-428bde8 e-flex e-con-boxed e-con e-parent\" data-id=\"428bde8\" data-element_type=\"container\" data-e-type=\"container\">\n\t\t\t\t\t<div class=\"e-con-inner\">\n\t\t\t\t<div class=\"elementor-element elementor-element-ce7769f elementor-widget elementor-widget-image\" data-id=\"ce7769f\" data-element_type=\"widget\" data-e-type=\"widget\" data-widget_type=\"image.default\">\n\t\t\t\t<div class=\"elementor-widget-container\">\n\t\t\t\t\t\t\t\t\t\t\t\t\t\t\t\t<a href=\"https:\/\/missionnairesmontfortains.fr\/sitevaovao\/wp-content\/uploads\/2025\/09\/PartagEvangile12OctEJN.pdf\" target=\"_blank\">\n\t\t\t\t\t\t\t<img decoding=\"async\" width=\"55\" height=\"67\" src=\"https:\/\/missionnairesmontfortains.fr\/sitevaovao\/wp-content\/uploads\/2025\/10\/telechargement-e1760478313423.png\" class=\"attachment-large size-large wp-image-28346\" alt=\"\" \/>\t\t\t\t\t\t\t\t<\/a>\n\t\t\t\t\t\t\t\t\t\t\t\t\t\t\t<\/div>\n\t\t\t\t<\/div>\n\t\t\t\t\t<\/div>\n\t\t\t\t<\/div>\n\t\t\t\t<\/div>\n\t\t","protected":false},"excerpt":{"rendered":"<p>28\u00e8me Dimanche T. Ordinaire C \u2013 12 octobre 2025 2 R 5, 14-17\u00a0; Ps 97(98)\u00a0; 2Tm 2, 8-13\u00a0; Lc 17, 11-19 Sauv\u00e9s par la Gratitude \u00a0\u00a0\u00a0\u00a0\u00a0\u00a0\u00a0\u00a0 Dans sa lettre aux \u00c9ph\u00e9siens, saint Paul \u00e9crit\u00a0: \u00ab C\u2019est bien par la gr\u00e2ce que vous \u00eates sauv\u00e9s, et par le moyen de la foi. Cela ne vient pas [&hellip;]<\/p>\n","protected":false},"author":3,"featured_media":0,"comment_status":"closed","ping_status":"closed","sticky":false,"template":"","format":"standard","meta":{"content-type":"","_uag_custom_page_level_css":"","site-sidebar-layout":"default","site-content-layout":"","ast-site-content-layout":"default","site-content-style":"default","site-sidebar-style":"default","ast-global-header-display":"","ast-banner-title-visibility":"","ast-main-header-display":"","ast-hfb-above-header-display":"","ast-hfb-below-header-display":"","ast-hfb-mobile-header-display":"","site-post-title":"","ast-breadcrumbs-content":"","ast-featured-img":"","footer-sml-layout":"","theme-transparent-header-meta":"","adv-header-id-meta":"","stick-header-meta":"","header-above-stick-meta":"","header-main-stick-meta":"","header-below-stick-meta":"","astra-migrate-meta-layouts":"set","ast-page-background-enabled":"default","ast-page-background-meta":{"desktop":{"background-color":"","background-image":"","background-repeat":"repeat","background-position":"center center","background-size":"auto","background-attachment":"scroll","background-type":"","background-media":"","overlay-type":"","overlay-color":"","overlay-opacity":"","overlay-gradient":""},"tablet":{"background-color":"","background-image":"","background-repeat":"repeat","background-position":"center center","background-size":"auto","background-attachment":"scroll","background-type":"","background-media":"","overlay-type":"","overlay-color":"","overlay-opacity":"","overlay-gradient":""},"mobile":{"background-color":"","background-image":"","background-repeat":"repeat","background-position":"center center","background-size":"auto","background-attachment":"scroll","background-type":"","background-media":"","overlay-type":"","overlay-color":"","overlay-opacity":"","overlay-gradient":""}},"ast-content-background-meta":{"desktop":{"background-color":"var(--ast-global-color-5)","background-image":"","background-repeat":"repeat","background-position":"center center","background-size":"auto","background-attachment":"scroll","background-type":"","background-media":"","overlay-type":"","overlay-color":"","overlay-opacity":"","overlay-gradient":""},"tablet":{"background-color":"var(--ast-global-color-5)","background-image":"","background-repeat":"repeat","background-position":"center center","background-size":"auto","background-attachment":"scroll","background-type":"","background-media":"","overlay-type":"","overlay-color":"","overlay-opacity":"","overlay-gradient":""},"mobile":{"background-color":"var(--ast-global-color-5)","background-image":"","background-repeat":"repeat","background-position":"center center","background-size":"auto","background-attachment":"scroll","background-type":"","background-media":"","overlay-type":"","overlay-color":"","overlay-opacity":"","overlay-gradient":""}},"footnotes":""},"categories":[44],"tags":[],"class_list":["post-28357","post","type-post","status-publish","format-standard","hentry","category-relais-devangile"],"uagb_featured_image_src":{"full":false,"thumbnail":false,"medium":false,"medium_large":false,"large":false,"1536x1536":false,"2048x2048":false},"uagb_author_info":{"display_name":"Daniel Busnel","author_link":""},"uagb_comment_info":0,"uagb_excerpt":"28\u00e8me Dimanche T. Ordinaire C \u2013 12 octobre 2025 2 R 5, 14-17\u00a0; Ps 97(98)\u00a0; 2Tm 2, 8-13\u00a0; Lc 17, 11-19 Sauv\u00e9s par la Gratitude \u00a0\u00a0\u00a0\u00a0\u00a0\u00a0\u00a0\u00a0 Dans sa lettre aux \u00c9ph\u00e9siens, saint Paul \u00e9crit\u00a0: \u00ab C\u2019est bien par la gr\u00e2ce que vous \u00eates sauv\u00e9s, et par le moyen de la foi. Cela ne vient pas\u2026","_links":{"self":[{"href":"https:\/\/missionnairesmontfortains.fr\/sitevaovao\/wp-json\/wp\/v2\/posts\/28357","targetHints":{"allow":["GET"]}}],"collection":[{"href":"https:\/\/missionnairesmontfortains.fr\/sitevaovao\/wp-json\/wp\/v2\/posts"}],"about":[{"href":"https:\/\/missionnairesmontfortains.fr\/sitevaovao\/wp-json\/wp\/v2\/types\/post"}],"author":[{"embeddable":true,"href":"https:\/\/missionnairesmontfortains.fr\/sitevaovao\/wp-json\/wp\/v2\/users\/3"}],"replies":[{"embeddable":true,"href":"https:\/\/missionnairesmontfortains.fr\/sitevaovao\/wp-json\/wp\/v2\/comments?post=28357"}],"version-history":[{"count":10,"href":"https:\/\/missionnairesmontfortains.fr\/sitevaovao\/wp-json\/wp\/v2\/posts\/28357\/revisions"}],"predecessor-version":[{"id":28398,"href":"https:\/\/missionnairesmontfortains.fr\/sitevaovao\/wp-json\/wp\/v2\/posts\/28357\/revisions\/28398"}],"wp:attachment":[{"href":"https:\/\/missionnairesmontfortains.fr\/sitevaovao\/wp-json\/wp\/v2\/media?parent=28357"}],"wp:term":[{"taxonomy":"category","embeddable":true,"href":"https:\/\/missionnairesmontfortains.fr\/sitevaovao\/wp-json\/wp\/v2\/categories?post=28357"},{"taxonomy":"post_tag","embeddable":true,"href":"https:\/\/missionnairesmontfortains.fr\/sitevaovao\/wp-json\/wp\/v2\/tags?post=28357"}],"curies":[{"name":"wp","href":"https:\/\/api.w.org\/{rel}","templated":true}]}}